{"id":854,"date":"2020-04-13T13:07:55","date_gmt":"2020-04-13T11:07:55","guid":{"rendered":"https:\/\/ouvrir-son-coeur.fr\/?p=854"},"modified":"2020-04-18T20:08:31","modified_gmt":"2020-04-18T18:08:31","slug":"le-pouvoir-des-mots","status":"publish","type":"post","link":"https:\/\/ouvrir-son-coeur.fr\/index.php\/2020\/04\/13\/le-pouvoir-des-mots\/","title":{"rendered":"Le pouvoir des mots"},"content":{"rendered":"\n<figure class=\"wp-block-image size-large\"><img loading=\"lazy\" decoding=\"async\" width=\"1024\" height=\"731\" src=\"https:\/\/ouvrir-son-coeur.fr\/wp-content\/uploads\/2020\/04\/love-1662880_1280-1024x731.jpg\" alt=\"\" class=\"wp-image-869\" srcset=\"https:\/\/ouvrir-son-coeur.fr\/wp-content\/uploads\/2020\/04\/love-1662880_1280-1024x731.jpg 1024w, https:\/\/ouvrir-son-coeur.fr\/wp-content\/uploads\/2020\/04\/love-1662880_1280-300x214.jpg 300w, https:\/\/ouvrir-son-coeur.fr\/wp-content\/uploads\/2020\/04\/love-1662880_1280-768x548.jpg 768w, https:\/\/ouvrir-son-coeur.fr\/wp-content\/uploads\/2020\/04\/love-1662880_1280-1200x857.jpg 1200w, https:\/\/ouvrir-son-coeur.fr\/wp-content\/uploads\/2020\/04\/love-1662880_1280.jpg 1280w\" sizes=\"auto, (max-width: 1024px) 100vw, 1024px\" \/><\/figure>\n\n\n<p style=\"text-align: justify;\">Lorsque nous utilisons la parole, c&rsquo;est pour exprimer une pens\u00e9e. Les pens\u00e9es sont issues d&rsquo;une intention. Les actes sont issus des pens\u00e9es et\/ou des paroles.<\/p>\n<p style=\"text-align: justify;\">Les pens\u00e9es \u00e9mises par notre corps (plus exactement l&rsquo;ensemble de nos corps subtils et physique), sont des ondes \u00e9lectro-magn\u00e9tiques, envoy\u00e9es autour de nous, dans une direction en particulier ou non, et stagnant dans notre univers jusqu&rsquo;\u00e0 ce qu&rsquo;elles soient transmut\u00e9es.<\/p>\n<p style=\"text-align: justify;\">Comme toute onde \u00e9lectromagn\u00e9tique, ce sont des informations, qui se propagent sous forme de vibrations, qui forment des oscillations p\u00e9riodiques. Chaque onde a une amplitude et une vitesse propre, ce qui va d\u00e9terminer sa fr\u00e9quence. Les ondes avec des fr\u00e9quences proches vont se mettre en r\u00e9sonance et amplifier l&rsquo;intensit\u00e9 des ondes, ces ondes amplifi\u00e9es stagnent de la m\u00eame fa\u00e7on dans l&rsquo;univers et, dans le cas des pens\u00e9es, forment des \u00e9gr\u00e9gores.<\/p>\n<p style=\"text-align: justify;\">Les mots sont cr\u00e9\u00e9s pour former un langage, ce qui permet de traduire des informations et des intentions par des symboles.<\/p>\n<p style=\"text-align: justify;\">Les symboles ont vari\u00e9 dans l&rsquo;histoire de notre humanit\u00e9, entre sons, dessins, lettres et nombres. L&rsquo;association des lettres forment des mots et des sons. Chaque symbole porte sa fr\u00e9quence vibratoire propre.<\/p>\n<p style=\"text-align: justify;\">Nous \u00e9mettons des ondes lorsque nous cr\u00e9ons des pens\u00e9es, ainsi que lorsque nous pronon\u00e7ons des mots. Les mots que nous pronon\u00e7ons ne sont pas syst\u00e9matiquement associ\u00e9s \u00e0 nos pens\u00e9es, ce qui cr\u00e9e des ondes avec des fr\u00e9quences diff\u00e9rentes. Certains mots ont un taux vibratoire \u00e9lev\u00e9, d&rsquo;autres plus faibles, en fonction des intentions avec lesquelles ils ont \u00e9t\u00e9 cr\u00e9\u00e9s.<\/p>\n<p style=\"text-align: justify;\">Chaque onde envoy\u00e9e dans l&rsquo;univers, modifie les propri\u00e9t\u00e9s de l&rsquo;espace vibratoire dans lequel elle rentre. Ainsi un humain, qui est \u00e9galement un champs d&rsquo;ondes vibratoire, va \u00eatre affect\u00e9 par une pens\u00e9e ou un mot de basse fr\u00e9quence provenant de lui-m\u00eame ou de l&rsquo;ext\u00e9rieur, s&rsquo;il ne maintient pas sa fr\u00e9quence constamment \u00e9lev\u00e9e. Si l&rsquo;\u00e9cart de fr\u00e9quence entre deux ondes est trop important, elles ne peuvent rentrer en r\u00e9sonance. Les \u00e9nergies \u00e0 haute fr\u00e9quence peuvent ainsi neutraliser les \u00e9nergies \u00e0 basse fr\u00e9quence.<\/p>\n<p style=\"text-align: justify;\">Chaque mot correspond \u00e0 un ou plusieurs symboles associ\u00e9s. Prenons des exemples: Jugement (Dire une loi c&rsquo;est aussi le mental \u00ab\u00a0juge\u00a0\u00bb qui ment), Responsable (r\u00e9pondre de), Ascension (\u00e9l\u00e9vation), Communaut\u00e9 (partager les charges et vivre ensemble), etc.<\/p>\n<p style=\"text-align: justify;\">Le verbe \u00eatre est un verbe puissant car il d\u00e9termine un \u00e9tat d&rsquo;\u00eatre contrairement au verbe avoir qui d\u00e9termine une possession. Or nous cr\u00e9ons gr\u00e2ce \u00e0 la vibration \u00e9mise, donc \u00e0 l&rsquo;\u00e9tat d&rsquo;\u00eatre. Ce que nous poss\u00e9dons ne d\u00e9termine pas notre \u00e9tat d&rsquo;\u00eatre, il influence juste celui-ci. Ainsi si nous souhaitons voir quelque chose se concr\u00e9tiser dans notre vie, il est n\u00e9cessaire de clarifier notre intention et d&rsquo;\u00e9mettre l&rsquo;\u00e9tat d&rsquo;\u00eatre qui va avec.<\/p>\n<p style=\"text-align: justify;\">Les mantras sont efficaces car ce sont des mots percutants, qui ont une haute vibration et qui influencent notre \u00e9tat vibratoire \u00e0 force de r\u00e9p\u00e9tition et de r\u00e9gularit\u00e9.<\/p>\n<p style=\"text-align: justify;\">Ainsi, tout comme le pr\u00e9cise l&rsquo;un des accords tolt\u00e8que, il est important d&rsquo;observer ses pens\u00e9es et ses paroles car, en tant qu&rsquo;\u00e9metteur, nous sommes responsables des vibrations que nous envoyons sur nous et autour de nous.<\/p>\n<p style=\"text-align: justify;\">M\u00eame un mot seul plac\u00e9 dans une conversation, s&rsquo;il n&rsquo;est pas appropri\u00e9 et m\u00eame si cela part d&rsquo;une bonne intention (comme un surnom), peut avoir un effet vibratoire nocif pour soi ou pour autrui. Il est important pour notre \u00e9volution, d&rsquo;utiliser la parole et la pens\u00e9e pour \u00e9mettre des vibrations \u00e9lev\u00e9es, pour construire un monde et une collectivit\u00e9 \u00e0 vibrations \u00e9lev\u00e9es.<\/p>\n\n\n<p><\/p>\n","protected":false},"excerpt":{"rendered":"<p>Lorsque nous utilisons la parole, c&rsquo;est pour exprimer une pens\u00e9e. Les pens\u00e9es sont issues d&rsquo;une intention. Les actes sont issus des pens\u00e9es et\/ou des paroles. Les pens\u00e9es \u00e9mises par notre corps (plus exactement l&rsquo;ensemble de nos corps subtils et physique), sont des ondes \u00e9lectro-magn\u00e9tiques, envoy\u00e9es autour de nous, dans une direction en particulier ou non, &hellip; <\/p>\n<p class=\"link-more\"><a href=\"https:\/\/ouvrir-son-coeur.fr\/index.php\/2020\/04\/13\/le-pouvoir-des-mots\/\" class=\"more-link\">Continue reading<span class=\"screen-reader-text\"> \u00ab\u00a0Le pouvoir des mots\u00a0\u00bb<\/span><\/a><\/p>\n","protected":false},"author":1,"featured_media":869,"comment_status":"closed","ping_status":"closed","sticky":false,"template":"","format":"standard","meta":{"footnotes":""},"categories":[5],"tags":[],"class_list":["post-854","post","type-post","status-publish","format-standard","has-post-thumbnail","hentry","category-evolution-de-conscience"],"yoast_head":"<!-- This site is optimized with the Yoast SEO plugin v27.2 - https:\/\/yoast.com\/product\/yoast-seo-wordpress\/ -->\n<title>Le pouvoir des mots - Delphine ORIEUX<\/title>\n<meta name=\"robots\" content=\"index, follow, max-snippet:-1, max-image-preview:large, max-video-preview:-1\" \/>\n<link rel=\"canonical\" href=\"https:\/\/ouvrir-son-coeur.fr\/index.php\/2020\/04\/13\/le-pouvoir-des-mots\/\" \/>\n<meta property=\"og:locale\" content=\"fr_FR\" \/>\n<meta property=\"og:type\" content=\"article\" \/>\n<meta property=\"og:title\" content=\"Le pouvoir des mots - Delphine ORIEUX\" \/>\n<meta property=\"og:description\" content=\"Lorsque nous utilisons la parole, c&rsquo;est pour exprimer une pens\u00e9e. Les pens\u00e9es sont issues d&rsquo;une intention. Les actes sont issus des pens\u00e9es et\/ou des paroles. Les pens\u00e9es \u00e9mises par notre corps (plus exactement l&rsquo;ensemble de nos corps subtils et physique), sont des ondes \u00e9lectro-magn\u00e9tiques, envoy\u00e9es autour de nous, dans une direction en particulier ou non, &hellip; Continue reading &quot;Le pouvoir des mots&quot;\" \/>\n<meta property=\"og:url\" content=\"https:\/\/ouvrir-son-coeur.fr\/index.php\/2020\/04\/13\/le-pouvoir-des-mots\/\" \/>\n<meta property=\"og:site_name\" content=\"Delphine ORIEUX\" \/>\n<meta property=\"article:published_time\" content=\"2020-04-13T11:07:55+00:00\" \/>\n<meta property=\"article:modified_time\" content=\"2020-04-18T18:08:31+00:00\" \/>\n<meta property=\"og:image\" content=\"https:\/\/ouvrir-son-coeur.fr\/wp-content\/uploads\/2020\/04\/love-1662880_1280-1024x731.jpg\" \/>\n<meta name=\"author\" content=\"Delphine\" \/>\n<meta name=\"twitter:card\" content=\"summary_large_image\" \/>\n<meta name=\"twitter:label1\" content=\"\u00c9crit par\" \/>\n\t<meta name=\"twitter:data1\" content=\"Delphine\" \/>\n\t<meta name=\"twitter:label2\" content=\"Dur\u00e9e de lecture estim\u00e9e\" \/>\n\t<meta name=\"twitter:data2\" content=\"3 minutes\" \/>\n<script type=\"application\/ld+json\" class=\"yoast-schema-graph\">{\"@context\":\"https:\/\/schema.org\",\"@graph\":[{\"@type\":\"Article\",\"@id\":\"https:\/\/ouvrir-son-coeur.fr\/index.php\/2020\/04\/13\/le-pouvoir-des-mots\/#article\",\"isPartOf\":{\"@id\":\"https:\/\/ouvrir-son-coeur.fr\/index.php\/2020\/04\/13\/le-pouvoir-des-mots\/\"},\"author\":{\"name\":\"Delphine\",\"@id\":\"https:\/\/ouvrir-son-coeur.fr\/#\/schema\/person\/79755406436a7adaddb901ee35a4d28c\"},\"headline\":\"Le pouvoir des mots\",\"datePublished\":\"2020-04-13T11:07:55+00:00\",\"dateModified\":\"2020-04-18T18:08:31+00:00\",\"mainEntityOfPage\":{\"@id\":\"https:\/\/ouvrir-son-coeur.fr\/index.php\/2020\/04\/13\/le-pouvoir-des-mots\/\"},\"wordCount\":631,\"publisher\":{\"@id\":\"https:\/\/ouvrir-son-coeur.fr\/#organization\"},\"image\":{\"@id\":\"https:\/\/ouvrir-son-coeur.fr\/index.php\/2020\/04\/13\/le-pouvoir-des-mots\/#primaryimage\"},\"thumbnailUrl\":\"https:\/\/ouvrir-son-coeur.fr\/wp-content\/uploads\/2020\/04\/love-1662880_1280.jpg\",\"articleSection\":[\"Evolution de conscience\"],\"inLanguage\":\"fr-FR\"},{\"@type\":\"WebPage\",\"@id\":\"https:\/\/ouvrir-son-coeur.fr\/index.php\/2020\/04\/13\/le-pouvoir-des-mots\/\",\"url\":\"https:\/\/ouvrir-son-coeur.fr\/index.php\/2020\/04\/13\/le-pouvoir-des-mots\/\",\"name\":\"Le pouvoir des mots - Delphine ORIEUX\",\"isPartOf\":{\"@id\":\"https:\/\/ouvrir-son-coeur.fr\/#website\"},\"primaryImageOfPage\":{\"@id\":\"https:\/\/ouvrir-son-coeur.fr\/index.php\/2020\/04\/13\/le-pouvoir-des-mots\/#primaryimage\"},\"image\":{\"@id\":\"https:\/\/ouvrir-son-coeur.fr\/index.php\/2020\/04\/13\/le-pouvoir-des-mots\/#primaryimage\"},\"thumbnailUrl\":\"https:\/\/ouvrir-son-coeur.fr\/wp-content\/uploads\/2020\/04\/love-1662880_1280.jpg\",\"datePublished\":\"2020-04-13T11:07:55+00:00\",\"dateModified\":\"2020-04-18T18:08:31+00:00\",\"breadcrumb\":{\"@id\":\"https:\/\/ouvrir-son-coeur.fr\/index.php\/2020\/04\/13\/le-pouvoir-des-mots\/#breadcrumb\"},\"inLanguage\":\"fr-FR\",\"potentialAction\":[{\"@type\":\"ReadAction\",\"target\":[\"https:\/\/ouvrir-son-coeur.fr\/index.php\/2020\/04\/13\/le-pouvoir-des-mots\/\"]}]},{\"@type\":\"ImageObject\",\"inLanguage\":\"fr-FR\",\"@id\":\"https:\/\/ouvrir-son-coeur.fr\/index.php\/2020\/04\/13\/le-pouvoir-des-mots\/#primaryimage\",\"url\":\"https:\/\/ouvrir-son-coeur.fr\/wp-content\/uploads\/2020\/04\/love-1662880_1280.jpg\",\"contentUrl\":\"https:\/\/ouvrir-son-coeur.fr\/wp-content\/uploads\/2020\/04\/love-1662880_1280.jpg\",\"width\":1280,\"height\":914},{\"@type\":\"BreadcrumbList\",\"@id\":\"https:\/\/ouvrir-son-coeur.fr\/index.php\/2020\/04\/13\/le-pouvoir-des-mots\/#breadcrumb\",\"itemListElement\":[{\"@type\":\"ListItem\",\"position\":1,\"name\":\"Accueil\",\"item\":\"https:\/\/ouvrir-son-coeur.fr\/\"},{\"@type\":\"ListItem\",\"position\":2,\"name\":\"Le pouvoir des mots\"}]},{\"@type\":\"WebSite\",\"@id\":\"https:\/\/ouvrir-son-coeur.fr\/#website\",\"url\":\"https:\/\/ouvrir-son-coeur.fr\/\",\"name\":\"Delphine ORIEUX\",\"description\":\"Ouvrir son coeur pour un retour \u00e0 soi\",\"publisher\":{\"@id\":\"https:\/\/ouvrir-son-coeur.fr\/#organization\"},\"potentialAction\":[{\"@type\":\"SearchAction\",\"target\":{\"@type\":\"EntryPoint\",\"urlTemplate\":\"https:\/\/ouvrir-son-coeur.fr\/?s={search_term_string}\"},\"query-input\":{\"@type\":\"PropertyValueSpecification\",\"valueRequired\":true,\"valueName\":\"search_term_string\"}}],\"inLanguage\":\"fr-FR\"},{\"@type\":\"Organization\",\"@id\":\"https:\/\/ouvrir-son-coeur.fr\/#organization\",\"name\":\"Delphine ORIEUX\",\"url\":\"https:\/\/ouvrir-son-coeur.fr\/\",\"logo\":{\"@type\":\"ImageObject\",\"inLanguage\":\"fr-FR\",\"@id\":\"https:\/\/ouvrir-son-coeur.fr\/#\/schema\/logo\/image\/\",\"url\":\"https:\/\/ouvrir-son-coeur.fr\/wp-content\/uploads\/2019\/10\/cropped-71673114_2509801119097527_6138808206555611136_o-15.jpg\",\"contentUrl\":\"https:\/\/ouvrir-son-coeur.fr\/wp-content\/uploads\/2019\/10\/cropped-71673114_2509801119097527_6138808206555611136_o-15.jpg\",\"width\":546,\"height\":505,\"caption\":\"Delphine ORIEUX\"},\"image\":{\"@id\":\"https:\/\/ouvrir-son-coeur.fr\/#\/schema\/logo\/image\/\"}},{\"@type\":\"Person\",\"@id\":\"https:\/\/ouvrir-son-coeur.fr\/#\/schema\/person\/79755406436a7adaddb901ee35a4d28c\",\"name\":\"Delphine\",\"image\":{\"@type\":\"ImageObject\",\"inLanguage\":\"fr-FR\",\"@id\":\"https:\/\/secure.gravatar.com\/avatar\/4feb5ead4d5221e0fd82faeb7afb26cb5db06cdb420750aab1923c6a5e1ac1ac?s=96&d=mm&r=g\",\"url\":\"https:\/\/secure.gravatar.com\/avatar\/4feb5ead4d5221e0fd82faeb7afb26cb5db06cdb420750aab1923c6a5e1ac1ac?s=96&d=mm&r=g\",\"contentUrl\":\"https:\/\/secure.gravatar.com\/avatar\/4feb5ead4d5221e0fd82faeb7afb26cb5db06cdb420750aab1923c6a5e1ac1ac?s=96&d=mm&r=g\",\"caption\":\"Delphine\"},\"url\":\"https:\/\/ouvrir-son-coeur.fr\/index.php\/author\/admin2719\/\"}]}<\/script>\n<!-- \/ Yoast SEO plugin. -->","yoast_head_json":{"title":"Le pouvoir des mots - Delphine ORIEUX","robots":{"index":"index","follow":"follow","max-snippet":"max-snippet:-1","max-image-preview":"max-image-preview:large","max-video-preview":"max-video-preview:-1"},"canonical":"https:\/\/ouvrir-son-coeur.fr\/index.php\/2020\/04\/13\/le-pouvoir-des-mots\/","og_locale":"fr_FR","og_type":"article","og_title":"Le pouvoir des mots - Delphine ORIEUX","og_description":"Lorsque nous utilisons la parole, c&rsquo;est pour exprimer une pens\u00e9e. Les pens\u00e9es sont issues d&rsquo;une intention. Les actes sont issus des pens\u00e9es et\/ou des paroles. Les pens\u00e9es \u00e9mises par notre corps (plus exactement l&rsquo;ensemble de nos corps subtils et physique), sont des ondes \u00e9lectro-magn\u00e9tiques, envoy\u00e9es autour de nous, dans une direction en particulier ou non, &hellip; Continue reading \"Le pouvoir des mots\"","og_url":"https:\/\/ouvrir-son-coeur.fr\/index.php\/2020\/04\/13\/le-pouvoir-des-mots\/","og_site_name":"Delphine ORIEUX","article_published_time":"2020-04-13T11:07:55+00:00","article_modified_time":"2020-04-18T18:08:31+00:00","og_image":[{"url":"https:\/\/ouvrir-son-coeur.fr\/wp-content\/uploads\/2020\/04\/love-1662880_1280-1024x731.jpg","type":"","width":"","height":""}],"author":"Delphine","twitter_card":"summary_large_image","twitter_misc":{"\u00c9crit par":"Delphine","Dur\u00e9e de lecture estim\u00e9e":"3 minutes"},"schema":{"@context":"https:\/\/schema.org","@graph":[{"@type":"Article","@id":"https:\/\/ouvrir-son-coeur.fr\/index.php\/2020\/04\/13\/le-pouvoir-des-mots\/#article","isPartOf":{"@id":"https:\/\/ouvrir-son-coeur.fr\/index.php\/2020\/04\/13\/le-pouvoir-des-mots\/"},"author":{"name":"Delphine","@id":"https:\/\/ouvrir-son-coeur.fr\/#\/schema\/person\/79755406436a7adaddb901ee35a4d28c"},"headline":"Le pouvoir des mots","datePublished":"2020-04-13T11:07:55+00:00","dateModified":"2020-04-18T18:08:31+00:00","mainEntityOfPage":{"@id":"https:\/\/ouvrir-son-coeur.fr\/index.php\/2020\/04\/13\/le-pouvoir-des-mots\/"},"wordCount":631,"publisher":{"@id":"https:\/\/ouvrir-son-coeur.fr\/#organization"},"image":{"@id":"https:\/\/ouvrir-son-coeur.fr\/index.php\/2020\/04\/13\/le-pouvoir-des-mots\/#primaryimage"},"thumbnailUrl":"https:\/\/ouvrir-son-coeur.fr\/wp-content\/uploads\/2020\/04\/love-1662880_1280.jpg","articleSection":["Evolution de conscience"],"inLanguage":"fr-FR"},{"@type":"WebPage","@id":"https:\/\/ouvrir-son-coeur.fr\/index.php\/2020\/04\/13\/le-pouvoir-des-mots\/","url":"https:\/\/ouvrir-son-coeur.fr\/index.php\/2020\/04\/13\/le-pouvoir-des-mots\/","name":"Le pouvoir des mots - Delphine ORIEUX","isPartOf":{"@id":"https:\/\/ouvrir-son-coeur.fr\/#website"},"primaryImageOfPage":{"@id":"https:\/\/ouvrir-son-coeur.fr\/index.php\/2020\/04\/13\/le-pouvoir-des-mots\/#primaryimage"},"image":{"@id":"https:\/\/ouvrir-son-coeur.fr\/index.php\/2020\/04\/13\/le-pouvoir-des-mots\/#primaryimage"},"thumbnailUrl":"https:\/\/ouvrir-son-coeur.fr\/wp-content\/uploads\/2020\/04\/love-1662880_1280.jpg","datePublished":"2020-04-13T11:07:55+00:00","dateModified":"2020-04-18T18:08:31+00:00","breadcrumb":{"@id":"https:\/\/ouvrir-son-coeur.fr\/index.php\/2020\/04\/13\/le-pouvoir-des-mots\/#breadcrumb"},"inLanguage":"fr-FR","potentialAction":[{"@type":"ReadAction","target":["https:\/\/ouvrir-son-coeur.fr\/index.php\/2020\/04\/13\/le-pouvoir-des-mots\/"]}]},{"@type":"ImageObject","inLanguage":"fr-FR","@id":"https:\/\/ouvrir-son-coeur.fr\/index.php\/2020\/04\/13\/le-pouvoir-des-mots\/#primaryimage","url":"https:\/\/ouvrir-son-coeur.fr\/wp-content\/uploads\/2020\/04\/love-1662880_1280.jpg","contentUrl":"https:\/\/ouvrir-son-coeur.fr\/wp-content\/uploads\/2020\/04\/love-1662880_1280.jpg","width":1280,"height":914},{"@type":"BreadcrumbList","@id":"https:\/\/ouvrir-son-coeur.fr\/index.php\/2020\/04\/13\/le-pouvoir-des-mots\/#breadcrumb","itemListElement":[{"@type":"ListItem","position":1,"name":"Accueil","item":"https:\/\/ouvrir-son-coeur.fr\/"},{"@type":"ListItem","position":2,"name":"Le pouvoir des mots"}]},{"@type":"WebSite","@id":"https:\/\/ouvrir-son-coeur.fr\/#website","url":"https:\/\/ouvrir-son-coeur.fr\/","name":"Delphine ORIEUX","description":"Ouvrir son coeur pour un retour \u00e0 soi","publisher":{"@id":"https:\/\/ouvrir-son-coeur.fr\/#organization"},"potentialAction":[{"@type":"SearchAction","target":{"@type":"EntryPoint","urlTemplate":"https:\/\/ouvrir-son-coeur.fr\/?s={search_term_string}"},"query-input":{"@type":"PropertyValueSpecification","valueRequired":true,"valueName":"search_term_string"}}],"inLanguage":"fr-FR"},{"@type":"Organization","@id":"https:\/\/ouvrir-son-coeur.fr\/#organization","name":"Delphine ORIEUX","url":"https:\/\/ouvrir-son-coeur.fr\/","logo":{"@type":"ImageObject","inLanguage":"fr-FR","@id":"https:\/\/ouvrir-son-coeur.fr\/#\/schema\/logo\/image\/","url":"https:\/\/ouvrir-son-coeur.fr\/wp-content\/uploads\/2019\/10\/cropped-71673114_2509801119097527_6138808206555611136_o-15.jpg","contentUrl":"https:\/\/ouvrir-son-coeur.fr\/wp-content\/uploads\/2019\/10\/cropped-71673114_2509801119097527_6138808206555611136_o-15.jpg","width":546,"height":505,"caption":"Delphine ORIEUX"},"image":{"@id":"https:\/\/ouvrir-son-coeur.fr\/#\/schema\/logo\/image\/"}},{"@type":"Person","@id":"https:\/\/ouvrir-son-coeur.fr\/#\/schema\/person\/79755406436a7adaddb901ee35a4d28c","name":"Delphine","image":{"@type":"ImageObject","inLanguage":"fr-FR","@id":"https:\/\/secure.gravatar.com\/avatar\/4feb5ead4d5221e0fd82faeb7afb26cb5db06cdb420750aab1923c6a5e1ac1ac?s=96&d=mm&r=g","url":"https:\/\/secure.gravatar.com\/avatar\/4feb5ead4d5221e0fd82faeb7afb26cb5db06cdb420750aab1923c6a5e1ac1ac?s=96&d=mm&r=g","contentUrl":"https:\/\/secure.gravatar.com\/avatar\/4feb5ead4d5221e0fd82faeb7afb26cb5db06cdb420750aab1923c6a5e1ac1ac?s=96&d=mm&r=g","caption":"Delphine"},"url":"https:\/\/ouvrir-son-coeur.fr\/index.php\/author\/admin2719\/"}]}},"_links":{"self":[{"href":"https:\/\/ouvrir-son-coeur.fr\/index.php\/wp-json\/wp\/v2\/posts\/854","targetHints":{"allow":["GET"]}}],"collection":[{"href":"https:\/\/ouvrir-son-coeur.fr\/index.php\/wp-json\/wp\/v2\/posts"}],"about":[{"href":"https:\/\/ouvrir-son-coeur.fr\/index.php\/wp-json\/wp\/v2\/types\/post"}],"author":[{"embeddable":true,"href":"https:\/\/ouvrir-son-coeur.fr\/index.php\/wp-json\/wp\/v2\/users\/1"}],"replies":[{"embeddable":true,"href":"https:\/\/ouvrir-son-coeur.fr\/index.php\/wp-json\/wp\/v2\/comments?post=854"}],"version-history":[{"count":17,"href":"https:\/\/ouvrir-son-coeur.fr\/index.php\/wp-json\/wp\/v2\/posts\/854\/revisions"}],"predecessor-version":[{"id":889,"href":"https:\/\/ouvrir-son-coeur.fr\/index.php\/wp-json\/wp\/v2\/posts\/854\/revisions\/889"}],"wp:featuredmedia":[{"embeddable":true,"href":"https:\/\/ouvrir-son-coeur.fr\/index.php\/wp-json\/wp\/v2\/media\/869"}],"wp:attachment":[{"href":"https:\/\/ouvrir-son-coeur.fr\/index.php\/wp-json\/wp\/v2\/media?parent=854"}],"wp:term":[{"taxonomy":"category","embeddable":true,"href":"https:\/\/ouvrir-son-coeur.fr\/index.php\/wp-json\/wp\/v2\/categories?post=854"},{"taxonomy":"post_tag","embeddable":true,"href":"https:\/\/ouvrir-son-coeur.fr\/index.php\/wp-json\/wp\/v2\/tags?post=854"}],"curies":[{"name":"wp","href":"https:\/\/api.w.org\/{rel}","templated":true}]}}