{"id":738,"date":"2020-03-06T23:16:30","date_gmt":"2020-03-06T22:16:30","guid":{"rendered":"https:\/\/ouvrir-son-coeur.fr\/?p=738"},"modified":"2020-03-06T23:25:40","modified_gmt":"2020-03-06T22:25:40","slug":"la-lumiere-a-tous-les-etages","status":"publish","type":"post","link":"https:\/\/ouvrir-son-coeur.fr\/index.php\/2020\/03\/06\/la-lumiere-a-tous-les-etages\/","title":{"rendered":"La lumi\u00e8re \u00e0 tous les \u00e9tages"},"content":{"rendered":"\n<figure class=\"wp-block-image size-large\"><img loading=\"lazy\" decoding=\"async\" width=\"1024\" height=\"682\" src=\"https:\/\/ouvrir-son-coeur.fr\/wp-content\/uploads\/2020\/03\/climb-2125148_1280-1024x682.jpg\" alt=\"\" class=\"wp-image-755\" srcset=\"https:\/\/ouvrir-son-coeur.fr\/wp-content\/uploads\/2020\/03\/climb-2125148_1280-1024x682.jpg 1024w, https:\/\/ouvrir-son-coeur.fr\/wp-content\/uploads\/2020\/03\/climb-2125148_1280-300x200.jpg 300w, https:\/\/ouvrir-son-coeur.fr\/wp-content\/uploads\/2020\/03\/climb-2125148_1280-768x512.jpg 768w, https:\/\/ouvrir-son-coeur.fr\/wp-content\/uploads\/2020\/03\/climb-2125148_1280-1200x800.jpg 1200w, https:\/\/ouvrir-son-coeur.fr\/wp-content\/uploads\/2020\/03\/climb-2125148_1280.jpg 1280w\" sizes=\"auto, (max-width: 1024px) 100vw, 1024px\" \/><\/figure>\n\n\n<p style=\"text-align: justify;\">Nous sommes lumi\u00e8re, comme un rayon qui \u00e9mane d&rsquo;une source lumineuse et qui s&rsquo;\u00e9tend ind\u00e9finiment. Pour se rendre compte de qui elle est, cette lumi\u00e8re a d\u00e9cid\u00e9 d&rsquo;aller placer sa conscience \u00e0 diff\u00e9rents \u00e9tages du rayon, du plus bas au plus haut, de l&rsquo;infiniment petit \u00e0 l&rsquo;infiniment grand.<\/p>\n<p style=\"text-align: justify;\">Pour prendre conscience de sa vraie nature, elle a d\u00fb s&rsquo;imaginer un monde dans lequel vivent en interrelation plusieurs autres lumi\u00e8res qui ont aussi leur propre conscience, ainsi cela cr\u00e9e des situations o\u00f9 elle se retrouve non plus une seule lumi\u00e8re mais plusieurs lumi\u00e8res qui interagissent et qui par effet miroir se montrent des facettes d&rsquo;elles-m\u00eames. Par ces interactions, ces diff\u00e9rents aspects mis en \u00e9vidence lui permettent d&rsquo;exp\u00e9rimenter de nombreux \u00e9tats d&rsquo;\u00eatre afin d&rsquo;\u00e9talonner et de choisir parmi tous ces \u00e9tats lequel est en alignement avec sa vraie nature, qui est la lumi\u00e8re (l&rsquo;amour inconditionnel).<\/p>\n<p style=\"text-align: justify;\">Les exp\u00e9riences se produisent par paliers, pour que graduellement cette lumi\u00e8re \u00e9limine les \u00e9tats d&rsquo;\u00eatre avec lesquels elle ne s&rsquo;identifie pas. La conscience plac\u00e9e \u00e0 un \u00e9tage inf\u00e9rieur s&rsquo;\u00e9l\u00e8ve \u00e0 l&rsquo;\u00e9tage sup\u00e9rieur et ainsi de suite, dans le but de trouver cet alignement avec sa vraie nature jusqu&rsquo;\u00e0 ce que cette lumi\u00e8re aille de nouveau fusionner sa conscience avec sa source.<\/p>\n<p style=\"text-align: justify;\">La conscience de cette lumi\u00e8re plac\u00e9e \u00e0 un \u00e9tage inf\u00e9rieur est aid\u00e9e, de par la puissance du rayonnement qui part de la source, par la conscience plac\u00e9e \u00e0 l&rsquo;\u00e9tage sup\u00e9rieur. Ce qui conduit indubitablement \u00e0 l&rsquo;\u00e9volution de cette conscience de l&rsquo;\u00e9tage inf\u00e9rieur. Ce qui implique que progressivement, la lumi\u00e8re finit par rayonner \u00e0 tous les \u00e9tages.<\/p>\n<p style=\"text-align: justify;\">Concr\u00e8tement, dans notre vie actuelle, apr\u00e8s \u00eatre pass\u00e9s par diff\u00e9rents paliers qui nous ont permis de faire \u00e9voluer notre conscience l\u00e0 o\u00f9 elle en est aujourd&rsquo;hui, nous sommes en train d&rsquo;\u00e9lever notre conscience \u00e0 l&rsquo;\u00e9tage sup\u00e9rieur. A cet \u00e9tage nous \u00e9cartons les choix de tous ces \u00e9tats d&rsquo;\u00eatre qui nous font nous identifier \u00e0 une lumi\u00e8re s\u00e9par\u00e9e des autres et ainsi supprimer toute exp\u00e9rience de dualit\u00e9 avec toutes les autres lumi\u00e8res.<\/p>\n<p style=\"text-align: justify;\">En pratique, comment sortir d\u00e9finitivement de ces choix d&rsquo;\u00e9tats d&rsquo;\u00eatre de s\u00e9paration pour \u00e0 la place choisir des \u00e9tats d&rsquo;\u00eatre d&rsquo;unification, afin de vivre des exp\u00e9riences o\u00f9 nous avons conscience d&rsquo;\u00eatre tous issus de la m\u00eame source?!<\/p>\n<p style=\"text-align: justify;\">Nous nous sommes cr\u00e9es de nombreux sc\u00e9narios dans les exp\u00e9riences v\u00e9cues et imagin\u00e9es dans les \u00e9tages inf\u00e9rieurs. Ces vies dans ce th\u00e9\u00e2tre virtuel dans lequel nous sommes, ont laiss\u00e9 des traces \u00e9motionnelles fortes qui continuent d&rsquo;influencer nos choix \u00e0 chaque instant.<\/p>\n<p style=\"text-align: justify;\">Nous pouvons dissoudre ces traces \u00e9motionnelles, que l&rsquo;on appelle m\u00e9moires karmiques, transg\u00e9n\u00e9rationnelles ou personnelles, qui sont en fait des \u00e9motions qui ont laiss\u00e9 des traces dans nos cellules, l&rsquo;ADN \u00e9tant le si\u00e8ge de toutes les informations nous constituant, permettant l&rsquo;expression m\u00eame de la vie.<\/p>\n<p style=\"text-align: justify;\">Nous pouvons \u00e9galement nous sortir des conditionnements et croyances qui nous ont enferm\u00e9 dans des sch\u00e9mas r\u00e9p\u00e9titifs et qui nous ont pouss\u00e9 \u00e0 faire des choix d&rsquo;\u00e9tats d&rsquo;\u00eatre qui nous \u00e9loignent de l&rsquo;\u00e9tat d&rsquo;\u00eatre de notre source lumineuse.<\/p>\n<p style=\"text-align: justify;\">Comme des couches d&rsquo;oignons, nous \u00e9pluchons toutes ces traces \u00e9motionnelles et tous ces freins mentaux pour atteindre notre c\u0153ur afin de pouvoir aligner nos choix d&rsquo;\u00e9tats d&rsquo;\u00eatre avec notre source.<\/p>\n<p style=\"text-align: justify;\">Pour cela, chacun est pouss\u00e9 \u00e0 faire les choix qui lui conviennent le mieux, selon ce qu&rsquo;il a \u00e0 lib\u00e9rer, en fonction des moments de sa vie et des personnes qu&rsquo;il rencontre. Ces choix vont mettre en \u00e9vidence les \u00e9motions \u00e0 lib\u00e9rer et les situations limitantes r\u00e9p\u00e9titives vont mettre en avant les croyances qui nous limitent.<\/p>\n<p style=\"text-align: justify;\">Allons-nous choisir de revivre ces \u00e9motions, pour les lib\u00e9rer et de remettre en question ces croyances, qui nous emp\u00eachent d&rsquo;acc\u00e9der \u00e0 ce que l&rsquo;on souhaite, ou choisissons-nous de continuer \u00e0 faire des choix, qui ne sont pas align\u00e9s avec notre nature lumineuse et dans ce cas-l\u00e0, de continuer \u00e0 vivre des exp\u00e9riences de s\u00e9paration et de dualit\u00e9 int\u00e9rieure, \u00e0 travers les situations ext\u00e9rieures?!<\/p>\n<p style=\"text-align: justify;\">Nous pouvons aussi choisir de prendre l&rsquo;ascenseur et d&rsquo;aller placer directement notre conscience \u00e0 l&rsquo;\u00e9tage sup\u00e9rieur, pour se faire aider par notre conscience sup\u00e9rieure, qui elle aligne ses choix sur des \u00e9tats d&rsquo;\u00eatre unifi\u00e9s et, petit \u00e0 petit, allumer tout l&rsquo;\u00e9tage inf\u00e9rieur, pi\u00e8ce par pi\u00e8ce, \u00e9motion par \u00e9motion, situation par situation, croyance par croyance, jusqu\u2019\u00e0 fusionner avec notre conscience sup\u00e9rieure.<\/p>\n<p style=\"text-align: justify;\">Pour cela, nous pouvons nous int\u00e9rioriser, pour se retrouver \u00e0 l&rsquo;int\u00e9rieur de soi, dans le silence (en baissant le son du mental), et\/ou en \u00e9tant au contact de la nature et en se laissant \u00e9merveiller par l&rsquo;amour qu&rsquo;elle \u00e9mane. Cela consiste \u00e0 laisser tout son \u00eatre s&rsquo;impr\u00e9gner d&rsquo;un sentiment d&rsquo;amour profond, inconditionnel et infini pour soi et tout ce qui nous entoure.<\/p>\n<p style=\"text-align: justify;\">Ce v\u00e9ritable amour pour soi et pour le reste, c&rsquo;est la clef de la volont\u00e9, du pardon, de la gu\u00e9rison, de la lib\u00e9ration, de la transmutation, de la r\u00e9surrection et de l&rsquo;ascension (au niveau sup\u00e9rieur). C&rsquo;est dans cet \u00e9tat d&rsquo;\u00eatre que nous pouvons dissoudre, \u00e9tape par \u00e9tape, toutes ces situations, \u00e9motions, peurs et croyances.<\/p>\n<p style=\"text-align: justify;\">En se replongeant int\u00e9rieurement dans la situation ou blessure \u00e9motionnelle, sans chercher \u00e0 r\u00e9fl\u00e9chir, en se laissant guider par son intuition, nous revenons \u00e0 la source du conflit, nous reconnaissons les parties de nous-m\u00eame qui ont manqu\u00e9 d&rsquo;amour et nous nous pardonnons, en ressentant cet amour inconditionnel pour soi, la lib\u00e9ration s&rsquo;ensuit instantan\u00e9ment.<\/p>\n<p style=\"text-align: justify;\">Pour les fausses croyances, une fois identifi\u00e9es, nous nous rendons compte qu&rsquo;elle ne nous correspondent pas alors nous ne leur accordons plus aucune attention, ni aucune \u00e9motion et celles-ci disparaissent de notre champs de conscience.<\/p>\n<p style=\"text-align: justify;\">L&rsquo;acc\u00e8s \u00e0 l&rsquo;\u00e9tage sup\u00e9rieur, c&rsquo;est une succession de morts des \u00e9tats d&rsquo;\u00eatre qui ne sont pas en alignement avec notre source, qui nous conduisent \u00e0 la r\u00e9surrection de notre \u00eatre, qui va fusionner avec notre conscience sup\u00e9rieure (notre pr\u00e9sence \u00ab\u00a0je suis\u00a0\u00bb, notre Soi, notre source) pour ascensionner jusqu&rsquo;au palier sup\u00e9rieur (5\u00e8me dimension, corps causal).<\/p>\n<p style=\"text-align: justify;\">Et ainsi de suite, puisque nous aurons d&rsquo;autres \u00e9tages \u00e0 mettre en lumi\u00e8re jusqu&rsquo;\u00e0 fusionner avec la source originelle, soit cette source de lumi\u00e8re qui est source de toute vie, la source des sources.<\/p>\n<p style=\"text-align: justify;\">Aujourd&rsquo;hui, nous sommes aid\u00e9s par les pulsations de la lumi\u00e8re source, qui poussent toutes formes de vies \u00e0 la surface de la Terre, la Terre elle-m\u00eame, et tout le reste de l&rsquo;univers \u00e0 passer \u00e0 l&rsquo;\u00e9tage sup\u00e9rieur. Le temps et l&rsquo;espace, n&rsquo;\u00e9tant que la baguette du chef d&rsquo;orchestre de cette com\u00e9die musicale virtuelle, que notre lumi\u00e8re source a imagin\u00e9 pour exp\u00e9rimenter diff\u00e9rents \u00e9tats d&rsquo;\u00eatre, seuls les \u00e9tages les plus inf\u00e9rieurs sont encore dans le processus d&rsquo;ascension. Les \u00e9tages sup\u00e9rieurs n&rsquo;\u00e9tant pas dans des dimensions r\u00e9gies par le temps, le passage a d\u00e9j\u00e0 a eu lieu pour eux.<\/p>\n<p style=\"text-align: justify;\">Cette source originelle vivante respire, le souffle de vie \u00e9tend et contracte l&rsquo;univers. Nous sommes un \u00e9l\u00e9ment de cet univers et nous revenons petit \u00e0 petit \u00e0 notre maison originelle, dans la source qui est en pleine inspiration.<\/p>\n<p style=\"text-align: justify;\">A l&rsquo;\u00e9chelle de notre vie, que nous reste-t-il \u00e0 mettre en lumi\u00e8re pour passer \u00e0 l&rsquo;\u00e9tage sup\u00e9rieur?<\/p>","protected":false},"excerpt":{"rendered":"<p>Nous sommes lumi\u00e8re, comme un rayon qui \u00e9mane d&rsquo;une source lumineuse et qui s&rsquo;\u00e9tend ind\u00e9finiment. Pour se rendre compte de qui elle est, cette lumi\u00e8re a d\u00e9cid\u00e9 d&rsquo;aller placer sa conscience \u00e0 diff\u00e9rents \u00e9tages du rayon, du plus bas au plus haut, de l&rsquo;infiniment petit \u00e0 l&rsquo;infiniment grand. Pour prendre conscience de sa vraie nature, &hellip; <\/p>\n<p class=\"link-more\"><a href=\"https:\/\/ouvrir-son-coeur.fr\/index.php\/2020\/03\/06\/la-lumiere-a-tous-les-etages\/\" class=\"more-link\">Continue reading<span class=\"screen-reader-text\"> \u00ab\u00a0La lumi\u00e8re \u00e0 tous les \u00e9tages\u00a0\u00bb<\/span><\/a><\/p>\n","protected":false},"author":1,"featured_media":755,"comment_status":"closed","ping_status":"closed","sticky":false,"template":"","format":"standard","meta":{"footnotes":""},"categories":[5],"tags":[],"class_list":["post-738","post","type-post","status-publish","format-standard","has-post-thumbnail","hentry","category-evolution-de-conscience"],"yoast_head":"<!-- This site is optimized with the Yoast SEO plugin v27.2 - https:\/\/yoast.com\/product\/yoast-seo-wordpress\/ -->\n<title>La lumi\u00e8re \u00e0 tous les \u00e9tages - Delphine ORIEUX<\/title>\n<meta name=\"robots\" content=\"index, follow, max-snippet:-1, max-image-preview:large, max-video-preview:-1\" \/>\n<link rel=\"canonical\" href=\"https:\/\/ouvrir-son-coeur.fr\/index.php\/2020\/03\/06\/la-lumiere-a-tous-les-etages\/\" \/>\n<meta property=\"og:locale\" content=\"fr_FR\" \/>\n<meta property=\"og:type\" content=\"article\" \/>\n<meta property=\"og:title\" content=\"La lumi\u00e8re \u00e0 tous les \u00e9tages - Delphine ORIEUX\" \/>\n<meta property=\"og:description\" content=\"Nous sommes lumi\u00e8re, comme un rayon qui \u00e9mane d&rsquo;une source lumineuse et qui s&rsquo;\u00e9tend ind\u00e9finiment. Pour se rendre compte de qui elle est, cette lumi\u00e8re a d\u00e9cid\u00e9 d&rsquo;aller placer sa conscience \u00e0 diff\u00e9rents \u00e9tages du rayon, du plus bas au plus haut, de l&rsquo;infiniment petit \u00e0 l&rsquo;infiniment grand. Pour prendre conscience de sa vraie nature, &hellip; Continue reading &quot;La lumi\u00e8re \u00e0 tous les \u00e9tages&quot;\" \/>\n<meta property=\"og:url\" content=\"https:\/\/ouvrir-son-coeur.fr\/index.php\/2020\/03\/06\/la-lumiere-a-tous-les-etages\/\" \/>\n<meta property=\"og:site_name\" content=\"Delphine ORIEUX\" \/>\n<meta property=\"article:published_time\" content=\"2020-03-06T22:16:30+00:00\" \/>\n<meta property=\"article:modified_time\" content=\"2020-03-06T22:25:40+00:00\" \/>\n<meta property=\"og:image\" content=\"https:\/\/ouvrir-son-coeur.fr\/wp-content\/uploads\/2020\/03\/climb-2125148_1280-1024x682.jpg\" \/>\n<meta name=\"author\" content=\"Delphine\" \/>\n<meta name=\"twitter:card\" content=\"summary_large_image\" \/>\n<meta name=\"twitter:label1\" content=\"\u00c9crit par\" \/>\n\t<meta name=\"twitter:data1\" content=\"Delphine\" \/>\n\t<meta name=\"twitter:label2\" content=\"Dur\u00e9e de lecture estim\u00e9e\" \/>\n\t<meta name=\"twitter:data2\" content=\"6 minutes\" \/>\n<script type=\"application\/ld+json\" class=\"yoast-schema-graph\">{\"@context\":\"https:\/\/schema.org\",\"@graph\":[{\"@type\":\"Article\",\"@id\":\"https:\/\/ouvrir-son-coeur.fr\/index.php\/2020\/03\/06\/la-lumiere-a-tous-les-etages\/#article\",\"isPartOf\":{\"@id\":\"https:\/\/ouvrir-son-coeur.fr\/index.php\/2020\/03\/06\/la-lumiere-a-tous-les-etages\/\"},\"author\":{\"name\":\"Delphine\",\"@id\":\"https:\/\/ouvrir-son-coeur.fr\/#\/schema\/person\/79755406436a7adaddb901ee35a4d28c\"},\"headline\":\"La lumi\u00e8re \u00e0 tous les \u00e9tages\",\"datePublished\":\"2020-03-06T22:16:30+00:00\",\"dateModified\":\"2020-03-06T22:25:40+00:00\",\"mainEntityOfPage\":{\"@id\":\"https:\/\/ouvrir-son-coeur.fr\/index.php\/2020\/03\/06\/la-lumiere-a-tous-les-etages\/\"},\"wordCount\":1264,\"publisher\":{\"@id\":\"https:\/\/ouvrir-son-coeur.fr\/#organization\"},\"image\":{\"@id\":\"https:\/\/ouvrir-son-coeur.fr\/index.php\/2020\/03\/06\/la-lumiere-a-tous-les-etages\/#primaryimage\"},\"thumbnailUrl\":\"https:\/\/ouvrir-son-coeur.fr\/wp-content\/uploads\/2020\/03\/climb-2125148_1280.jpg\",\"articleSection\":[\"Evolution de conscience\"],\"inLanguage\":\"fr-FR\"},{\"@type\":\"WebPage\",\"@id\":\"https:\/\/ouvrir-son-coeur.fr\/index.php\/2020\/03\/06\/la-lumiere-a-tous-les-etages\/\",\"url\":\"https:\/\/ouvrir-son-coeur.fr\/index.php\/2020\/03\/06\/la-lumiere-a-tous-les-etages\/\",\"name\":\"La lumi\u00e8re \u00e0 tous les \u00e9tages - Delphine ORIEUX\",\"isPartOf\":{\"@id\":\"https:\/\/ouvrir-son-coeur.fr\/#website\"},\"primaryImageOfPage\":{\"@id\":\"https:\/\/ouvrir-son-coeur.fr\/index.php\/2020\/03\/06\/la-lumiere-a-tous-les-etages\/#primaryimage\"},\"image\":{\"@id\":\"https:\/\/ouvrir-son-coeur.fr\/index.php\/2020\/03\/06\/la-lumiere-a-tous-les-etages\/#primaryimage\"},\"thumbnailUrl\":\"https:\/\/ouvrir-son-coeur.fr\/wp-content\/uploads\/2020\/03\/climb-2125148_1280.jpg\",\"datePublished\":\"2020-03-06T22:16:30+00:00\",\"dateModified\":\"2020-03-06T22:25:40+00:00\",\"breadcrumb\":{\"@id\":\"https:\/\/ouvrir-son-coeur.fr\/index.php\/2020\/03\/06\/la-lumiere-a-tous-les-etages\/#breadcrumb\"},\"inLanguage\":\"fr-FR\",\"potentialAction\":[{\"@type\":\"ReadAction\",\"target\":[\"https:\/\/ouvrir-son-coeur.fr\/index.php\/2020\/03\/06\/la-lumiere-a-tous-les-etages\/\"]}]},{\"@type\":\"ImageObject\",\"inLanguage\":\"fr-FR\",\"@id\":\"https:\/\/ouvrir-son-coeur.fr\/index.php\/2020\/03\/06\/la-lumiere-a-tous-les-etages\/#primaryimage\",\"url\":\"https:\/\/ouvrir-son-coeur.fr\/wp-content\/uploads\/2020\/03\/climb-2125148_1280.jpg\",\"contentUrl\":\"https:\/\/ouvrir-son-coeur.fr\/wp-content\/uploads\/2020\/03\/climb-2125148_1280.jpg\",\"width\":1280,\"height\":853},{\"@type\":\"BreadcrumbList\",\"@id\":\"https:\/\/ouvrir-son-coeur.fr\/index.php\/2020\/03\/06\/la-lumiere-a-tous-les-etages\/#breadcrumb\",\"itemListElement\":[{\"@type\":\"ListItem\",\"position\":1,\"name\":\"Accueil\",\"item\":\"https:\/\/ouvrir-son-coeur.fr\/\"},{\"@type\":\"ListItem\",\"position\":2,\"name\":\"La lumi\u00e8re \u00e0 tous les \u00e9tages\"}]},{\"@type\":\"WebSite\",\"@id\":\"https:\/\/ouvrir-son-coeur.fr\/#website\",\"url\":\"https:\/\/ouvrir-son-coeur.fr\/\",\"name\":\"Delphine ORIEUX\",\"description\":\"Ouvrir son coeur pour un retour \u00e0 soi\",\"publisher\":{\"@id\":\"https:\/\/ouvrir-son-coeur.fr\/#organization\"},\"potentialAction\":[{\"@type\":\"SearchAction\",\"target\":{\"@type\":\"EntryPoint\",\"urlTemplate\":\"https:\/\/ouvrir-son-coeur.fr\/?s={search_term_string}\"},\"query-input\":{\"@type\":\"PropertyValueSpecification\",\"valueRequired\":true,\"valueName\":\"search_term_string\"}}],\"inLanguage\":\"fr-FR\"},{\"@type\":\"Organization\",\"@id\":\"https:\/\/ouvrir-son-coeur.fr\/#organization\",\"name\":\"Delphine ORIEUX\",\"url\":\"https:\/\/ouvrir-son-coeur.fr\/\",\"logo\":{\"@type\":\"ImageObject\",\"inLanguage\":\"fr-FR\",\"@id\":\"https:\/\/ouvrir-son-coeur.fr\/#\/schema\/logo\/image\/\",\"url\":\"https:\/\/ouvrir-son-coeur.fr\/wp-content\/uploads\/2019\/10\/cropped-71673114_2509801119097527_6138808206555611136_o-15.jpg\",\"contentUrl\":\"https:\/\/ouvrir-son-coeur.fr\/wp-content\/uploads\/2019\/10\/cropped-71673114_2509801119097527_6138808206555611136_o-15.jpg\",\"width\":546,\"height\":505,\"caption\":\"Delphine ORIEUX\"},\"image\":{\"@id\":\"https:\/\/ouvrir-son-coeur.fr\/#\/schema\/logo\/image\/\"}},{\"@type\":\"Person\",\"@id\":\"https:\/\/ouvrir-son-coeur.fr\/#\/schema\/person\/79755406436a7adaddb901ee35a4d28c\",\"name\":\"Delphine\",\"image\":{\"@type\":\"ImageObject\",\"inLanguage\":\"fr-FR\",\"@id\":\"https:\/\/secure.gravatar.com\/avatar\/4feb5ead4d5221e0fd82faeb7afb26cb5db06cdb420750aab1923c6a5e1ac1ac?s=96&d=mm&r=g\",\"url\":\"https:\/\/secure.gravatar.com\/avatar\/4feb5ead4d5221e0fd82faeb7afb26cb5db06cdb420750aab1923c6a5e1ac1ac?s=96&d=mm&r=g\",\"contentUrl\":\"https:\/\/secure.gravatar.com\/avatar\/4feb5ead4d5221e0fd82faeb7afb26cb5db06cdb420750aab1923c6a5e1ac1ac?s=96&d=mm&r=g\",\"caption\":\"Delphine\"},\"url\":\"https:\/\/ouvrir-son-coeur.fr\/index.php\/author\/admin2719\/\"}]}<\/script>\n<!-- \/ Yoast SEO plugin. -->","yoast_head_json":{"title":"La lumi\u00e8re \u00e0 tous les \u00e9tages - Delphine ORIEUX","robots":{"index":"index","follow":"follow","max-snippet":"max-snippet:-1","max-image-preview":"max-image-preview:large","max-video-preview":"max-video-preview:-1"},"canonical":"https:\/\/ouvrir-son-coeur.fr\/index.php\/2020\/03\/06\/la-lumiere-a-tous-les-etages\/","og_locale":"fr_FR","og_type":"article","og_title":"La lumi\u00e8re \u00e0 tous les \u00e9tages - Delphine ORIEUX","og_description":"Nous sommes lumi\u00e8re, comme un rayon qui \u00e9mane d&rsquo;une source lumineuse et qui s&rsquo;\u00e9tend ind\u00e9finiment. Pour se rendre compte de qui elle est, cette lumi\u00e8re a d\u00e9cid\u00e9 d&rsquo;aller placer sa conscience \u00e0 diff\u00e9rents \u00e9tages du rayon, du plus bas au plus haut, de l&rsquo;infiniment petit \u00e0 l&rsquo;infiniment grand. Pour prendre conscience de sa vraie nature, &hellip; Continue reading \"La lumi\u00e8re \u00e0 tous les \u00e9tages\"","og_url":"https:\/\/ouvrir-son-coeur.fr\/index.php\/2020\/03\/06\/la-lumiere-a-tous-les-etages\/","og_site_name":"Delphine ORIEUX","article_published_time":"2020-03-06T22:16:30+00:00","article_modified_time":"2020-03-06T22:25:40+00:00","og_image":[{"url":"https:\/\/ouvrir-son-coeur.fr\/wp-content\/uploads\/2020\/03\/climb-2125148_1280-1024x682.jpg","type":"","width":"","height":""}],"author":"Delphine","twitter_card":"summary_large_image","twitter_misc":{"\u00c9crit par":"Delphine","Dur\u00e9e de lecture estim\u00e9e":"6 minutes"},"schema":{"@context":"https:\/\/schema.org","@graph":[{"@type":"Article","@id":"https:\/\/ouvrir-son-coeur.fr\/index.php\/2020\/03\/06\/la-lumiere-a-tous-les-etages\/#article","isPartOf":{"@id":"https:\/\/ouvrir-son-coeur.fr\/index.php\/2020\/03\/06\/la-lumiere-a-tous-les-etages\/"},"author":{"name":"Delphine","@id":"https:\/\/ouvrir-son-coeur.fr\/#\/schema\/person\/79755406436a7adaddb901ee35a4d28c"},"headline":"La lumi\u00e8re \u00e0 tous les \u00e9tages","datePublished":"2020-03-06T22:16:30+00:00","dateModified":"2020-03-06T22:25:40+00:00","mainEntityOfPage":{"@id":"https:\/\/ouvrir-son-coeur.fr\/index.php\/2020\/03\/06\/la-lumiere-a-tous-les-etages\/"},"wordCount":1264,"publisher":{"@id":"https:\/\/ouvrir-son-coeur.fr\/#organization"},"image":{"@id":"https:\/\/ouvrir-son-coeur.fr\/index.php\/2020\/03\/06\/la-lumiere-a-tous-les-etages\/#primaryimage"},"thumbnailUrl":"https:\/\/ouvrir-son-coeur.fr\/wp-content\/uploads\/2020\/03\/climb-2125148_1280.jpg","articleSection":["Evolution de conscience"],"inLanguage":"fr-FR"},{"@type":"WebPage","@id":"https:\/\/ouvrir-son-coeur.fr\/index.php\/2020\/03\/06\/la-lumiere-a-tous-les-etages\/","url":"https:\/\/ouvrir-son-coeur.fr\/index.php\/2020\/03\/06\/la-lumiere-a-tous-les-etages\/","name":"La lumi\u00e8re \u00e0 tous les \u00e9tages - Delphine ORIEUX","isPartOf":{"@id":"https:\/\/ouvrir-son-coeur.fr\/#website"},"primaryImageOfPage":{"@id":"https:\/\/ouvrir-son-coeur.fr\/index.php\/2020\/03\/06\/la-lumiere-a-tous-les-etages\/#primaryimage"},"image":{"@id":"https:\/\/ouvrir-son-coeur.fr\/index.php\/2020\/03\/06\/la-lumiere-a-tous-les-etages\/#primaryimage"},"thumbnailUrl":"https:\/\/ouvrir-son-coeur.fr\/wp-content\/uploads\/2020\/03\/climb-2125148_1280.jpg","datePublished":"2020-03-06T22:16:30+00:00","dateModified":"2020-03-06T22:25:40+00:00","breadcrumb":{"@id":"https:\/\/ouvrir-son-coeur.fr\/index.php\/2020\/03\/06\/la-lumiere-a-tous-les-etages\/#breadcrumb"},"inLanguage":"fr-FR","potentialAction":[{"@type":"ReadAction","target":["https:\/\/ouvrir-son-coeur.fr\/index.php\/2020\/03\/06\/la-lumiere-a-tous-les-etages\/"]}]},{"@type":"ImageObject","inLanguage":"fr-FR","@id":"https:\/\/ouvrir-son-coeur.fr\/index.php\/2020\/03\/06\/la-lumiere-a-tous-les-etages\/#primaryimage","url":"https:\/\/ouvrir-son-coeur.fr\/wp-content\/uploads\/2020\/03\/climb-2125148_1280.jpg","contentUrl":"https:\/\/ouvrir-son-coeur.fr\/wp-content\/uploads\/2020\/03\/climb-2125148_1280.jpg","width":1280,"height":853},{"@type":"BreadcrumbList","@id":"https:\/\/ouvrir-son-coeur.fr\/index.php\/2020\/03\/06\/la-lumiere-a-tous-les-etages\/#breadcrumb","itemListElement":[{"@type":"ListItem","position":1,"name":"Accueil","item":"https:\/\/ouvrir-son-coeur.fr\/"},{"@type":"ListItem","position":2,"name":"La lumi\u00e8re \u00e0 tous les \u00e9tages"}]},{"@type":"WebSite","@id":"https:\/\/ouvrir-son-coeur.fr\/#website","url":"https:\/\/ouvrir-son-coeur.fr\/","name":"Delphine ORIEUX","description":"Ouvrir son coeur pour un retour \u00e0 soi","publisher":{"@id":"https:\/\/ouvrir-son-coeur.fr\/#organization"},"potentialAction":[{"@type":"SearchAction","target":{"@type":"EntryPoint","urlTemplate":"https:\/\/ouvrir-son-coeur.fr\/?s={search_term_string}"},"query-input":{"@type":"PropertyValueSpecification","valueRequired":true,"valueName":"search_term_string"}}],"inLanguage":"fr-FR"},{"@type":"Organization","@id":"https:\/\/ouvrir-son-coeur.fr\/#organization","name":"Delphine ORIEUX","url":"https:\/\/ouvrir-son-coeur.fr\/","logo":{"@type":"ImageObject","inLanguage":"fr-FR","@id":"https:\/\/ouvrir-son-coeur.fr\/#\/schema\/logo\/image\/","url":"https:\/\/ouvrir-son-coeur.fr\/wp-content\/uploads\/2019\/10\/cropped-71673114_2509801119097527_6138808206555611136_o-15.jpg","contentUrl":"https:\/\/ouvrir-son-coeur.fr\/wp-content\/uploads\/2019\/10\/cropped-71673114_2509801119097527_6138808206555611136_o-15.jpg","width":546,"height":505,"caption":"Delphine ORIEUX"},"image":{"@id":"https:\/\/ouvrir-son-coeur.fr\/#\/schema\/logo\/image\/"}},{"@type":"Person","@id":"https:\/\/ouvrir-son-coeur.fr\/#\/schema\/person\/79755406436a7adaddb901ee35a4d28c","name":"Delphine","image":{"@type":"ImageObject","inLanguage":"fr-FR","@id":"https:\/\/secure.gravatar.com\/avatar\/4feb5ead4d5221e0fd82faeb7afb26cb5db06cdb420750aab1923c6a5e1ac1ac?s=96&d=mm&r=g","url":"https:\/\/secure.gravatar.com\/avatar\/4feb5ead4d5221e0fd82faeb7afb26cb5db06cdb420750aab1923c6a5e1ac1ac?s=96&d=mm&r=g","contentUrl":"https:\/\/secure.gravatar.com\/avatar\/4feb5ead4d5221e0fd82faeb7afb26cb5db06cdb420750aab1923c6a5e1ac1ac?s=96&d=mm&r=g","caption":"Delphine"},"url":"https:\/\/ouvrir-son-coeur.fr\/index.php\/author\/admin2719\/"}]}},"_links":{"self":[{"href":"https:\/\/ouvrir-son-coeur.fr\/index.php\/wp-json\/wp\/v2\/posts\/738","targetHints":{"allow":["GET"]}}],"collection":[{"href":"https:\/\/ouvrir-son-coeur.fr\/index.php\/wp-json\/wp\/v2\/posts"}],"about":[{"href":"https:\/\/ouvrir-son-coeur.fr\/index.php\/wp-json\/wp\/v2\/types\/post"}],"author":[{"embeddable":true,"href":"https:\/\/ouvrir-son-coeur.fr\/index.php\/wp-json\/wp\/v2\/users\/1"}],"replies":[{"embeddable":true,"href":"https:\/\/ouvrir-son-coeur.fr\/index.php\/wp-json\/wp\/v2\/comments?post=738"}],"version-history":[{"count":21,"href":"https:\/\/ouvrir-son-coeur.fr\/index.php\/wp-json\/wp\/v2\/posts\/738\/revisions"}],"predecessor-version":[{"id":760,"href":"https:\/\/ouvrir-son-coeur.fr\/index.php\/wp-json\/wp\/v2\/posts\/738\/revisions\/760"}],"wp:featuredmedia":[{"embeddable":true,"href":"https:\/\/ouvrir-son-coeur.fr\/index.php\/wp-json\/wp\/v2\/media\/755"}],"wp:attachment":[{"href":"https:\/\/ouvrir-son-coeur.fr\/index.php\/wp-json\/wp\/v2\/media?parent=738"}],"wp:term":[{"taxonomy":"category","embeddable":true,"href":"https:\/\/ouvrir-son-coeur.fr\/index.php\/wp-json\/wp\/v2\/categories?post=738"},{"taxonomy":"post_tag","embeddable":true,"href":"https:\/\/ouvrir-son-coeur.fr\/index.php\/wp-json\/wp\/v2\/tags?post=738"}],"curies":[{"name":"wp","href":"https:\/\/api.w.org\/{rel}","templated":true}]}}