{"id":588,"date":"2020-02-04T20:43:58","date_gmt":"2020-02-04T19:43:58","guid":{"rendered":"https:\/\/ouvrir-son-coeur.fr\/?p=588"},"modified":"2020-02-19T00:21:23","modified_gmt":"2020-02-18T23:21:23","slug":"mesurons-limpact-de-nos-paroles-et-de-nos-pensees","status":"publish","type":"post","link":"https:\/\/ouvrir-son-coeur.fr\/index.php\/2020\/02\/04\/mesurons-limpact-de-nos-paroles-et-de-nos-pensees\/","title":{"rendered":"Mesurons l&rsquo;impact de nos paroles et de nos pens\u00e9es"},"content":{"rendered":"\n<figure class=\"wp-block-image size-large\"><img loading=\"lazy\" decoding=\"async\" width=\"1024\" height=\"768\" src=\"https:\/\/ouvrir-son-coeur.fr\/wp-content\/uploads\/2020\/02\/P8310208-1024x768.jpg\" alt=\"\" class=\"wp-image-594\" srcset=\"https:\/\/ouvrir-son-coeur.fr\/wp-content\/uploads\/2020\/02\/P8310208-1024x768.jpg 1024w, https:\/\/ouvrir-son-coeur.fr\/wp-content\/uploads\/2020\/02\/P8310208-300x225.jpg 300w, https:\/\/ouvrir-son-coeur.fr\/wp-content\/uploads\/2020\/02\/P8310208-768x576.jpg 768w, https:\/\/ouvrir-son-coeur.fr\/wp-content\/uploads\/2020\/02\/P8310208-1536x1152.jpg 1536w, https:\/\/ouvrir-son-coeur.fr\/wp-content\/uploads\/2020\/02\/P8310208-2048x1536.jpg 2048w, https:\/\/ouvrir-son-coeur.fr\/wp-content\/uploads\/2020\/02\/P8310208-1200x900.jpg 1200w\" sizes=\"auto, (max-width: 1024px) 100vw, 1024px\" \/><\/figure>\n\n\n<p style=\"text-align: justify;\">De nombreuses lectures aujourd&rsquo;hui parlent de la loi d&rsquo;attraction. Ceci a fait l&rsquo;effet d&rsquo;une mode, avec certains livres qui ont \u00e9t\u00e9 m\u00e9diatis\u00e9s. Les gens utilisent davantage cet outil comme un jeu, pour trouver une place de voiture, pour avoir plus d&rsquo;argent, pour des d\u00e9sirs mat\u00e9riels. En revanche, parmi tous ces lecteurs, peu de personnes comprennent r\u00e9ellement l&rsquo;impact de leurs pens\u00e9es et ceux-l\u00e0 peuvent utiliser cette loi d&rsquo;une mani\u00e8re s\u00e9lective uniquement.<\/p>\n<p style=\"text-align: justify;\">La loi de l&rsquo;attraction, comme toute loi, est un principe physique qui s&rsquo;applique \u00e0 toute \u00e9nergie pr\u00e9sente dans notre univers, comme la loi de la gravit\u00e9 ou le principe de l&rsquo;inertie. Ceci fonctionne donc pour toutes nos pens\u00e9es et paroles, ce n&rsquo;est pas de la magie.<\/p>\n<p style=\"text-align: justify;\">Dans la vie quotidienne, nous avons \u00e0 chaque instant des pens\u00e9es, celles-ci vont \u00e9maner sous forme d&rsquo;ondes, de nous-m\u00eame pour aller rejoindre par r\u00e9sonance, toutes les ondes qui ont les m\u00eames vibrations et revenir ensuite \u00e0 nous et \u00e0 l&rsquo;objet de la pens\u00e9e. La parole est \u00e9galement une onde, qui est \u00e9mise de la m\u00eame fa\u00e7on, mais plus intense encore.<\/p>\n<p style=\"text-align: justify;\">Par exemple quelqu&rsquo;un \u00e9met un jugement sur une personne c\u00e9l\u00e8bre; cette onde \u00e9mise va r\u00e9sonner avec les autres jugements identiques \u00e9mises par d&rsquo;autres personnes. Cet amas d&rsquo;ondes, plus ou moins intense selon le nombre de personnes qui ont \u00e9mis cette critique, va se diriger sur la c\u00e9l\u00e9brit\u00e9 et celle-ci va subir les cons\u00e9quences de ces ondes. Comment? Par un mal-\u00eatre, un conditionnement, des pens\u00e9es qui ne lui appartiennent pas, des situations de vie dramatiques, etc. La personne qui les a \u00e9mise, va se recevoir le retour de cette pens\u00e9e, sous forme d&rsquo;\u00e9motion ou de situation n\u00e9gative (culpabilit\u00e9, auto-jugement, etc).<\/p>\n<p style=\"text-align: justify;\">A chaque instant de notre vie quotidienne, ce principe est appliqu\u00e9. Si l&rsquo;on pense \u00ab\u00a0je suis fatigu\u00e9\u00a0\u00bb, le corps va r\u00e9pondre en donnant une sensation de fatigue \u00e0 la personne. Si l&rsquo;on dit \u00ab\u00a0je ne vais pas bien\u00a0\u00bb, le corps r\u00e9pondra par une sensation physique de mal-\u00eatre. Si l&rsquo;on pense \u00ab\u00a0mon enfant est p\u00e9nible\u00a0\u00bb, l&rsquo;enfant va nous agacer encore plus par son comportement. Si l&rsquo;on pense \u00ab\u00a0il n&rsquo;y a pas de d\u00e9bouch\u00e9 dans cette branche\u00a0\u00bb, on va vivre des situations qui vont nous conforter dans cette id\u00e9e. Si l&rsquo;on dit \u00ab\u00a0je n&rsquo;ai pas d&rsquo;argent\u00a0\u00bb, on vivra encore plus de situations qui vont faire que l&rsquo;on en aura encore plus besoin. Si l&rsquo;on a peur de quelque chose, on va vivre une situation qui va nous donner encore plus peur de cette chose, etc.<\/p>\n<p style=\"text-align: justify;\">Finalement, toutes les situations que nous vivons, \u00e0 chaque instant, sont la r\u00e9ponse \u00e0 nos pens\u00e9es, nos paroles et \u00e0 nos \u00e9motions les plus enfouies. Parce que pour se mat\u00e9rialiser, la pens\u00e9e est accompagn\u00e9e d&rsquo;une \u00e9motion. C&rsquo;est pourquoi quand on a peur de tomber, il ne faut pas longtemps pour que cela arrive, car la peur accompagne notre pens\u00e9e. Quand on veut de l&rsquo;argent, on ressent plus souvent une sensation de manque, de frustration, de d\u00e9valorisation, ce qui est contradictoire avec la pens\u00e9e de recevoir plus d&rsquo;argent. C&rsquo;est pourquoi la situation d&rsquo;avoir plus d&rsquo;argent n&rsquo;est pas r\u00e9alis\u00e9e mais se produit plut\u00f4t la situation de manquer d&rsquo;argent, d&rsquo;\u00eatre frustr\u00e9 et d\u00e9valoris\u00e9.<\/p>\n<p style=\"text-align: justify;\">Regardons aussi nos conditionnements, nos croyances, nos superstitions, nos doutes, nos peurs, nos \u00e9motions, conscients ou inconscients. Car se sont eux qui accompagnent souvent nos pens\u00e9es, par leur r\u00e9currence et leur intensit\u00e9. Si depuis que l&rsquo;on est petit, on nous dit que l&rsquo;on ne vaut rien, ceci est devenu une croyance inconsciente. M\u00eame si l&rsquo;on pense avec beaucoup de convictions r\u00e9ussir quelque chose qui nous tient \u00e0 c\u0153ur, le r\u00e9sultat le plus probable est que l&rsquo;on ne r\u00e9ussisse pas. Ces croyances, ces conditionnements et ces peurs sont souvent inconscientes, il est alors conseill\u00e9 de se poser des questions, lorsqu&rsquo;il nous arrive des situations r\u00e9p\u00e9titives dans notre vie, pour les identifier et enfin r\u00e9ussir \u00e0 cr\u00e9er une vie qui nous convient.<\/p>\n<p style=\"text-align: justify;\">Concernant la sant\u00e9, on pourrait se dire que l&rsquo;on n&rsquo;a pas pens\u00e9 que l&rsquo;on souhaitait \u00eatre malade, donc que ce n&rsquo;est pas nous qui l&rsquo;avons cr\u00e9e et que l&rsquo;on est victime de la maladie. Pareil pour un accident ou toute autre situation malheureuse. Dans ces cas l\u00e0, quelles croyances entretenons-nous? Par exemple j&rsquo;ai peur d&rsquo;avoir un rhume car mon voisin ou mon conjoint en a un. Le r\u00e9sultat d&rsquo;\u00eatre malade se produit. Cela peut aussi \u00eatre notre corps qui nous renvoie des \u00e9motions refoul\u00e9es et que le corps mat\u00e9rialise sous forme de sympt\u00f4mes, pour que l&rsquo;on prenne conscience de ces \u00e9motions. Rien n&rsquo;arrive par hasard.<\/p>\n<p style=\"text-align: justify;\">D&rsquo;une mani\u00e8re g\u00e9n\u00e9rale, prenons un supermarch\u00e9 ou des locaux dans lesquels de nombreuses personnes circulent. \u00c9tant donn\u00e9 le nombre de pens\u00e9es et de paroles n\u00e9gatives \u00e9mises par toutes les personnes qui y passent, on peut vite ressentir la lourdeur vibratoire des locaux. Chaque personne, en fonction de sa sensibilit\u00e9, peut ressentir des \u00e9motions ou avoir des pens\u00e9es qui ne lui appartiennent pas, sans le savoir, parce que tout le monde baigne dans ce flux d&rsquo;ondes. Cela d\u00e9pend de la capacit\u00e9 \u00e0 se prot\u00e9ger de chaque individu. Idem, quand on vit dans un immeuble (les ondes ne s&rsquo;arr\u00eatent pas devant un mur), dans une grosse ville ou sur toute la surface de la plan\u00e8te.<\/p>\n<p style=\"text-align: justify;\">Si l&rsquo;on pense que le r\u00e9chauffement climatique, la pollution de la Terre, la mentalit\u00e9 des gens, ne font que s&#8217;empirer, on est s\u00fbr de vivre des situations qui nous confortent dans nos id\u00e9es. D&rsquo;un point de vue collectif, la Terre est \u00e0 l&rsquo;image de la pens\u00e9e des humains. On peut douter, en se disant que ce n&rsquo;est pas parce que l&rsquo;on imagine que les eaux ne sont plus du tout pollu\u00e9es, que cela va se voir dans l&rsquo;imm\u00e9diat. Cela \u00e9tant le r\u00e9sultat de vibrations collectives, \u00e0 \u00e9chelle plan\u00e9taire, le r\u00e9sultat ne sera pas visible dans l&rsquo;imm\u00e9diat, car des processus de nettoyages doivent \u00eatre mis en place et les sources de pollutions doivent cesser. Nous aurons cependant, cess\u00e9 la pollution par les actes mais aussi par la pens\u00e9e. Au fur et \u00e0 mesure, que le nombre de gens qui alimentent cette pens\u00e9e va diminuer jusqu&rsquo;\u00e0 dispara\u00eetre, une fois l&rsquo;eau nettoy\u00e9e, les sources de pollutions cesseront d&rsquo;exister. Dans ce cas l\u00e0, nous sommes un maillon de la pens\u00e9e collective.<\/p>\n<p style=\"text-align: justify;\">Ce qui revient \u00e0 se demander, qu&rsquo;est-ce que je continue d&rsquo;alimenter par la pens\u00e9e? Est-ce que je contribue \u00e0 la pollution et \u00e0 la d\u00e9gradation mentale, \u00e9motionnelle et physique de moi-m\u00eame, de certaines personnes, de toute l&rsquo;humanit\u00e9, des autres r\u00e8gnes ou de la plan\u00e8te? Est-ce que je d\u00e9cide de diminuer les \u00e9missions nuisibles en contr\u00f4lant mes pens\u00e9es? Est-ce que je d\u00e9cide de construire et d&rsquo;am\u00e9liorer ma vie en ayant des pens\u00e9es et des paroles b\u00e9n\u00e9fiques pour moi-m\u00eame et pour les autres, \u00e0 chaque instant? Est-ce qu&rsquo;\u00e0 chaque mauvaise pens\u00e9e ou parole, je saisis l&rsquo;opportunit\u00e9 d&rsquo;identifier toutes les parts d&rsquo;ombre de moi-m\u00eame pour me pardonner et m&rsquo;en lib\u00e9rer, en sachant que je fais au mieux \u00e0 chaque fois?<\/p>","protected":false},"excerpt":{"rendered":"<p>De nombreuses lectures aujourd&rsquo;hui parlent de la loi d&rsquo;attraction. Ceci a fait l&rsquo;effet d&rsquo;une mode, avec certains livres qui ont \u00e9t\u00e9 m\u00e9diatis\u00e9s. Les gens utilisent davantage cet outil comme un jeu, pour trouver une place de voiture, pour avoir plus d&rsquo;argent, pour des d\u00e9sirs mat\u00e9riels. En revanche, parmi tous ces lecteurs, peu de personnes comprennent &hellip; <\/p>\n<p class=\"link-more\"><a href=\"https:\/\/ouvrir-son-coeur.fr\/index.php\/2020\/02\/04\/mesurons-limpact-de-nos-paroles-et-de-nos-pensees\/\" class=\"more-link\">Continue reading<span class=\"screen-reader-text\"> \u00ab\u00a0Mesurons l&rsquo;impact de nos paroles et de nos pens\u00e9es\u00a0\u00bb<\/span><\/a><\/p>\n","protected":false},"author":1,"featured_media":594,"comment_status":"closed","ping_status":"closed","sticky":false,"template":"","format":"standard","meta":{"footnotes":""},"categories":[5],"tags":[],"class_list":["post-588","post","type-post","status-publish","format-standard","has-post-thumbnail","hentry","category-evolution-de-conscience"],"yoast_head":"<!-- This site is optimized with the Yoast SEO plugin v27.2 - https:\/\/yoast.com\/product\/yoast-seo-wordpress\/ -->\n<title>Mesurons l&#039;impact de nos paroles et de nos pens\u00e9es - Delphine ORIEUX<\/title>\n<meta name=\"robots\" content=\"index, follow, max-snippet:-1, max-image-preview:large, max-video-preview:-1\" \/>\n<link rel=\"canonical\" href=\"https:\/\/ouvrir-son-coeur.fr\/index.php\/2020\/02\/04\/mesurons-limpact-de-nos-paroles-et-de-nos-pensees\/\" \/>\n<meta property=\"og:locale\" content=\"fr_FR\" \/>\n<meta property=\"og:type\" content=\"article\" \/>\n<meta property=\"og:title\" content=\"Mesurons l&#039;impact de nos paroles et de nos pens\u00e9es - Delphine ORIEUX\" \/>\n<meta property=\"og:description\" content=\"De nombreuses lectures aujourd&rsquo;hui parlent de la loi d&rsquo;attraction. Ceci a fait l&rsquo;effet d&rsquo;une mode, avec certains livres qui ont \u00e9t\u00e9 m\u00e9diatis\u00e9s. Les gens utilisent davantage cet outil comme un jeu, pour trouver une place de voiture, pour avoir plus d&rsquo;argent, pour des d\u00e9sirs mat\u00e9riels. En revanche, parmi tous ces lecteurs, peu de personnes comprennent &hellip; Continue reading &quot;Mesurons l&rsquo;impact de nos paroles et de nos pens\u00e9es&quot;\" \/>\n<meta property=\"og:url\" content=\"https:\/\/ouvrir-son-coeur.fr\/index.php\/2020\/02\/04\/mesurons-limpact-de-nos-paroles-et-de-nos-pensees\/\" \/>\n<meta property=\"og:site_name\" content=\"Delphine ORIEUX\" \/>\n<meta property=\"article:published_time\" content=\"2020-02-04T19:43:58+00:00\" \/>\n<meta property=\"article:modified_time\" content=\"2020-02-18T23:21:23+00:00\" \/>\n<meta property=\"og:image\" content=\"https:\/\/ouvrir-son-coeur.fr\/wp-content\/uploads\/2020\/02\/P8310208-1024x768.jpg\" \/>\n<meta name=\"author\" content=\"Delphine\" \/>\n<meta name=\"twitter:card\" content=\"summary_large_image\" \/>\n<meta name=\"twitter:label1\" content=\"\u00c9crit par\" \/>\n\t<meta name=\"twitter:data1\" content=\"Delphine\" \/>\n\t<meta name=\"twitter:label2\" content=\"Dur\u00e9e de lecture estim\u00e9e\" \/>\n\t<meta name=\"twitter:data2\" content=\"6 minutes\" \/>\n<script type=\"application\/ld+json\" class=\"yoast-schema-graph\">{\"@context\":\"https:\/\/schema.org\",\"@graph\":[{\"@type\":\"Article\",\"@id\":\"https:\/\/ouvrir-son-coeur.fr\/index.php\/2020\/02\/04\/mesurons-limpact-de-nos-paroles-et-de-nos-pensees\/#article\",\"isPartOf\":{\"@id\":\"https:\/\/ouvrir-son-coeur.fr\/index.php\/2020\/02\/04\/mesurons-limpact-de-nos-paroles-et-de-nos-pensees\/\"},\"author\":{\"name\":\"Delphine\",\"@id\":\"https:\/\/ouvrir-son-coeur.fr\/#\/schema\/person\/79755406436a7adaddb901ee35a4d28c\"},\"headline\":\"Mesurons l&rsquo;impact de nos paroles et de nos pens\u00e9es\",\"datePublished\":\"2020-02-04T19:43:58+00:00\",\"dateModified\":\"2020-02-18T23:21:23+00:00\",\"mainEntityOfPage\":{\"@id\":\"https:\/\/ouvrir-son-coeur.fr\/index.php\/2020\/02\/04\/mesurons-limpact-de-nos-paroles-et-de-nos-pensees\/\"},\"wordCount\":1237,\"publisher\":{\"@id\":\"https:\/\/ouvrir-son-coeur.fr\/#organization\"},\"image\":{\"@id\":\"https:\/\/ouvrir-son-coeur.fr\/index.php\/2020\/02\/04\/mesurons-limpact-de-nos-paroles-et-de-nos-pensees\/#primaryimage\"},\"thumbnailUrl\":\"https:\/\/ouvrir-son-coeur.fr\/wp-content\/uploads\/2020\/02\/P8310208-scaled.jpg\",\"articleSection\":[\"Evolution de conscience\"],\"inLanguage\":\"fr-FR\"},{\"@type\":\"WebPage\",\"@id\":\"https:\/\/ouvrir-son-coeur.fr\/index.php\/2020\/02\/04\/mesurons-limpact-de-nos-paroles-et-de-nos-pensees\/\",\"url\":\"https:\/\/ouvrir-son-coeur.fr\/index.php\/2020\/02\/04\/mesurons-limpact-de-nos-paroles-et-de-nos-pensees\/\",\"name\":\"Mesurons l'impact de nos paroles et de nos pens\u00e9es - Delphine ORIEUX\",\"isPartOf\":{\"@id\":\"https:\/\/ouvrir-son-coeur.fr\/#website\"},\"primaryImageOfPage\":{\"@id\":\"https:\/\/ouvrir-son-coeur.fr\/index.php\/2020\/02\/04\/mesurons-limpact-de-nos-paroles-et-de-nos-pensees\/#primaryimage\"},\"image\":{\"@id\":\"https:\/\/ouvrir-son-coeur.fr\/index.php\/2020\/02\/04\/mesurons-limpact-de-nos-paroles-et-de-nos-pensees\/#primaryimage\"},\"thumbnailUrl\":\"https:\/\/ouvrir-son-coeur.fr\/wp-content\/uploads\/2020\/02\/P8310208-scaled.jpg\",\"datePublished\":\"2020-02-04T19:43:58+00:00\",\"dateModified\":\"2020-02-18T23:21:23+00:00\",\"breadcrumb\":{\"@id\":\"https:\/\/ouvrir-son-coeur.fr\/index.php\/2020\/02\/04\/mesurons-limpact-de-nos-paroles-et-de-nos-pensees\/#breadcrumb\"},\"inLanguage\":\"fr-FR\",\"potentialAction\":[{\"@type\":\"ReadAction\",\"target\":[\"https:\/\/ouvrir-son-coeur.fr\/index.php\/2020\/02\/04\/mesurons-limpact-de-nos-paroles-et-de-nos-pensees\/\"]}]},{\"@type\":\"ImageObject\",\"inLanguage\":\"fr-FR\",\"@id\":\"https:\/\/ouvrir-son-coeur.fr\/index.php\/2020\/02\/04\/mesurons-limpact-de-nos-paroles-et-de-nos-pensees\/#primaryimage\",\"url\":\"https:\/\/ouvrir-son-coeur.fr\/wp-content\/uploads\/2020\/02\/P8310208-scaled.jpg\",\"contentUrl\":\"https:\/\/ouvrir-son-coeur.fr\/wp-content\/uploads\/2020\/02\/P8310208-scaled.jpg\",\"width\":2560,\"height\":1920,\"caption\":\"OLYMPUS DIGITAL CAMERA\"},{\"@type\":\"BreadcrumbList\",\"@id\":\"https:\/\/ouvrir-son-coeur.fr\/index.php\/2020\/02\/04\/mesurons-limpact-de-nos-paroles-et-de-nos-pensees\/#breadcrumb\",\"itemListElement\":[{\"@type\":\"ListItem\",\"position\":1,\"name\":\"Accueil\",\"item\":\"https:\/\/ouvrir-son-coeur.fr\/\"},{\"@type\":\"ListItem\",\"position\":2,\"name\":\"Mesurons l&rsquo;impact de nos paroles et de nos pens\u00e9es\"}]},{\"@type\":\"WebSite\",\"@id\":\"https:\/\/ouvrir-son-coeur.fr\/#website\",\"url\":\"https:\/\/ouvrir-son-coeur.fr\/\",\"name\":\"Delphine ORIEUX\",\"description\":\"Ouvrir son coeur pour un retour \u00e0 soi\",\"publisher\":{\"@id\":\"https:\/\/ouvrir-son-coeur.fr\/#organization\"},\"potentialAction\":[{\"@type\":\"SearchAction\",\"target\":{\"@type\":\"EntryPoint\",\"urlTemplate\":\"https:\/\/ouvrir-son-coeur.fr\/?s={search_term_string}\"},\"query-input\":{\"@type\":\"PropertyValueSpecification\",\"valueRequired\":true,\"valueName\":\"search_term_string\"}}],\"inLanguage\":\"fr-FR\"},{\"@type\":\"Organization\",\"@id\":\"https:\/\/ouvrir-son-coeur.fr\/#organization\",\"name\":\"Delphine ORIEUX\",\"url\":\"https:\/\/ouvrir-son-coeur.fr\/\",\"logo\":{\"@type\":\"ImageObject\",\"inLanguage\":\"fr-FR\",\"@id\":\"https:\/\/ouvrir-son-coeur.fr\/#\/schema\/logo\/image\/\",\"url\":\"https:\/\/ouvrir-son-coeur.fr\/wp-content\/uploads\/2019\/10\/cropped-71673114_2509801119097527_6138808206555611136_o-15.jpg\",\"contentUrl\":\"https:\/\/ouvrir-son-coeur.fr\/wp-content\/uploads\/2019\/10\/cropped-71673114_2509801119097527_6138808206555611136_o-15.jpg\",\"width\":546,\"height\":505,\"caption\":\"Delphine ORIEUX\"},\"image\":{\"@id\":\"https:\/\/ouvrir-son-coeur.fr\/#\/schema\/logo\/image\/\"}},{\"@type\":\"Person\",\"@id\":\"https:\/\/ouvrir-son-coeur.fr\/#\/schema\/person\/79755406436a7adaddb901ee35a4d28c\",\"name\":\"Delphine\",\"image\":{\"@type\":\"ImageObject\",\"inLanguage\":\"fr-FR\",\"@id\":\"https:\/\/secure.gravatar.com\/avatar\/4feb5ead4d5221e0fd82faeb7afb26cb5db06cdb420750aab1923c6a5e1ac1ac?s=96&d=mm&r=g\",\"url\":\"https:\/\/secure.gravatar.com\/avatar\/4feb5ead4d5221e0fd82faeb7afb26cb5db06cdb420750aab1923c6a5e1ac1ac?s=96&d=mm&r=g\",\"contentUrl\":\"https:\/\/secure.gravatar.com\/avatar\/4feb5ead4d5221e0fd82faeb7afb26cb5db06cdb420750aab1923c6a5e1ac1ac?s=96&d=mm&r=g\",\"caption\":\"Delphine\"},\"url\":\"https:\/\/ouvrir-son-coeur.fr\/index.php\/author\/admin2719\/\"}]}<\/script>\n<!-- \/ Yoast SEO plugin. -->","yoast_head_json":{"title":"Mesurons l'impact de nos paroles et de nos pens\u00e9es - Delphine ORIEUX","robots":{"index":"index","follow":"follow","max-snippet":"max-snippet:-1","max-image-preview":"max-image-preview:large","max-video-preview":"max-video-preview:-1"},"canonical":"https:\/\/ouvrir-son-coeur.fr\/index.php\/2020\/02\/04\/mesurons-limpact-de-nos-paroles-et-de-nos-pensees\/","og_locale":"fr_FR","og_type":"article","og_title":"Mesurons l'impact de nos paroles et de nos pens\u00e9es - Delphine ORIEUX","og_description":"De nombreuses lectures aujourd&rsquo;hui parlent de la loi d&rsquo;attraction. Ceci a fait l&rsquo;effet d&rsquo;une mode, avec certains livres qui ont \u00e9t\u00e9 m\u00e9diatis\u00e9s. Les gens utilisent davantage cet outil comme un jeu, pour trouver une place de voiture, pour avoir plus d&rsquo;argent, pour des d\u00e9sirs mat\u00e9riels. En revanche, parmi tous ces lecteurs, peu de personnes comprennent &hellip; Continue reading \"Mesurons l&rsquo;impact de nos paroles et de nos pens\u00e9es\"","og_url":"https:\/\/ouvrir-son-coeur.fr\/index.php\/2020\/02\/04\/mesurons-limpact-de-nos-paroles-et-de-nos-pensees\/","og_site_name":"Delphine ORIEUX","article_published_time":"2020-02-04T19:43:58+00:00","article_modified_time":"2020-02-18T23:21:23+00:00","og_image":[{"url":"https:\/\/ouvrir-son-coeur.fr\/wp-content\/uploads\/2020\/02\/P8310208-1024x768.jpg","type":"","width":"","height":""}],"author":"Delphine","twitter_card":"summary_large_image","twitter_misc":{"\u00c9crit par":"Delphine","Dur\u00e9e de lecture estim\u00e9e":"6 minutes"},"schema":{"@context":"https:\/\/schema.org","@graph":[{"@type":"Article","@id":"https:\/\/ouvrir-son-coeur.fr\/index.php\/2020\/02\/04\/mesurons-limpact-de-nos-paroles-et-de-nos-pensees\/#article","isPartOf":{"@id":"https:\/\/ouvrir-son-coeur.fr\/index.php\/2020\/02\/04\/mesurons-limpact-de-nos-paroles-et-de-nos-pensees\/"},"author":{"name":"Delphine","@id":"https:\/\/ouvrir-son-coeur.fr\/#\/schema\/person\/79755406436a7adaddb901ee35a4d28c"},"headline":"Mesurons l&rsquo;impact de nos paroles et de nos pens\u00e9es","datePublished":"2020-02-04T19:43:58+00:00","dateModified":"2020-02-18T23:21:23+00:00","mainEntityOfPage":{"@id":"https:\/\/ouvrir-son-coeur.fr\/index.php\/2020\/02\/04\/mesurons-limpact-de-nos-paroles-et-de-nos-pensees\/"},"wordCount":1237,"publisher":{"@id":"https:\/\/ouvrir-son-coeur.fr\/#organization"},"image":{"@id":"https:\/\/ouvrir-son-coeur.fr\/index.php\/2020\/02\/04\/mesurons-limpact-de-nos-paroles-et-de-nos-pensees\/#primaryimage"},"thumbnailUrl":"https:\/\/ouvrir-son-coeur.fr\/wp-content\/uploads\/2020\/02\/P8310208-scaled.jpg","articleSection":["Evolution de conscience"],"inLanguage":"fr-FR"},{"@type":"WebPage","@id":"https:\/\/ouvrir-son-coeur.fr\/index.php\/2020\/02\/04\/mesurons-limpact-de-nos-paroles-et-de-nos-pensees\/","url":"https:\/\/ouvrir-son-coeur.fr\/index.php\/2020\/02\/04\/mesurons-limpact-de-nos-paroles-et-de-nos-pensees\/","name":"Mesurons l'impact de nos paroles et de nos pens\u00e9es - Delphine ORIEUX","isPartOf":{"@id":"https:\/\/ouvrir-son-coeur.fr\/#website"},"primaryImageOfPage":{"@id":"https:\/\/ouvrir-son-coeur.fr\/index.php\/2020\/02\/04\/mesurons-limpact-de-nos-paroles-et-de-nos-pensees\/#primaryimage"},"image":{"@id":"https:\/\/ouvrir-son-coeur.fr\/index.php\/2020\/02\/04\/mesurons-limpact-de-nos-paroles-et-de-nos-pensees\/#primaryimage"},"thumbnailUrl":"https:\/\/ouvrir-son-coeur.fr\/wp-content\/uploads\/2020\/02\/P8310208-scaled.jpg","datePublished":"2020-02-04T19:43:58+00:00","dateModified":"2020-02-18T23:21:23+00:00","breadcrumb":{"@id":"https:\/\/ouvrir-son-coeur.fr\/index.php\/2020\/02\/04\/mesurons-limpact-de-nos-paroles-et-de-nos-pensees\/#breadcrumb"},"inLanguage":"fr-FR","potentialAction":[{"@type":"ReadAction","target":["https:\/\/ouvrir-son-coeur.fr\/index.php\/2020\/02\/04\/mesurons-limpact-de-nos-paroles-et-de-nos-pensees\/"]}]},{"@type":"ImageObject","inLanguage":"fr-FR","@id":"https:\/\/ouvrir-son-coeur.fr\/index.php\/2020\/02\/04\/mesurons-limpact-de-nos-paroles-et-de-nos-pensees\/#primaryimage","url":"https:\/\/ouvrir-son-coeur.fr\/wp-content\/uploads\/2020\/02\/P8310208-scaled.jpg","contentUrl":"https:\/\/ouvrir-son-coeur.fr\/wp-content\/uploads\/2020\/02\/P8310208-scaled.jpg","width":2560,"height":1920,"caption":"OLYMPUS DIGITAL CAMERA"},{"@type":"BreadcrumbList","@id":"https:\/\/ouvrir-son-coeur.fr\/index.php\/2020\/02\/04\/mesurons-limpact-de-nos-paroles-et-de-nos-pensees\/#breadcrumb","itemListElement":[{"@type":"ListItem","position":1,"name":"Accueil","item":"https:\/\/ouvrir-son-coeur.fr\/"},{"@type":"ListItem","position":2,"name":"Mesurons l&rsquo;impact de nos paroles et de nos pens\u00e9es"}]},{"@type":"WebSite","@id":"https:\/\/ouvrir-son-coeur.fr\/#website","url":"https:\/\/ouvrir-son-coeur.fr\/","name":"Delphine ORIEUX","description":"Ouvrir son coeur pour un retour \u00e0 soi","publisher":{"@id":"https:\/\/ouvrir-son-coeur.fr\/#organization"},"potentialAction":[{"@type":"SearchAction","target":{"@type":"EntryPoint","urlTemplate":"https:\/\/ouvrir-son-coeur.fr\/?s={search_term_string}"},"query-input":{"@type":"PropertyValueSpecification","valueRequired":true,"valueName":"search_term_string"}}],"inLanguage":"fr-FR"},{"@type":"Organization","@id":"https:\/\/ouvrir-son-coeur.fr\/#organization","name":"Delphine ORIEUX","url":"https:\/\/ouvrir-son-coeur.fr\/","logo":{"@type":"ImageObject","inLanguage":"fr-FR","@id":"https:\/\/ouvrir-son-coeur.fr\/#\/schema\/logo\/image\/","url":"https:\/\/ouvrir-son-coeur.fr\/wp-content\/uploads\/2019\/10\/cropped-71673114_2509801119097527_6138808206555611136_o-15.jpg","contentUrl":"https:\/\/ouvrir-son-coeur.fr\/wp-content\/uploads\/2019\/10\/cropped-71673114_2509801119097527_6138808206555611136_o-15.jpg","width":546,"height":505,"caption":"Delphine ORIEUX"},"image":{"@id":"https:\/\/ouvrir-son-coeur.fr\/#\/schema\/logo\/image\/"}},{"@type":"Person","@id":"https:\/\/ouvrir-son-coeur.fr\/#\/schema\/person\/79755406436a7adaddb901ee35a4d28c","name":"Delphine","image":{"@type":"ImageObject","inLanguage":"fr-FR","@id":"https:\/\/secure.gravatar.com\/avatar\/4feb5ead4d5221e0fd82faeb7afb26cb5db06cdb420750aab1923c6a5e1ac1ac?s=96&d=mm&r=g","url":"https:\/\/secure.gravatar.com\/avatar\/4feb5ead4d5221e0fd82faeb7afb26cb5db06cdb420750aab1923c6a5e1ac1ac?s=96&d=mm&r=g","contentUrl":"https:\/\/secure.gravatar.com\/avatar\/4feb5ead4d5221e0fd82faeb7afb26cb5db06cdb420750aab1923c6a5e1ac1ac?s=96&d=mm&r=g","caption":"Delphine"},"url":"https:\/\/ouvrir-son-coeur.fr\/index.php\/author\/admin2719\/"}]}},"_links":{"self":[{"href":"https:\/\/ouvrir-son-coeur.fr\/index.php\/wp-json\/wp\/v2\/posts\/588","targetHints":{"allow":["GET"]}}],"collection":[{"href":"https:\/\/ouvrir-son-coeur.fr\/index.php\/wp-json\/wp\/v2\/posts"}],"about":[{"href":"https:\/\/ouvrir-son-coeur.fr\/index.php\/wp-json\/wp\/v2\/types\/post"}],"author":[{"embeddable":true,"href":"https:\/\/ouvrir-son-coeur.fr\/index.php\/wp-json\/wp\/v2\/users\/1"}],"replies":[{"embeddable":true,"href":"https:\/\/ouvrir-son-coeur.fr\/index.php\/wp-json\/wp\/v2\/comments?post=588"}],"version-history":[{"count":5,"href":"https:\/\/ouvrir-son-coeur.fr\/index.php\/wp-json\/wp\/v2\/posts\/588\/revisions"}],"predecessor-version":[{"id":595,"href":"https:\/\/ouvrir-son-coeur.fr\/index.php\/wp-json\/wp\/v2\/posts\/588\/revisions\/595"}],"wp:featuredmedia":[{"embeddable":true,"href":"https:\/\/ouvrir-son-coeur.fr\/index.php\/wp-json\/wp\/v2\/media\/594"}],"wp:attachment":[{"href":"https:\/\/ouvrir-son-coeur.fr\/index.php\/wp-json\/wp\/v2\/media?parent=588"}],"wp:term":[{"taxonomy":"category","embeddable":true,"href":"https:\/\/ouvrir-son-coeur.fr\/index.php\/wp-json\/wp\/v2\/categories?post=588"},{"taxonomy":"post_tag","embeddable":true,"href":"https:\/\/ouvrir-son-coeur.fr\/index.php\/wp-json\/wp\/v2\/tags?post=588"}],"curies":[{"name":"wp","href":"https:\/\/api.w.org\/{rel}","templated":true}]}}