{"id":3007,"date":"2024-10-23T11:21:28","date_gmt":"2024-10-23T09:21:28","guid":{"rendered":"https:\/\/ouvrir-son-coeur.fr\/?p=3007"},"modified":"2024-10-23T11:21:29","modified_gmt":"2024-10-23T09:21:29","slug":"garder-les-pieds-sur-terre-en-tout-etat-de-cause","status":"publish","type":"post","link":"https:\/\/ouvrir-son-coeur.fr\/index.php\/2024\/10\/23\/garder-les-pieds-sur-terre-en-tout-etat-de-cause\/","title":{"rendered":"Garder les pieds sur Terre en tout \u00e9tat de cause"},"content":{"rendered":"<div class=\"wp-block-image\">\n<figure class=\"aligncenter size-large\"><img loading=\"lazy\" decoding=\"async\" width=\"1024\" height=\"682\" src=\"https:\/\/ouvrir-son-coeur.fr\/wp-content\/uploads\/2024\/10\/tree-6147402_1280-1024x682.jpg\" alt=\"\" class=\"wp-image-3008\" srcset=\"https:\/\/ouvrir-son-coeur.fr\/wp-content\/uploads\/2024\/10\/tree-6147402_1280-1024x682.jpg 1024w, https:\/\/ouvrir-son-coeur.fr\/wp-content\/uploads\/2024\/10\/tree-6147402_1280-300x200.jpg 300w, https:\/\/ouvrir-son-coeur.fr\/wp-content\/uploads\/2024\/10\/tree-6147402_1280-768x512.jpg 768w, https:\/\/ouvrir-son-coeur.fr\/wp-content\/uploads\/2024\/10\/tree-6147402_1280-1200x800.jpg 1200w, https:\/\/ouvrir-son-coeur.fr\/wp-content\/uploads\/2024\/10\/tree-6147402_1280.jpg 1280w\" sizes=\"auto, (max-width: 1024px) 100vw, 1024px\" \/><\/figure>\n<\/div>\n\n<p style=\"text-align: justify;\">Bien souvent il m\u2019a a \u00e9t\u00e9 donn\u00e9 la possibilit\u00e9 de voyager et d\u2019en garder le souvenir, d\u2019explorer d\u2019autres syst\u00e8mes de ma conscience, dans d\u2019autres plans. Et ce que cela entra\u00eene c\u2019est une grande difficult\u00e9 \u00e0 revenir en pleine conscience dans son corps physique, pour vivre pleinement sa vie ici sur Terre, en tant qu\u2019humain.<\/p>\n<p style=\"text-align: justify;\">Je ne peux que saluer le plus grand, le plus haut, car c\u2019est de l\u00e0 que nous sommes issus. Et pourtant il nous est demand\u00e9 de vivre l\u00e0 dans ce corps, pour suivre un dessein pr\u00e9vu par le plus haut.<\/p>\n<p style=\"text-align: justify;\">Alors consciemment je lui r\u00e9ponds \u00ab\u00a0D\u2019accord je suis \u00e0 ton service\u00a0\u00bb, et une fois dans mon personnage je rechigne et tr\u00e9pigne comme un enfant m\u00e9content des devoirs que l\u2019enseignant lui a donn\u00e9.<\/p>\n<p style=\"text-align: justify;\">C\u2019est un apprentissage de chaque instant, que d\u2019arriver \u00e0 rester en place dans sa conscience, sans se laisser influencer par l\u2019\u00e9go \u00e0 l\u2019int\u00e9rieur de nous qui n\u2019est pas content, par les \u00e9gos du collectif et des \u00eatres qui nous entourent, par les basses vibrations en tout genre.<\/p>\n<p style=\"text-align: justify;\">Franchement le personnage dit \u00ab\u00a0Oh non, j\u2019\u00e9tais mieux l\u00e0-haut, maintenant que je suis l\u00e0, je n\u2019ai finalement pas envie de me pr\u00eater \u00e0 ce grand jeu ici dans mon corps, au milieu de ce peuple de sauvages.\u00a0\u00bb Et la petite voix int\u00e9rieure dit\u00a0 \u00ab\u00a0J\u2019ai envie de servir le plus haut (le plan le plus haut de mon \u00eatre, Dieu, La Source), la volont\u00e9 de mon personnage n\u2019est pas la voix \u00e0 suivre.\u00a0\u00bb<\/p>\n<p style=\"text-align: justify;\">Alors parfois cela me donne envie de rire, souvent de pleurer et quand cela me parait insurmontable et que je suis en r\u00e9sistance, je file me distraire de toutes les mani\u00e8res qui me conviennent, pour me d\u00e9connecter de cette dualit\u00e9 int\u00e9rieure.<\/p>\n<p style=\"text-align: justify;\">Et ce que cela cr\u00e9\u00e9, c\u2019est un \u00e9tat de flottement, entre le Ciel et la Terre, ne servant ni l\u2019un, ni l\u2019autre. Car ayant explor\u00e9 des syst\u00e8mes o\u00f9 la conscience se situe dans un plan spirituel, l\u2019aspect mat\u00e9rialiste me parait totalement insignifiant, ce n\u2019est donc pas un plan qui m\u2019attire et me donne envie de m\u2019y plonger.<\/p>\n<p style=\"text-align: justify;\">Ainsi cela peut durer longtemps, voire des vies enti\u00e8res si rien n\u2019est entrepris pour s\u2019engager en pleine conscience, dans le grand dessein que Dieu a trac\u00e9 pour nous.<\/p>\n<p style=\"text-align: justify;\">Voil\u00e0 pourquoi je partage cela aujourd\u2019hui\u00a0: nous sommes tr\u00e8s nombreux \u00e0 chercher la fuite dans toutes formes de distractions mises \u00e0 notre disposition (nourriture, \u00e9crans, sucre, r\u00eaveries, id\u00e9aux, informations mentales, consommations en tout genre, sport, travail, relationnel, obligations sociales et mat\u00e9rielles, le temps, etc.), et cela ne conduit qu\u2019\u00e0 l\u2019errance. Comme un \u00e9tat de perte de rep\u00e8res, de perte de sens, o\u00f9 nous nous accrochons \u00e0 une chim\u00e8re qui passe, un objectif \u00e0 plus ou moins court terme, puis \u00e0 un autre et encore un autre, dans une course effr\u00e9n\u00e9e, qui ne suit aucune direction qui nourrit vraiment notre \u00e2me.<\/p>\n<p style=\"text-align: justify;\">L\u2019\u00e9go peut vite se dire\u00a0: \u00ab\u00a0Oui mais si je ne suis pas l\u00e0, la Terre s\u2019arr\u00eate de tourner, untel a besoin de moi, j\u2019ai tel d\u00e9lai \u00e0 respecter, les horaires me sont impos\u00e9s, j\u2019ai telle et telle responsabilit\u00e9, etc.\u00a0\u00bb Il en vient m\u00eame \u00e0 se convaincre de l\u2019urgence d\u2019une situation, par rapport \u00e0 des listes qui sont des charges mentales, par ordre de priorit\u00e9, selon un esprit rationnel et logique. Comme\u00a0: \u00ab\u00a0J\u2019ai des courses \u00e0 faire, puis \u00e7a et \u00e7a, et tant de temps pour le faire. La priorit\u00e9 c\u2019est de m\u2019occuper de \u00e7a, le leitmotiv c\u2019est payer ce qu\u2019il faut payer, g\u00e9rer la famille ou les \u00eatres chers, g\u00e9rer la vie quotidienne, etc.\u00a0\u00bb<\/p>\n<p style=\"text-align: justify;\">C\u2019est une roue infernale, dans une soci\u00e9t\u00e9 gouvern\u00e9e par le temps, l\u2019argent et la volont\u00e9 de chercher toujours plus, en raison d\u2019une soif profonde, d\u2019un manque de sens, d\u2019une insatisfaction permanente, qui conduit \u00e0 monter et descendre, s\u2019accrocher et tomber, sans jamais atteindre le centre de la roue, l\u2019\u00e9quilibre, qui lui-seul est le point immobile, le point d\u2019observation de tout ce qui \u00e9mane de lui.<\/p>\n<p style=\"text-align: justify;\">La carte X du Tarot de Marseille, la roue de Fortune, repr\u00e9sente bien cette r\u00e9p\u00e9tition de sch\u00e9mas, o\u00f9 la r\u00e9currence est le chemin qui permet de comprendre que le seul moyen d\u2019en sortir, de s\u2019\u00e9lever au-del\u00e0 de ce m\u00e9canisme de causes \u00e0 effets, c\u2019est d\u2019\u00eatre le ma\u00eetre de la Roue, celui qui tient la manivelle.<\/p>\n<p style=\"text-align: justify;\">Quand nous devenons celui qui choisit d\u2019incarner son personnage, pour servir le dessein du plus haut, alors nous activons la manivelle et corrigeons ce qui fait d\u00e9faut au m\u00e9canisme de la roue, jusqu\u2019\u00e0 ce qu\u2019elle tourne en parfaite harmonie, avec le centre, sans aucune r\u00e9sistances, sans aucune part de notre \u00e9go qui vient l\u2019alourdir, en s\u2019y accrochant et en tombant ensuite.<\/p>\n<p style=\"text-align: justify;\">L\u2019ancrage c\u2019est \u00eatre capable de regarder tous ces petits personnages \u00e0 la surface de la roue, de les aider \u00e0 s\u2019en d\u00e9p\u00eatrer en les ramenant au centre, jusqu\u2019\u00e0 trouver sa vitesse de rotation optimale. Ainsi lorsque nous sommes ancr\u00e9s, le temps n\u2019est plus d\u00e9pendant du cadran (le cercle), qui constitue la surface de la roue, car c\u2019est la manivelle qui donne le rythme de rotation et donc d\u2019\u00e9volution. Celle-ci \u00e9tant au centre, le temps devient un point z\u00e9ro, o\u00f9 seul l\u2019instant pr\u00e9sent compte et permet d\u2019enclencher le m\u00e9canisme de la roue.<\/p>\n<p style=\"text-align: justify;\">\u00catre ancr\u00e9 en tout \u00e9tat de cause, c\u2019est accepter de sortir de ses petits personnages \u00e0 la surface de la roue, pour rentrer dans la conscience d\u2019\u00eatre au service du m\u00e9canisme activateur de la roue, son centre, le plus haut.<\/p>\n<p style=\"text-align: justify;\">C\u2019est l\u00e0 que peut se faire sentir un \u00e9tat o\u00f9 la soif s\u2019est \u00e9tanch\u00e9e, o\u00f9 le stress s\u2019est apais\u00e9, o\u00f9 le bonheur (bonne heure) se fait sentir.<\/p>\n<p style=\"text-align: justify;\">Merci, Merci, Merci<\/p>","protected":false},"excerpt":{"rendered":"<p>Bien souvent il m\u2019a a \u00e9t\u00e9 donn\u00e9 la possibilit\u00e9 de voyager et d\u2019en garder le souvenir, d\u2019explorer d\u2019autres syst\u00e8mes de ma conscience, dans d\u2019autres plans. Et ce que cela entra\u00eene c\u2019est une grande difficult\u00e9 \u00e0 revenir en pleine conscience dans son corps physique, pour vivre pleinement sa vie ici sur Terre, en tant qu\u2019humain. Je &hellip; <\/p>\n<p class=\"link-more\"><a href=\"https:\/\/ouvrir-son-coeur.fr\/index.php\/2024\/10\/23\/garder-les-pieds-sur-terre-en-tout-etat-de-cause\/\" class=\"more-link\">Continue reading<span class=\"screen-reader-text\"> \u00ab\u00a0Garder les pieds sur Terre en tout \u00e9tat de cause\u00a0\u00bb<\/span><\/a><\/p>\n","protected":false},"author":1,"featured_media":3008,"comment_status":"closed","ping_status":"closed","sticky":false,"template":"","format":"standard","meta":{"footnotes":""},"categories":[5],"tags":[],"class_list":["post-3007","post","type-post","status-publish","format-standard","has-post-thumbnail","hentry","category-evolution-de-conscience"],"yoast_head":"<!-- This site is optimized with the Yoast SEO plugin v27.2 - https:\/\/yoast.com\/product\/yoast-seo-wordpress\/ -->\n<title>Garder les pieds sur Terre en tout \u00e9tat de cause - Delphine ORIEUX<\/title>\n<meta name=\"robots\" content=\"index, follow, max-snippet:-1, max-image-preview:large, max-video-preview:-1\" \/>\n<link rel=\"canonical\" href=\"https:\/\/ouvrir-son-coeur.fr\/index.php\/2024\/10\/23\/garder-les-pieds-sur-terre-en-tout-etat-de-cause\/\" \/>\n<meta property=\"og:locale\" content=\"fr_FR\" \/>\n<meta property=\"og:type\" content=\"article\" \/>\n<meta property=\"og:title\" content=\"Garder les pieds sur Terre en tout \u00e9tat de cause - Delphine ORIEUX\" \/>\n<meta property=\"og:description\" content=\"Bien souvent il m\u2019a a \u00e9t\u00e9 donn\u00e9 la possibilit\u00e9 de voyager et d\u2019en garder le souvenir, d\u2019explorer d\u2019autres syst\u00e8mes de ma conscience, dans d\u2019autres plans. Et ce que cela entra\u00eene c\u2019est une grande difficult\u00e9 \u00e0 revenir en pleine conscience dans son corps physique, pour vivre pleinement sa vie ici sur Terre, en tant qu\u2019humain. Je &hellip; Continue reading &quot;Garder les pieds sur Terre en tout \u00e9tat de cause&quot;\" \/>\n<meta property=\"og:url\" content=\"https:\/\/ouvrir-son-coeur.fr\/index.php\/2024\/10\/23\/garder-les-pieds-sur-terre-en-tout-etat-de-cause\/\" \/>\n<meta property=\"og:site_name\" content=\"Delphine ORIEUX\" \/>\n<meta property=\"article:published_time\" content=\"2024-10-23T09:21:28+00:00\" \/>\n<meta property=\"article:modified_time\" content=\"2024-10-23T09:21:29+00:00\" \/>\n<meta property=\"og:image\" content=\"https:\/\/ouvrir-son-coeur.fr\/wp-content\/uploads\/2024\/10\/tree-6147402_1280.jpg\" \/>\n\t<meta property=\"og:image:width\" content=\"1280\" \/>\n\t<meta property=\"og:image:height\" content=\"853\" \/>\n\t<meta property=\"og:image:type\" content=\"image\/jpeg\" \/>\n<meta name=\"author\" content=\"Delphine\" \/>\n<meta name=\"twitter:card\" content=\"summary_large_image\" \/>\n<meta name=\"twitter:label1\" content=\"\u00c9crit par\" \/>\n\t<meta name=\"twitter:data1\" content=\"Delphine\" \/>\n\t<meta name=\"twitter:label2\" content=\"Dur\u00e9e de lecture estim\u00e9e\" \/>\n\t<meta name=\"twitter:data2\" content=\"5 minutes\" \/>\n<script type=\"application\/ld+json\" class=\"yoast-schema-graph\">{\"@context\":\"https:\/\/schema.org\",\"@graph\":[{\"@type\":\"Article\",\"@id\":\"https:\/\/ouvrir-son-coeur.fr\/index.php\/2024\/10\/23\/garder-les-pieds-sur-terre-en-tout-etat-de-cause\/#article\",\"isPartOf\":{\"@id\":\"https:\/\/ouvrir-son-coeur.fr\/index.php\/2024\/10\/23\/garder-les-pieds-sur-terre-en-tout-etat-de-cause\/\"},\"author\":{\"name\":\"Delphine\",\"@id\":\"https:\/\/ouvrir-son-coeur.fr\/#\/schema\/person\/79755406436a7adaddb901ee35a4d28c\"},\"headline\":\"Garder les pieds sur Terre en tout \u00e9tat de cause\",\"datePublished\":\"2024-10-23T09:21:28+00:00\",\"dateModified\":\"2024-10-23T09:21:29+00:00\",\"mainEntityOfPage\":{\"@id\":\"https:\/\/ouvrir-son-coeur.fr\/index.php\/2024\/10\/23\/garder-les-pieds-sur-terre-en-tout-etat-de-cause\/\"},\"wordCount\":1039,\"publisher\":{\"@id\":\"https:\/\/ouvrir-son-coeur.fr\/#organization\"},\"image\":{\"@id\":\"https:\/\/ouvrir-son-coeur.fr\/index.php\/2024\/10\/23\/garder-les-pieds-sur-terre-en-tout-etat-de-cause\/#primaryimage\"},\"thumbnailUrl\":\"https:\/\/ouvrir-son-coeur.fr\/wp-content\/uploads\/2024\/10\/tree-6147402_1280.jpg\",\"articleSection\":[\"Evolution de conscience\"],\"inLanguage\":\"fr-FR\"},{\"@type\":\"WebPage\",\"@id\":\"https:\/\/ouvrir-son-coeur.fr\/index.php\/2024\/10\/23\/garder-les-pieds-sur-terre-en-tout-etat-de-cause\/\",\"url\":\"https:\/\/ouvrir-son-coeur.fr\/index.php\/2024\/10\/23\/garder-les-pieds-sur-terre-en-tout-etat-de-cause\/\",\"name\":\"Garder les pieds sur Terre en tout \u00e9tat de cause - Delphine ORIEUX\",\"isPartOf\":{\"@id\":\"https:\/\/ouvrir-son-coeur.fr\/#website\"},\"primaryImageOfPage\":{\"@id\":\"https:\/\/ouvrir-son-coeur.fr\/index.php\/2024\/10\/23\/garder-les-pieds-sur-terre-en-tout-etat-de-cause\/#primaryimage\"},\"image\":{\"@id\":\"https:\/\/ouvrir-son-coeur.fr\/index.php\/2024\/10\/23\/garder-les-pieds-sur-terre-en-tout-etat-de-cause\/#primaryimage\"},\"thumbnailUrl\":\"https:\/\/ouvrir-son-coeur.fr\/wp-content\/uploads\/2024\/10\/tree-6147402_1280.jpg\",\"datePublished\":\"2024-10-23T09:21:28+00:00\",\"dateModified\":\"2024-10-23T09:21:29+00:00\",\"breadcrumb\":{\"@id\":\"https:\/\/ouvrir-son-coeur.fr\/index.php\/2024\/10\/23\/garder-les-pieds-sur-terre-en-tout-etat-de-cause\/#breadcrumb\"},\"inLanguage\":\"fr-FR\",\"potentialAction\":[{\"@type\":\"ReadAction\",\"target\":[\"https:\/\/ouvrir-son-coeur.fr\/index.php\/2024\/10\/23\/garder-les-pieds-sur-terre-en-tout-etat-de-cause\/\"]}]},{\"@type\":\"ImageObject\",\"inLanguage\":\"fr-FR\",\"@id\":\"https:\/\/ouvrir-son-coeur.fr\/index.php\/2024\/10\/23\/garder-les-pieds-sur-terre-en-tout-etat-de-cause\/#primaryimage\",\"url\":\"https:\/\/ouvrir-son-coeur.fr\/wp-content\/uploads\/2024\/10\/tree-6147402_1280.jpg\",\"contentUrl\":\"https:\/\/ouvrir-son-coeur.fr\/wp-content\/uploads\/2024\/10\/tree-6147402_1280.jpg\",\"width\":1280,\"height\":853},{\"@type\":\"BreadcrumbList\",\"@id\":\"https:\/\/ouvrir-son-coeur.fr\/index.php\/2024\/10\/23\/garder-les-pieds-sur-terre-en-tout-etat-de-cause\/#breadcrumb\",\"itemListElement\":[{\"@type\":\"ListItem\",\"position\":1,\"name\":\"Accueil\",\"item\":\"https:\/\/ouvrir-son-coeur.fr\/\"},{\"@type\":\"ListItem\",\"position\":2,\"name\":\"Garder les pieds sur Terre en tout \u00e9tat de cause\"}]},{\"@type\":\"WebSite\",\"@id\":\"https:\/\/ouvrir-son-coeur.fr\/#website\",\"url\":\"https:\/\/ouvrir-son-coeur.fr\/\",\"name\":\"Delphine ORIEUX\",\"description\":\"Ouvrir son coeur pour un retour \u00e0 soi\",\"publisher\":{\"@id\":\"https:\/\/ouvrir-son-coeur.fr\/#organization\"},\"potentialAction\":[{\"@type\":\"SearchAction\",\"target\":{\"@type\":\"EntryPoint\",\"urlTemplate\":\"https:\/\/ouvrir-son-coeur.fr\/?s={search_term_string}\"},\"query-input\":{\"@type\":\"PropertyValueSpecification\",\"valueRequired\":true,\"valueName\":\"search_term_string\"}}],\"inLanguage\":\"fr-FR\"},{\"@type\":\"Organization\",\"@id\":\"https:\/\/ouvrir-son-coeur.fr\/#organization\",\"name\":\"Delphine ORIEUX\",\"url\":\"https:\/\/ouvrir-son-coeur.fr\/\",\"logo\":{\"@type\":\"ImageObject\",\"inLanguage\":\"fr-FR\",\"@id\":\"https:\/\/ouvrir-son-coeur.fr\/#\/schema\/logo\/image\/\",\"url\":\"https:\/\/ouvrir-son-coeur.fr\/wp-content\/uploads\/2019\/10\/cropped-71673114_2509801119097527_6138808206555611136_o-15.jpg\",\"contentUrl\":\"https:\/\/ouvrir-son-coeur.fr\/wp-content\/uploads\/2019\/10\/cropped-71673114_2509801119097527_6138808206555611136_o-15.jpg\",\"width\":546,\"height\":505,\"caption\":\"Delphine ORIEUX\"},\"image\":{\"@id\":\"https:\/\/ouvrir-son-coeur.fr\/#\/schema\/logo\/image\/\"}},{\"@type\":\"Person\",\"@id\":\"https:\/\/ouvrir-son-coeur.fr\/#\/schema\/person\/79755406436a7adaddb901ee35a4d28c\",\"name\":\"Delphine\",\"image\":{\"@type\":\"ImageObject\",\"inLanguage\":\"fr-FR\",\"@id\":\"https:\/\/secure.gravatar.com\/avatar\/4feb5ead4d5221e0fd82faeb7afb26cb5db06cdb420750aab1923c6a5e1ac1ac?s=96&d=mm&r=g\",\"url\":\"https:\/\/secure.gravatar.com\/avatar\/4feb5ead4d5221e0fd82faeb7afb26cb5db06cdb420750aab1923c6a5e1ac1ac?s=96&d=mm&r=g\",\"contentUrl\":\"https:\/\/secure.gravatar.com\/avatar\/4feb5ead4d5221e0fd82faeb7afb26cb5db06cdb420750aab1923c6a5e1ac1ac?s=96&d=mm&r=g\",\"caption\":\"Delphine\"},\"url\":\"https:\/\/ouvrir-son-coeur.fr\/index.php\/author\/admin2719\/\"}]}<\/script>\n<!-- \/ Yoast SEO plugin. -->","yoast_head_json":{"title":"Garder les pieds sur Terre en tout \u00e9tat de cause - Delphine ORIEUX","robots":{"index":"index","follow":"follow","max-snippet":"max-snippet:-1","max-image-preview":"max-image-preview:large","max-video-preview":"max-video-preview:-1"},"canonical":"https:\/\/ouvrir-son-coeur.fr\/index.php\/2024\/10\/23\/garder-les-pieds-sur-terre-en-tout-etat-de-cause\/","og_locale":"fr_FR","og_type":"article","og_title":"Garder les pieds sur Terre en tout \u00e9tat de cause - Delphine ORIEUX","og_description":"Bien souvent il m\u2019a a \u00e9t\u00e9 donn\u00e9 la possibilit\u00e9 de voyager et d\u2019en garder le souvenir, d\u2019explorer d\u2019autres syst\u00e8mes de ma conscience, dans d\u2019autres plans. Et ce que cela entra\u00eene c\u2019est une grande difficult\u00e9 \u00e0 revenir en pleine conscience dans son corps physique, pour vivre pleinement sa vie ici sur Terre, en tant qu\u2019humain. Je &hellip; Continue reading \"Garder les pieds sur Terre en tout \u00e9tat de cause\"","og_url":"https:\/\/ouvrir-son-coeur.fr\/index.php\/2024\/10\/23\/garder-les-pieds-sur-terre-en-tout-etat-de-cause\/","og_site_name":"Delphine ORIEUX","article_published_time":"2024-10-23T09:21:28+00:00","article_modified_time":"2024-10-23T09:21:29+00:00","og_image":[{"width":1280,"height":853,"url":"https:\/\/ouvrir-son-coeur.fr\/wp-content\/uploads\/2024\/10\/tree-6147402_1280.jpg","type":"image\/jpeg"}],"author":"Delphine","twitter_card":"summary_large_image","twitter_misc":{"\u00c9crit par":"Delphine","Dur\u00e9e de lecture estim\u00e9e":"5 minutes"},"schema":{"@context":"https:\/\/schema.org","@graph":[{"@type":"Article","@id":"https:\/\/ouvrir-son-coeur.fr\/index.php\/2024\/10\/23\/garder-les-pieds-sur-terre-en-tout-etat-de-cause\/#article","isPartOf":{"@id":"https:\/\/ouvrir-son-coeur.fr\/index.php\/2024\/10\/23\/garder-les-pieds-sur-terre-en-tout-etat-de-cause\/"},"author":{"name":"Delphine","@id":"https:\/\/ouvrir-son-coeur.fr\/#\/schema\/person\/79755406436a7adaddb901ee35a4d28c"},"headline":"Garder les pieds sur Terre en tout \u00e9tat de cause","datePublished":"2024-10-23T09:21:28+00:00","dateModified":"2024-10-23T09:21:29+00:00","mainEntityOfPage":{"@id":"https:\/\/ouvrir-son-coeur.fr\/index.php\/2024\/10\/23\/garder-les-pieds-sur-terre-en-tout-etat-de-cause\/"},"wordCount":1039,"publisher":{"@id":"https:\/\/ouvrir-son-coeur.fr\/#organization"},"image":{"@id":"https:\/\/ouvrir-son-coeur.fr\/index.php\/2024\/10\/23\/garder-les-pieds-sur-terre-en-tout-etat-de-cause\/#primaryimage"},"thumbnailUrl":"https:\/\/ouvrir-son-coeur.fr\/wp-content\/uploads\/2024\/10\/tree-6147402_1280.jpg","articleSection":["Evolution de conscience"],"inLanguage":"fr-FR"},{"@type":"WebPage","@id":"https:\/\/ouvrir-son-coeur.fr\/index.php\/2024\/10\/23\/garder-les-pieds-sur-terre-en-tout-etat-de-cause\/","url":"https:\/\/ouvrir-son-coeur.fr\/index.php\/2024\/10\/23\/garder-les-pieds-sur-terre-en-tout-etat-de-cause\/","name":"Garder les pieds sur Terre en tout \u00e9tat de cause - Delphine ORIEUX","isPartOf":{"@id":"https:\/\/ouvrir-son-coeur.fr\/#website"},"primaryImageOfPage":{"@id":"https:\/\/ouvrir-son-coeur.fr\/index.php\/2024\/10\/23\/garder-les-pieds-sur-terre-en-tout-etat-de-cause\/#primaryimage"},"image":{"@id":"https:\/\/ouvrir-son-coeur.fr\/index.php\/2024\/10\/23\/garder-les-pieds-sur-terre-en-tout-etat-de-cause\/#primaryimage"},"thumbnailUrl":"https:\/\/ouvrir-son-coeur.fr\/wp-content\/uploads\/2024\/10\/tree-6147402_1280.jpg","datePublished":"2024-10-23T09:21:28+00:00","dateModified":"2024-10-23T09:21:29+00:00","breadcrumb":{"@id":"https:\/\/ouvrir-son-coeur.fr\/index.php\/2024\/10\/23\/garder-les-pieds-sur-terre-en-tout-etat-de-cause\/#breadcrumb"},"inLanguage":"fr-FR","potentialAction":[{"@type":"ReadAction","target":["https:\/\/ouvrir-son-coeur.fr\/index.php\/2024\/10\/23\/garder-les-pieds-sur-terre-en-tout-etat-de-cause\/"]}]},{"@type":"ImageObject","inLanguage":"fr-FR","@id":"https:\/\/ouvrir-son-coeur.fr\/index.php\/2024\/10\/23\/garder-les-pieds-sur-terre-en-tout-etat-de-cause\/#primaryimage","url":"https:\/\/ouvrir-son-coeur.fr\/wp-content\/uploads\/2024\/10\/tree-6147402_1280.jpg","contentUrl":"https:\/\/ouvrir-son-coeur.fr\/wp-content\/uploads\/2024\/10\/tree-6147402_1280.jpg","width":1280,"height":853},{"@type":"BreadcrumbList","@id":"https:\/\/ouvrir-son-coeur.fr\/index.php\/2024\/10\/23\/garder-les-pieds-sur-terre-en-tout-etat-de-cause\/#breadcrumb","itemListElement":[{"@type":"ListItem","position":1,"name":"Accueil","item":"https:\/\/ouvrir-son-coeur.fr\/"},{"@type":"ListItem","position":2,"name":"Garder les pieds sur Terre en tout \u00e9tat de cause"}]},{"@type":"WebSite","@id":"https:\/\/ouvrir-son-coeur.fr\/#website","url":"https:\/\/ouvrir-son-coeur.fr\/","name":"Delphine ORIEUX","description":"Ouvrir son coeur pour un retour \u00e0 soi","publisher":{"@id":"https:\/\/ouvrir-son-coeur.fr\/#organization"},"potentialAction":[{"@type":"SearchAction","target":{"@type":"EntryPoint","urlTemplate":"https:\/\/ouvrir-son-coeur.fr\/?s={search_term_string}"},"query-input":{"@type":"PropertyValueSpecification","valueRequired":true,"valueName":"search_term_string"}}],"inLanguage":"fr-FR"},{"@type":"Organization","@id":"https:\/\/ouvrir-son-coeur.fr\/#organization","name":"Delphine ORIEUX","url":"https:\/\/ouvrir-son-coeur.fr\/","logo":{"@type":"ImageObject","inLanguage":"fr-FR","@id":"https:\/\/ouvrir-son-coeur.fr\/#\/schema\/logo\/image\/","url":"https:\/\/ouvrir-son-coeur.fr\/wp-content\/uploads\/2019\/10\/cropped-71673114_2509801119097527_6138808206555611136_o-15.jpg","contentUrl":"https:\/\/ouvrir-son-coeur.fr\/wp-content\/uploads\/2019\/10\/cropped-71673114_2509801119097527_6138808206555611136_o-15.jpg","width":546,"height":505,"caption":"Delphine ORIEUX"},"image":{"@id":"https:\/\/ouvrir-son-coeur.fr\/#\/schema\/logo\/image\/"}},{"@type":"Person","@id":"https:\/\/ouvrir-son-coeur.fr\/#\/schema\/person\/79755406436a7adaddb901ee35a4d28c","name":"Delphine","image":{"@type":"ImageObject","inLanguage":"fr-FR","@id":"https:\/\/secure.gravatar.com\/avatar\/4feb5ead4d5221e0fd82faeb7afb26cb5db06cdb420750aab1923c6a5e1ac1ac?s=96&d=mm&r=g","url":"https:\/\/secure.gravatar.com\/avatar\/4feb5ead4d5221e0fd82faeb7afb26cb5db06cdb420750aab1923c6a5e1ac1ac?s=96&d=mm&r=g","contentUrl":"https:\/\/secure.gravatar.com\/avatar\/4feb5ead4d5221e0fd82faeb7afb26cb5db06cdb420750aab1923c6a5e1ac1ac?s=96&d=mm&r=g","caption":"Delphine"},"url":"https:\/\/ouvrir-son-coeur.fr\/index.php\/author\/admin2719\/"}]}},"_links":{"self":[{"href":"https:\/\/ouvrir-son-coeur.fr\/index.php\/wp-json\/wp\/v2\/posts\/3007","targetHints":{"allow":["GET"]}}],"collection":[{"href":"https:\/\/ouvrir-son-coeur.fr\/index.php\/wp-json\/wp\/v2\/posts"}],"about":[{"href":"https:\/\/ouvrir-son-coeur.fr\/index.php\/wp-json\/wp\/v2\/types\/post"}],"author":[{"embeddable":true,"href":"https:\/\/ouvrir-son-coeur.fr\/index.php\/wp-json\/wp\/v2\/users\/1"}],"replies":[{"embeddable":true,"href":"https:\/\/ouvrir-son-coeur.fr\/index.php\/wp-json\/wp\/v2\/comments?post=3007"}],"version-history":[{"count":1,"href":"https:\/\/ouvrir-son-coeur.fr\/index.php\/wp-json\/wp\/v2\/posts\/3007\/revisions"}],"predecessor-version":[{"id":3009,"href":"https:\/\/ouvrir-son-coeur.fr\/index.php\/wp-json\/wp\/v2\/posts\/3007\/revisions\/3009"}],"wp:featuredmedia":[{"embeddable":true,"href":"https:\/\/ouvrir-son-coeur.fr\/index.php\/wp-json\/wp\/v2\/media\/3008"}],"wp:attachment":[{"href":"https:\/\/ouvrir-son-coeur.fr\/index.php\/wp-json\/wp\/v2\/media?parent=3007"}],"wp:term":[{"taxonomy":"category","embeddable":true,"href":"https:\/\/ouvrir-son-coeur.fr\/index.php\/wp-json\/wp\/v2\/categories?post=3007"},{"taxonomy":"post_tag","embeddable":true,"href":"https:\/\/ouvrir-son-coeur.fr\/index.php\/wp-json\/wp\/v2\/tags?post=3007"}],"curies":[{"name":"wp","href":"https:\/\/api.w.org\/{rel}","templated":true}]}}