{"id":2983,"date":"2024-08-24T08:32:48","date_gmt":"2024-08-24T06:32:48","guid":{"rendered":"https:\/\/ouvrir-son-coeur.fr\/?p=2983"},"modified":"2024-08-24T08:32:50","modified_gmt":"2024-08-24T06:32:50","slug":"la-marche-initiatique-avec-le-soleil","status":"publish","type":"post","link":"https:\/\/ouvrir-son-coeur.fr\/index.php\/2024\/08\/24\/la-marche-initiatique-avec-le-soleil\/","title":{"rendered":"La marche initiatique avec le Soleil"},"content":{"rendered":"<div class=\"wp-block-image\">\n<figure class=\"aligncenter size-large\"><img loading=\"lazy\" decoding=\"async\" width=\"1024\" height=\"682\" src=\"https:\/\/ouvrir-son-coeur.fr\/wp-content\/uploads\/2024\/08\/sunset-2592731_1280-1024x682.jpg\" alt=\"\" class=\"wp-image-2984\" srcset=\"https:\/\/ouvrir-son-coeur.fr\/wp-content\/uploads\/2024\/08\/sunset-2592731_1280-1024x682.jpg 1024w, https:\/\/ouvrir-son-coeur.fr\/wp-content\/uploads\/2024\/08\/sunset-2592731_1280-300x200.jpg 300w, https:\/\/ouvrir-son-coeur.fr\/wp-content\/uploads\/2024\/08\/sunset-2592731_1280-768x512.jpg 768w, https:\/\/ouvrir-son-coeur.fr\/wp-content\/uploads\/2024\/08\/sunset-2592731_1280-1200x800.jpg 1200w, https:\/\/ouvrir-son-coeur.fr\/wp-content\/uploads\/2024\/08\/sunset-2592731_1280.jpg 1280w\" sizes=\"auto, (max-width: 1024px) 100vw, 1024px\" \/><\/figure>\n<\/div>\n\n<p style=\"text-align: justify;\">Le long de la plage je marche dos au Soleil et je me trouve face \u00e0 mon ombre.<\/p>\n<p style=\"text-align: justify;\">Qu&rsquo;est-elle? Une projection de mon corps, de tout ce qui est cristallis\u00e9 en moi, de toutes les croyances, les r\u00e9sistances, toutes les \u00e9motions basses, en somme tout ce qui n&rsquo;est pas \u00e9clair\u00e9.<\/p>\n<p style=\"text-align: justify;\">Je visualise ainsi des moments de mon enfance, de ma vie, de tout ce que j&rsquo;ai cru \u00eatre et que j&rsquo;ai projet\u00e9 comme image de moi, dans le monde dans lequel je me trouve. Et je regarde cette ombre, sa silhouette, je ressens et j&rsquo;observe ce qui se passe.<\/p>\n<p style=\"text-align: justify;\">D&rsquo;un pas lent mais rythm\u00e9, j&rsquo;avance sur la plage, en prenant conscience de chaque pas, des sensations sous mes pieds qui s&rsquo;enfoncent dans le sable, tout en regardant l&rsquo;ombre que je projette, qui me suit et que je ne suis pourtant pas.<\/p>\n<p style=\"text-align: justify;\">Seuls de courts moments o\u00f9 les nuages abaissant la luminosit\u00e9, me font oublier la pr\u00e9sence de l&rsquo;ombre, qui revient d\u00e8s que le soleil r\u00e9appara\u00eet. Quand la direction change, la silhouette d\u00e9vie l\u00e9g\u00e8rement, dans l&rsquo;axe du Soleil que moi et seulement moi cache.<\/p>\n<p style=\"text-align: justify;\">Qu&rsquo;est-ce que cela signifie? L&rsquo;ombre a-t\u2019elle plusieurs facettes? Pourquoi semble t\u2019elle si diff\u00e9rente vu dans un angle ou un autre?<\/p>\n<p style=\"text-align: justify;\">Je d\u00e9cide de marcher jusqu&rsquo;\u00e0 accepter l&rsquo;ombre telle qu&rsquo;elle est, sans ne plus vouloir la fuir. En regardant le noir profond qu&rsquo;elle \u00e9mane, d\u00e9sormais je choisis de ne plus avoir peur et de la regarder en face \u00e0 face.<\/p>\n<p style=\"text-align: justify;\">Qu&rsquo;ai-je fait ? Qu&rsquo;ai-je distorsionn\u00e9? Qu&rsquo;ai-je ressenti durant ces instants o\u00f9 j&rsquo;ai cr\u00e9\u00e9 de l&rsquo;ombre? Pourquoi ai-je continu\u00e9 \u00e0 m&rsquo;enfoncer et \u00e0 vivre moi-m\u00eame aux crochets de ces peurs qui ont d\u00e9cid\u00e9 de ce que j&rsquo;allais vivre et subir?<\/p>\n<p style=\"text-align: justify;\">Je marche encore et encore, face \u00e0 l&rsquo;obscurit\u00e9 de ma projection, jusqu&rsquo;\u00e0 ressentir la chaleur du Soleil m&rsquo;envahir, depuis le c\u0153ur.<\/p>\n<p style=\"text-align: justify;\">Cette chaleur douce et r\u00e9confortante, tout en \u00e9tant puissante et gu\u00e9rissante, me fait vibrer cette r\u00e9ponse par la sensation et la connexion qu&rsquo;elle me procure : \u00ab\u00a0pour retrouver le chemin de l&rsquo;Amour !\u00a0\u00bb<\/p>\n<p style=\"text-align: justify;\">En retrouvant la Lumi\u00e8re au sortir de l&rsquo;obscurit\u00e9, une douce et grande main divine, vient m&rsquo;enlacer pour me rappeler qu&rsquo;elle a toujours \u00e9t\u00e9 l\u00e0 et que je l&rsquo;avais momentan\u00e9ment oubli\u00e9.<\/p>\n<p style=\"text-align: justify;\">Ainsi j&rsquo;observe cette ombre et la ressens toute \u00e9tincelante, en train de s&rsquo;illuminer. J&rsquo;arrive \u00e0 la percevoir int\u00e9rieurement comme une silhouette qui se fond parmi la Lumi\u00e8re. Petit \u00e0 petit, le noir chancelle pour devenir Lumi\u00e8re parmi la Lumi\u00e8re.<\/p>\n<p style=\"text-align: justify;\">Naturellement je me retourne alors et me trouve face au Soleil. Je laisse ainsi la Lumi\u00e8re m&rsquo;inonder et continuer \u00e0 m&rsquo;illuminer, tout en marchant de plus en plus vite, pour retourner \u00e0 la maison.<\/p>\n<p style=\"text-align: justify;\">Et l\u00e0 je me dis que la maison n&rsquo;est pas mon toit ou mon foyer, c&rsquo;est l&rsquo;\u00e9tat d&rsquo;Amour \u00e9clair\u00e9 par la Lumi\u00e8re du Soleil, \u00e0 l&rsquo;int\u00e9rieur de moi. C&rsquo;est la conscience que la Lumi\u00e8re est ma maison et que celle-ci me guide pour marcher l\u00e0 o\u00f9 mon \u00eatre a choisi d&rsquo;exister, de vivre et de s&rsquo;expanser, \u00e0 travers la projection qu&rsquo;est mon ensemble de corps, \u00e2me et Esprit, ici et maintenant.<\/p>\n<p style=\"text-align: justify;\">Je finis ma marche en m&rsquo;immergeant totalement dans le bleu turquoise de l&rsquo;eau saline du lagon, pour laisser aller ce tout ce que je suis pr\u00eate \u00e0 laisser aller. La purification se termine par un appel \u00e0 me reconnecter \u00e0 ma nature profonde : ma Lumi\u00e8re teint\u00e9e de ses belles couleurs, qui font de mon \u00eatre, un \u00eatre individualis\u00e9 le temps de quelques cycles d&rsquo;existence, jusqu&rsquo;au prochain rappel de la Source, pour ensuite continuer unifi\u00e9e.<\/p>\n<p style=\"text-align: justify;\">J&rsquo;invite qui en ressent l&rsquo;appel \u00e0 faire sa propre marche initiatique avec le Soleil, pour retrouver le chemin de la Lumi\u00e8re, ici \u00e0 la surface de la Terre. Cette marche est tout autant symbolique que physique. C&rsquo;est en unifiant la Lumi\u00e8re avec la mati\u00e8re, que l&rsquo;alchimie s&rsquo;op\u00e8re.<\/p>\n<p style=\"text-align: justify;\">Merci, Merci, Merci<\/p>","protected":false},"excerpt":{"rendered":"<p>Le long de la plage je marche dos au Soleil et je me trouve face \u00e0 mon ombre. Qu&rsquo;est-elle? Une projection de mon corps, de tout ce qui est cristallis\u00e9 en moi, de toutes les croyances, les r\u00e9sistances, toutes les \u00e9motions basses, en somme tout ce qui n&rsquo;est pas \u00e9clair\u00e9. Je visualise ainsi des moments &hellip; <\/p>\n<p class=\"link-more\"><a href=\"https:\/\/ouvrir-son-coeur.fr\/index.php\/2024\/08\/24\/la-marche-initiatique-avec-le-soleil\/\" class=\"more-link\">Continue reading<span class=\"screen-reader-text\"> \u00ab\u00a0La marche initiatique avec le Soleil\u00a0\u00bb<\/span><\/a><\/p>\n","protected":false},"author":1,"featured_media":2984,"comment_status":"closed","ping_status":"closed","sticky":false,"template":"","format":"standard","meta":{"footnotes":""},"categories":[5,25],"tags":[],"class_list":["post-2983","post","type-post","status-publish","format-standard","has-post-thumbnail","hentry","category-evolution-de-conscience","category-partage-dexperiences"],"yoast_head":"<!-- This site is optimized with the Yoast SEO plugin v27.2 - https:\/\/yoast.com\/product\/yoast-seo-wordpress\/ -->\n<title>La marche initiatique avec le Soleil - Delphine ORIEUX<\/title>\n<meta name=\"robots\" content=\"index, follow, max-snippet:-1, max-image-preview:large, max-video-preview:-1\" \/>\n<link rel=\"canonical\" href=\"https:\/\/ouvrir-son-coeur.fr\/index.php\/2024\/08\/24\/la-marche-initiatique-avec-le-soleil\/\" \/>\n<meta property=\"og:locale\" content=\"fr_FR\" \/>\n<meta property=\"og:type\" content=\"article\" \/>\n<meta property=\"og:title\" content=\"La marche initiatique avec le Soleil - Delphine ORIEUX\" \/>\n<meta property=\"og:description\" content=\"Le long de la plage je marche dos au Soleil et je me trouve face \u00e0 mon ombre. Qu&rsquo;est-elle? Une projection de mon corps, de tout ce qui est cristallis\u00e9 en moi, de toutes les croyances, les r\u00e9sistances, toutes les \u00e9motions basses, en somme tout ce qui n&rsquo;est pas \u00e9clair\u00e9. Je visualise ainsi des moments &hellip; Continue reading &quot;La marche initiatique avec le Soleil&quot;\" \/>\n<meta property=\"og:url\" content=\"https:\/\/ouvrir-son-coeur.fr\/index.php\/2024\/08\/24\/la-marche-initiatique-avec-le-soleil\/\" \/>\n<meta property=\"og:site_name\" content=\"Delphine ORIEUX\" \/>\n<meta property=\"article:published_time\" content=\"2024-08-24T06:32:48+00:00\" \/>\n<meta property=\"article:modified_time\" content=\"2024-08-24T06:32:50+00:00\" \/>\n<meta property=\"og:image\" content=\"https:\/\/ouvrir-son-coeur.fr\/wp-content\/uploads\/2024\/08\/sunset-2592731_1280.jpg\" \/>\n\t<meta property=\"og:image:width\" content=\"1280\" \/>\n\t<meta property=\"og:image:height\" content=\"853\" \/>\n\t<meta property=\"og:image:type\" content=\"image\/jpeg\" \/>\n<meta name=\"author\" content=\"Delphine\" \/>\n<meta name=\"twitter:card\" content=\"summary_large_image\" \/>\n<meta name=\"twitter:label1\" content=\"\u00c9crit par\" \/>\n\t<meta name=\"twitter:data1\" content=\"Delphine\" \/>\n\t<meta name=\"twitter:label2\" content=\"Dur\u00e9e de lecture estim\u00e9e\" \/>\n\t<meta name=\"twitter:data2\" content=\"4 minutes\" \/>\n<script type=\"application\/ld+json\" class=\"yoast-schema-graph\">{\"@context\":\"https:\/\/schema.org\",\"@graph\":[{\"@type\":\"Article\",\"@id\":\"https:\/\/ouvrir-son-coeur.fr\/index.php\/2024\/08\/24\/la-marche-initiatique-avec-le-soleil\/#article\",\"isPartOf\":{\"@id\":\"https:\/\/ouvrir-son-coeur.fr\/index.php\/2024\/08\/24\/la-marche-initiatique-avec-le-soleil\/\"},\"author\":{\"name\":\"Delphine\",\"@id\":\"https:\/\/ouvrir-son-coeur.fr\/#\/schema\/person\/79755406436a7adaddb901ee35a4d28c\"},\"headline\":\"La marche initiatique avec le Soleil\",\"datePublished\":\"2024-08-24T06:32:48+00:00\",\"dateModified\":\"2024-08-24T06:32:50+00:00\",\"mainEntityOfPage\":{\"@id\":\"https:\/\/ouvrir-son-coeur.fr\/index.php\/2024\/08\/24\/la-marche-initiatique-avec-le-soleil\/\"},\"wordCount\":658,\"publisher\":{\"@id\":\"https:\/\/ouvrir-son-coeur.fr\/#organization\"},\"image\":{\"@id\":\"https:\/\/ouvrir-son-coeur.fr\/index.php\/2024\/08\/24\/la-marche-initiatique-avec-le-soleil\/#primaryimage\"},\"thumbnailUrl\":\"https:\/\/ouvrir-son-coeur.fr\/wp-content\/uploads\/2024\/08\/sunset-2592731_1280.jpg\",\"articleSection\":[\"Evolution de conscience\",\"Partage d'exp\u00e9riences\"],\"inLanguage\":\"fr-FR\"},{\"@type\":\"WebPage\",\"@id\":\"https:\/\/ouvrir-son-coeur.fr\/index.php\/2024\/08\/24\/la-marche-initiatique-avec-le-soleil\/\",\"url\":\"https:\/\/ouvrir-son-coeur.fr\/index.php\/2024\/08\/24\/la-marche-initiatique-avec-le-soleil\/\",\"name\":\"La marche initiatique avec le Soleil - Delphine ORIEUX\",\"isPartOf\":{\"@id\":\"https:\/\/ouvrir-son-coeur.fr\/#website\"},\"primaryImageOfPage\":{\"@id\":\"https:\/\/ouvrir-son-coeur.fr\/index.php\/2024\/08\/24\/la-marche-initiatique-avec-le-soleil\/#primaryimage\"},\"image\":{\"@id\":\"https:\/\/ouvrir-son-coeur.fr\/index.php\/2024\/08\/24\/la-marche-initiatique-avec-le-soleil\/#primaryimage\"},\"thumbnailUrl\":\"https:\/\/ouvrir-son-coeur.fr\/wp-content\/uploads\/2024\/08\/sunset-2592731_1280.jpg\",\"datePublished\":\"2024-08-24T06:32:48+00:00\",\"dateModified\":\"2024-08-24T06:32:50+00:00\",\"breadcrumb\":{\"@id\":\"https:\/\/ouvrir-son-coeur.fr\/index.php\/2024\/08\/24\/la-marche-initiatique-avec-le-soleil\/#breadcrumb\"},\"inLanguage\":\"fr-FR\",\"potentialAction\":[{\"@type\":\"ReadAction\",\"target\":[\"https:\/\/ouvrir-son-coeur.fr\/index.php\/2024\/08\/24\/la-marche-initiatique-avec-le-soleil\/\"]}]},{\"@type\":\"ImageObject\",\"inLanguage\":\"fr-FR\",\"@id\":\"https:\/\/ouvrir-son-coeur.fr\/index.php\/2024\/08\/24\/la-marche-initiatique-avec-le-soleil\/#primaryimage\",\"url\":\"https:\/\/ouvrir-son-coeur.fr\/wp-content\/uploads\/2024\/08\/sunset-2592731_1280.jpg\",\"contentUrl\":\"https:\/\/ouvrir-son-coeur.fr\/wp-content\/uploads\/2024\/08\/sunset-2592731_1280.jpg\",\"width\":1280,\"height\":853},{\"@type\":\"BreadcrumbList\",\"@id\":\"https:\/\/ouvrir-son-coeur.fr\/index.php\/2024\/08\/24\/la-marche-initiatique-avec-le-soleil\/#breadcrumb\",\"itemListElement\":[{\"@type\":\"ListItem\",\"position\":1,\"name\":\"Accueil\",\"item\":\"https:\/\/ouvrir-son-coeur.fr\/\"},{\"@type\":\"ListItem\",\"position\":2,\"name\":\"La marche initiatique avec le Soleil\"}]},{\"@type\":\"WebSite\",\"@id\":\"https:\/\/ouvrir-son-coeur.fr\/#website\",\"url\":\"https:\/\/ouvrir-son-coeur.fr\/\",\"name\":\"Delphine ORIEUX\",\"description\":\"Ouvrir son coeur pour un retour \u00e0 soi\",\"publisher\":{\"@id\":\"https:\/\/ouvrir-son-coeur.fr\/#organization\"},\"potentialAction\":[{\"@type\":\"SearchAction\",\"target\":{\"@type\":\"EntryPoint\",\"urlTemplate\":\"https:\/\/ouvrir-son-coeur.fr\/?s={search_term_string}\"},\"query-input\":{\"@type\":\"PropertyValueSpecification\",\"valueRequired\":true,\"valueName\":\"search_term_string\"}}],\"inLanguage\":\"fr-FR\"},{\"@type\":\"Organization\",\"@id\":\"https:\/\/ouvrir-son-coeur.fr\/#organization\",\"name\":\"Delphine ORIEUX\",\"url\":\"https:\/\/ouvrir-son-coeur.fr\/\",\"logo\":{\"@type\":\"ImageObject\",\"inLanguage\":\"fr-FR\",\"@id\":\"https:\/\/ouvrir-son-coeur.fr\/#\/schema\/logo\/image\/\",\"url\":\"https:\/\/ouvrir-son-coeur.fr\/wp-content\/uploads\/2019\/10\/cropped-71673114_2509801119097527_6138808206555611136_o-15.jpg\",\"contentUrl\":\"https:\/\/ouvrir-son-coeur.fr\/wp-content\/uploads\/2019\/10\/cropped-71673114_2509801119097527_6138808206555611136_o-15.jpg\",\"width\":546,\"height\":505,\"caption\":\"Delphine ORIEUX\"},\"image\":{\"@id\":\"https:\/\/ouvrir-son-coeur.fr\/#\/schema\/logo\/image\/\"}},{\"@type\":\"Person\",\"@id\":\"https:\/\/ouvrir-son-coeur.fr\/#\/schema\/person\/79755406436a7adaddb901ee35a4d28c\",\"name\":\"Delphine\",\"image\":{\"@type\":\"ImageObject\",\"inLanguage\":\"fr-FR\",\"@id\":\"https:\/\/secure.gravatar.com\/avatar\/4feb5ead4d5221e0fd82faeb7afb26cb5db06cdb420750aab1923c6a5e1ac1ac?s=96&d=mm&r=g\",\"url\":\"https:\/\/secure.gravatar.com\/avatar\/4feb5ead4d5221e0fd82faeb7afb26cb5db06cdb420750aab1923c6a5e1ac1ac?s=96&d=mm&r=g\",\"contentUrl\":\"https:\/\/secure.gravatar.com\/avatar\/4feb5ead4d5221e0fd82faeb7afb26cb5db06cdb420750aab1923c6a5e1ac1ac?s=96&d=mm&r=g\",\"caption\":\"Delphine\"},\"url\":\"https:\/\/ouvrir-son-coeur.fr\/index.php\/author\/admin2719\/\"}]}<\/script>\n<!-- \/ Yoast SEO plugin. -->","yoast_head_json":{"title":"La marche initiatique avec le Soleil - Delphine ORIEUX","robots":{"index":"index","follow":"follow","max-snippet":"max-snippet:-1","max-image-preview":"max-image-preview:large","max-video-preview":"max-video-preview:-1"},"canonical":"https:\/\/ouvrir-son-coeur.fr\/index.php\/2024\/08\/24\/la-marche-initiatique-avec-le-soleil\/","og_locale":"fr_FR","og_type":"article","og_title":"La marche initiatique avec le Soleil - Delphine ORIEUX","og_description":"Le long de la plage je marche dos au Soleil et je me trouve face \u00e0 mon ombre. Qu&rsquo;est-elle? Une projection de mon corps, de tout ce qui est cristallis\u00e9 en moi, de toutes les croyances, les r\u00e9sistances, toutes les \u00e9motions basses, en somme tout ce qui n&rsquo;est pas \u00e9clair\u00e9. Je visualise ainsi des moments &hellip; Continue reading \"La marche initiatique avec le Soleil\"","og_url":"https:\/\/ouvrir-son-coeur.fr\/index.php\/2024\/08\/24\/la-marche-initiatique-avec-le-soleil\/","og_site_name":"Delphine ORIEUX","article_published_time":"2024-08-24T06:32:48+00:00","article_modified_time":"2024-08-24T06:32:50+00:00","og_image":[{"width":1280,"height":853,"url":"https:\/\/ouvrir-son-coeur.fr\/wp-content\/uploads\/2024\/08\/sunset-2592731_1280.jpg","type":"image\/jpeg"}],"author":"Delphine","twitter_card":"summary_large_image","twitter_misc":{"\u00c9crit par":"Delphine","Dur\u00e9e de lecture estim\u00e9e":"4 minutes"},"schema":{"@context":"https:\/\/schema.org","@graph":[{"@type":"Article","@id":"https:\/\/ouvrir-son-coeur.fr\/index.php\/2024\/08\/24\/la-marche-initiatique-avec-le-soleil\/#article","isPartOf":{"@id":"https:\/\/ouvrir-son-coeur.fr\/index.php\/2024\/08\/24\/la-marche-initiatique-avec-le-soleil\/"},"author":{"name":"Delphine","@id":"https:\/\/ouvrir-son-coeur.fr\/#\/schema\/person\/79755406436a7adaddb901ee35a4d28c"},"headline":"La marche initiatique avec le Soleil","datePublished":"2024-08-24T06:32:48+00:00","dateModified":"2024-08-24T06:32:50+00:00","mainEntityOfPage":{"@id":"https:\/\/ouvrir-son-coeur.fr\/index.php\/2024\/08\/24\/la-marche-initiatique-avec-le-soleil\/"},"wordCount":658,"publisher":{"@id":"https:\/\/ouvrir-son-coeur.fr\/#organization"},"image":{"@id":"https:\/\/ouvrir-son-coeur.fr\/index.php\/2024\/08\/24\/la-marche-initiatique-avec-le-soleil\/#primaryimage"},"thumbnailUrl":"https:\/\/ouvrir-son-coeur.fr\/wp-content\/uploads\/2024\/08\/sunset-2592731_1280.jpg","articleSection":["Evolution de conscience","Partage d'exp\u00e9riences"],"inLanguage":"fr-FR"},{"@type":"WebPage","@id":"https:\/\/ouvrir-son-coeur.fr\/index.php\/2024\/08\/24\/la-marche-initiatique-avec-le-soleil\/","url":"https:\/\/ouvrir-son-coeur.fr\/index.php\/2024\/08\/24\/la-marche-initiatique-avec-le-soleil\/","name":"La marche initiatique avec le Soleil - Delphine ORIEUX","isPartOf":{"@id":"https:\/\/ouvrir-son-coeur.fr\/#website"},"primaryImageOfPage":{"@id":"https:\/\/ouvrir-son-coeur.fr\/index.php\/2024\/08\/24\/la-marche-initiatique-avec-le-soleil\/#primaryimage"},"image":{"@id":"https:\/\/ouvrir-son-coeur.fr\/index.php\/2024\/08\/24\/la-marche-initiatique-avec-le-soleil\/#primaryimage"},"thumbnailUrl":"https:\/\/ouvrir-son-coeur.fr\/wp-content\/uploads\/2024\/08\/sunset-2592731_1280.jpg","datePublished":"2024-08-24T06:32:48+00:00","dateModified":"2024-08-24T06:32:50+00:00","breadcrumb":{"@id":"https:\/\/ouvrir-son-coeur.fr\/index.php\/2024\/08\/24\/la-marche-initiatique-avec-le-soleil\/#breadcrumb"},"inLanguage":"fr-FR","potentialAction":[{"@type":"ReadAction","target":["https:\/\/ouvrir-son-coeur.fr\/index.php\/2024\/08\/24\/la-marche-initiatique-avec-le-soleil\/"]}]},{"@type":"ImageObject","inLanguage":"fr-FR","@id":"https:\/\/ouvrir-son-coeur.fr\/index.php\/2024\/08\/24\/la-marche-initiatique-avec-le-soleil\/#primaryimage","url":"https:\/\/ouvrir-son-coeur.fr\/wp-content\/uploads\/2024\/08\/sunset-2592731_1280.jpg","contentUrl":"https:\/\/ouvrir-son-coeur.fr\/wp-content\/uploads\/2024\/08\/sunset-2592731_1280.jpg","width":1280,"height":853},{"@type":"BreadcrumbList","@id":"https:\/\/ouvrir-son-coeur.fr\/index.php\/2024\/08\/24\/la-marche-initiatique-avec-le-soleil\/#breadcrumb","itemListElement":[{"@type":"ListItem","position":1,"name":"Accueil","item":"https:\/\/ouvrir-son-coeur.fr\/"},{"@type":"ListItem","position":2,"name":"La marche initiatique avec le Soleil"}]},{"@type":"WebSite","@id":"https:\/\/ouvrir-son-coeur.fr\/#website","url":"https:\/\/ouvrir-son-coeur.fr\/","name":"Delphine ORIEUX","description":"Ouvrir son coeur pour un retour \u00e0 soi","publisher":{"@id":"https:\/\/ouvrir-son-coeur.fr\/#organization"},"potentialAction":[{"@type":"SearchAction","target":{"@type":"EntryPoint","urlTemplate":"https:\/\/ouvrir-son-coeur.fr\/?s={search_term_string}"},"query-input":{"@type":"PropertyValueSpecification","valueRequired":true,"valueName":"search_term_string"}}],"inLanguage":"fr-FR"},{"@type":"Organization","@id":"https:\/\/ouvrir-son-coeur.fr\/#organization","name":"Delphine ORIEUX","url":"https:\/\/ouvrir-son-coeur.fr\/","logo":{"@type":"ImageObject","inLanguage":"fr-FR","@id":"https:\/\/ouvrir-son-coeur.fr\/#\/schema\/logo\/image\/","url":"https:\/\/ouvrir-son-coeur.fr\/wp-content\/uploads\/2019\/10\/cropped-71673114_2509801119097527_6138808206555611136_o-15.jpg","contentUrl":"https:\/\/ouvrir-son-coeur.fr\/wp-content\/uploads\/2019\/10\/cropped-71673114_2509801119097527_6138808206555611136_o-15.jpg","width":546,"height":505,"caption":"Delphine ORIEUX"},"image":{"@id":"https:\/\/ouvrir-son-coeur.fr\/#\/schema\/logo\/image\/"}},{"@type":"Person","@id":"https:\/\/ouvrir-son-coeur.fr\/#\/schema\/person\/79755406436a7adaddb901ee35a4d28c","name":"Delphine","image":{"@type":"ImageObject","inLanguage":"fr-FR","@id":"https:\/\/secure.gravatar.com\/avatar\/4feb5ead4d5221e0fd82faeb7afb26cb5db06cdb420750aab1923c6a5e1ac1ac?s=96&d=mm&r=g","url":"https:\/\/secure.gravatar.com\/avatar\/4feb5ead4d5221e0fd82faeb7afb26cb5db06cdb420750aab1923c6a5e1ac1ac?s=96&d=mm&r=g","contentUrl":"https:\/\/secure.gravatar.com\/avatar\/4feb5ead4d5221e0fd82faeb7afb26cb5db06cdb420750aab1923c6a5e1ac1ac?s=96&d=mm&r=g","caption":"Delphine"},"url":"https:\/\/ouvrir-son-coeur.fr\/index.php\/author\/admin2719\/"}]}},"_links":{"self":[{"href":"https:\/\/ouvrir-son-coeur.fr\/index.php\/wp-json\/wp\/v2\/posts\/2983","targetHints":{"allow":["GET"]}}],"collection":[{"href":"https:\/\/ouvrir-son-coeur.fr\/index.php\/wp-json\/wp\/v2\/posts"}],"about":[{"href":"https:\/\/ouvrir-son-coeur.fr\/index.php\/wp-json\/wp\/v2\/types\/post"}],"author":[{"embeddable":true,"href":"https:\/\/ouvrir-son-coeur.fr\/index.php\/wp-json\/wp\/v2\/users\/1"}],"replies":[{"embeddable":true,"href":"https:\/\/ouvrir-son-coeur.fr\/index.php\/wp-json\/wp\/v2\/comments?post=2983"}],"version-history":[{"count":1,"href":"https:\/\/ouvrir-son-coeur.fr\/index.php\/wp-json\/wp\/v2\/posts\/2983\/revisions"}],"predecessor-version":[{"id":2985,"href":"https:\/\/ouvrir-son-coeur.fr\/index.php\/wp-json\/wp\/v2\/posts\/2983\/revisions\/2985"}],"wp:featuredmedia":[{"embeddable":true,"href":"https:\/\/ouvrir-son-coeur.fr\/index.php\/wp-json\/wp\/v2\/media\/2984"}],"wp:attachment":[{"href":"https:\/\/ouvrir-son-coeur.fr\/index.php\/wp-json\/wp\/v2\/media?parent=2983"}],"wp:term":[{"taxonomy":"category","embeddable":true,"href":"https:\/\/ouvrir-son-coeur.fr\/index.php\/wp-json\/wp\/v2\/categories?post=2983"},{"taxonomy":"post_tag","embeddable":true,"href":"https:\/\/ouvrir-son-coeur.fr\/index.php\/wp-json\/wp\/v2\/tags?post=2983"}],"curies":[{"name":"wp","href":"https:\/\/api.w.org\/{rel}","templated":true}]}}