{"id":2937,"date":"2024-07-08T08:49:08","date_gmt":"2024-07-08T06:49:08","guid":{"rendered":"https:\/\/ouvrir-son-coeur.fr\/?p=2937"},"modified":"2024-07-08T08:49:09","modified_gmt":"2024-07-08T06:49:09","slug":"comment-savoir-si-on-a-lache-prise","status":"publish","type":"post","link":"https:\/\/ouvrir-son-coeur.fr\/index.php\/2024\/07\/08\/comment-savoir-si-on-a-lache-prise\/","title":{"rendered":"Comment savoir si on a l\u00e2ch\u00e9 prise?"},"content":{"rendered":"<div class=\"wp-block-image\">\n<figure class=\"aligncenter size-large\"><img loading=\"lazy\" decoding=\"async\" width=\"1024\" height=\"723\" src=\"https:\/\/ouvrir-son-coeur.fr\/wp-content\/uploads\/2024\/07\/silhouette-67202_1280-1024x723.jpg\" alt=\"\" class=\"wp-image-2938\" srcset=\"https:\/\/ouvrir-son-coeur.fr\/wp-content\/uploads\/2024\/07\/silhouette-67202_1280-1024x723.jpg 1024w, https:\/\/ouvrir-son-coeur.fr\/wp-content\/uploads\/2024\/07\/silhouette-67202_1280-300x212.jpg 300w, https:\/\/ouvrir-son-coeur.fr\/wp-content\/uploads\/2024\/07\/silhouette-67202_1280-768x542.jpg 768w, https:\/\/ouvrir-son-coeur.fr\/wp-content\/uploads\/2024\/07\/silhouette-67202_1280-1200x848.jpg 1200w, https:\/\/ouvrir-son-coeur.fr\/wp-content\/uploads\/2024\/07\/silhouette-67202_1280.jpg 1280w\" sizes=\"auto, (max-width: 1024px) 100vw, 1024px\" \/><\/figure>\n<\/div>\n\n<p style=\"text-align: justify;\">Voici une clef que la vie m&rsquo;a permis de comprendre, une fois de plus.<\/p>\n<p style=\"text-align: justify;\">Le pi\u00e8ge de l&rsquo;ego souffrant qui nous prot\u00e8ge, qui nous fait mentaliser toutes les informations, nous maintient dans la sph\u00e8re mentale des pens\u00e9es.<\/p>\n<p style=\"text-align: justify;\">Ainsi lorsque nous faisons une introspection, nous connaissons intellectuellement les diff\u00e9rents \u00e9tats de deuil pour une situation, une relation, la perte de quelqu&rsquo;un ou quelque chose, etc., en somme pour toute situation o\u00f9 il y a besoin de lib\u00e9rer quelque chose de non \u00e9clair\u00e9 par notre conscience et qui nous fait ressentir des \u00e9motions difficiles.<\/p>\n<p style=\"text-align: justify;\">Intellectuellement nous avons \u00e9norm\u00e9ment d&rsquo;outils et de d\u00e9finitions, sauf qu&rsquo;en pratique, si dans la vie quotidienne nous continuons de vivre ces \u00e9motions car les situations stagnent ou se r\u00e9p\u00e8tent, c&rsquo;est que les \u00e9motions sont toujours bloqu\u00e9es en nous, c&rsquo;est \u00e0 dire non r\u00e9v\u00e9l\u00e9es \u00e0 notre conscience.<\/p>\n<p style=\"text-align: justify;\">Ainsi voici la diff\u00e9rence entre croire que nous l\u00e2chons prise et v\u00e9ritablement l\u00e2cher prise:<\/p>\n<p style=\"text-align: justify;\">Mentalement nous nous racontons nos \u00e9motions, nos histoires, il y a des d\u00e9bordements \u00e9motionnels furtifs et nous sentons que nous touchons \u00e0 quelque chose de sensitif, et dans le corps \u00e7a ne circule pourtant pas. Il y a comme de l&rsquo;agitation physique, mentale et \u00e9motionnelle mais pas de sentiment de r\u00e9elle lib\u00e9ration. Ceci est donc que nous nous faisons croire que nous l\u00e2chons prise. Pourtant la vie continue et les m\u00eames choses se r\u00e9p\u00e8tent, avec les m\u00eames \u00e9motions qui reviennent.<\/p>\n<p style=\"text-align: justify;\">Nous arr\u00eatons de nous focaliser sur ce que nous aimerions voir ou avoir de diff\u00e9rent dans notre vie, en somme sur ce qui ne va pas et ce que nous n&rsquo;avons pas et que nous aimerions avoir. Nous faisons un constat \u00e9vident: \u00ab\u00a0L\u00e0 tout de suite et dans ma vie de maintenant \u00e7a ne va pas!\u00a0\u00bb Et nous ne nous disons pas \u00ab\u00a0\u00e7a \u00e7a ne va pas!\u00a0\u00bb, nous constatons et ressentons \u00ab\u00a0\u00e7a ne va pas!\u00a0\u00bb. C&rsquo;est une r\u00e9elle diff\u00e9rence que de s&rsquo;\u00e9noncer ce qui ne va pas et de simplement observer et ressentir que notre \u00e9tat de maintenant nous fait souffrir physiquement et moralement et que nous en sommes l\u00e0. Ainsi le \u00ab\u00a0J&rsquo;en suis l\u00e0 aujourd&rsquo;hui\u00a0\u00bb est l&rsquo;instant pr\u00e9sent, ce n&rsquo;est pas la projection de ce que j&rsquo;\u00e9tais ou de ce que j&rsquo;aimerais \u00eatre ou de ce que je serai peut-\u00eatre. Ce qui nous ram\u00e8ne \u00e0 vivre r\u00e9ellement l&rsquo;instant pr\u00e9sent en \u00e9tant focalis\u00e9 sur sa condition physique et \u00e9motionnelle. C&rsquo;est l\u00e0 que nous pouvons nous dire : \u00a0\u00bb Je m&rsquo;autorise \u00e0 vivre pleinement mes \u00e9motions \u00ab\u00a0. Et quand nous vivons nos \u00e9motions, elle vibrent dans toutes les profondeurs de notre corps, elles remontent des entrailles de nos cellules et se manifestent. Et en m\u00eame temps qu&rsquo;elles se manifestent, elles nous font ressentir au plus profond de notre c\u0153ur, un sentiment intense de lib\u00e9ration, d&rsquo;all\u00e8gement progressif au fur et \u00e0 mesure que les \u00e9motions se vivent. L&rsquo;apaisement se fait de plus en plus ressentir malgr\u00e9 la vivacit\u00e9 des \u00e9motions qui met en vibrations et en mouvement notre corps. Ainsi nous constatons \u00e0 posteriori que dans notre vie des changements mineurs ou majeurs s&rsquo;op\u00e8rent, sans que nous n&rsquo;ayons fait aucun effort, car notre vibration change.<\/p>\n<p style=\"text-align: justify;\">Il me semblait important de souligner que l&rsquo;\u00e9go, en particulier \u00e0 travers la sph\u00e8re mentale, et surtout quand nous sommes gourmands intellectuellement et \u00e0 propos des m\u00e9thodes d&rsquo;autogu\u00e9rison, que le v\u00e9ritable l\u00e2cher prise se vit depuis l&rsquo;int\u00e9rieur du corps, car le corps physique est le v\u00e9hicule qui nous relie \u00e0 la mati\u00e8re et par lui nous transcendons le plomb en or par la Lumi\u00e8re qui vient habiter les corps subtiles et physiques et les r\u00e9harmoniser.<\/p>\n<p style=\"text-align: justify;\">Le corps est notre outil de vie et la vie est notre miroir. Ainsi nous avons toute l&rsquo;existence pour r\u00e9ajuster nos fr\u00e9quences. L&rsquo;existence c&rsquo;est ici et maintenant.<\/p>\n<p style=\"text-align: justify;\">Merci, Merci, Merci<\/p>","protected":false},"excerpt":{"rendered":"<p>Voici une clef que la vie m&rsquo;a permis de comprendre, une fois de plus. Le pi\u00e8ge de l&rsquo;ego souffrant qui nous prot\u00e8ge, qui nous fait mentaliser toutes les informations, nous maintient dans la sph\u00e8re mentale des pens\u00e9es. Ainsi lorsque nous faisons une introspection, nous connaissons intellectuellement les diff\u00e9rents \u00e9tats de deuil pour une situation, une &hellip; <\/p>\n<p class=\"link-more\"><a href=\"https:\/\/ouvrir-son-coeur.fr\/index.php\/2024\/07\/08\/comment-savoir-si-on-a-lache-prise\/\" class=\"more-link\">Continue reading<span class=\"screen-reader-text\"> \u00ab\u00a0Comment savoir si on a l\u00e2ch\u00e9 prise?\u00a0\u00bb<\/span><\/a><\/p>\n","protected":false},"author":1,"featured_media":2938,"comment_status":"closed","ping_status":"closed","sticky":false,"template":"","format":"standard","meta":{"footnotes":""},"categories":[7,5],"tags":[],"class_list":["post-2937","post","type-post","status-publish","format-standard","has-post-thumbnail","hentry","category-developpement-personnel","category-evolution-de-conscience"],"yoast_head":"<!-- This site is optimized with the Yoast SEO plugin v27.2 - https:\/\/yoast.com\/product\/yoast-seo-wordpress\/ -->\n<title>Comment savoir si on a l\u00e2ch\u00e9 prise? - Delphine ORIEUX<\/title>\n<meta name=\"robots\" content=\"index, follow, max-snippet:-1, max-image-preview:large, max-video-preview:-1\" \/>\n<link rel=\"canonical\" href=\"https:\/\/ouvrir-son-coeur.fr\/index.php\/2024\/07\/08\/comment-savoir-si-on-a-lache-prise\/\" \/>\n<meta property=\"og:locale\" content=\"fr_FR\" \/>\n<meta property=\"og:type\" content=\"article\" \/>\n<meta property=\"og:title\" content=\"Comment savoir si on a l\u00e2ch\u00e9 prise? - Delphine ORIEUX\" \/>\n<meta property=\"og:description\" content=\"Voici une clef que la vie m&rsquo;a permis de comprendre, une fois de plus. Le pi\u00e8ge de l&rsquo;ego souffrant qui nous prot\u00e8ge, qui nous fait mentaliser toutes les informations, nous maintient dans la sph\u00e8re mentale des pens\u00e9es. Ainsi lorsque nous faisons une introspection, nous connaissons intellectuellement les diff\u00e9rents \u00e9tats de deuil pour une situation, une &hellip; Continue reading &quot;Comment savoir si on a l\u00e2ch\u00e9 prise?&quot;\" \/>\n<meta property=\"og:url\" content=\"https:\/\/ouvrir-son-coeur.fr\/index.php\/2024\/07\/08\/comment-savoir-si-on-a-lache-prise\/\" \/>\n<meta property=\"og:site_name\" content=\"Delphine ORIEUX\" \/>\n<meta property=\"article:published_time\" content=\"2024-07-08T06:49:08+00:00\" \/>\n<meta property=\"article:modified_time\" content=\"2024-07-08T06:49:09+00:00\" \/>\n<meta property=\"og:image\" content=\"https:\/\/ouvrir-son-coeur.fr\/wp-content\/uploads\/2024\/07\/silhouette-67202_1280.jpg\" \/>\n\t<meta property=\"og:image:width\" content=\"1280\" \/>\n\t<meta property=\"og:image:height\" content=\"904\" \/>\n\t<meta property=\"og:image:type\" content=\"image\/jpeg\" \/>\n<meta name=\"author\" content=\"Delphine\" \/>\n<meta name=\"twitter:card\" content=\"summary_large_image\" \/>\n<meta name=\"twitter:label1\" content=\"\u00c9crit par\" \/>\n\t<meta name=\"twitter:data1\" content=\"Delphine\" \/>\n\t<meta name=\"twitter:label2\" content=\"Dur\u00e9e de lecture estim\u00e9e\" \/>\n\t<meta name=\"twitter:data2\" content=\"4 minutes\" \/>\n<script type=\"application\/ld+json\" class=\"yoast-schema-graph\">{\"@context\":\"https:\/\/schema.org\",\"@graph\":[{\"@type\":\"Article\",\"@id\":\"https:\/\/ouvrir-son-coeur.fr\/index.php\/2024\/07\/08\/comment-savoir-si-on-a-lache-prise\/#article\",\"isPartOf\":{\"@id\":\"https:\/\/ouvrir-son-coeur.fr\/index.php\/2024\/07\/08\/comment-savoir-si-on-a-lache-prise\/\"},\"author\":{\"name\":\"Delphine\",\"@id\":\"https:\/\/ouvrir-son-coeur.fr\/#\/schema\/person\/79755406436a7adaddb901ee35a4d28c\"},\"headline\":\"Comment savoir si on a l\u00e2ch\u00e9 prise?\",\"datePublished\":\"2024-07-08T06:49:08+00:00\",\"dateModified\":\"2024-07-08T06:49:09+00:00\",\"mainEntityOfPage\":{\"@id\":\"https:\/\/ouvrir-son-coeur.fr\/index.php\/2024\/07\/08\/comment-savoir-si-on-a-lache-prise\/\"},\"wordCount\":670,\"publisher\":{\"@id\":\"https:\/\/ouvrir-son-coeur.fr\/#organization\"},\"image\":{\"@id\":\"https:\/\/ouvrir-son-coeur.fr\/index.php\/2024\/07\/08\/comment-savoir-si-on-a-lache-prise\/#primaryimage\"},\"thumbnailUrl\":\"https:\/\/ouvrir-son-coeur.fr\/wp-content\/uploads\/2024\/07\/silhouette-67202_1280.jpg\",\"articleSection\":[\"D\u00e9veloppement personnel\",\"Evolution de conscience\"],\"inLanguage\":\"fr-FR\"},{\"@type\":\"WebPage\",\"@id\":\"https:\/\/ouvrir-son-coeur.fr\/index.php\/2024\/07\/08\/comment-savoir-si-on-a-lache-prise\/\",\"url\":\"https:\/\/ouvrir-son-coeur.fr\/index.php\/2024\/07\/08\/comment-savoir-si-on-a-lache-prise\/\",\"name\":\"Comment savoir si on a l\u00e2ch\u00e9 prise? - Delphine ORIEUX\",\"isPartOf\":{\"@id\":\"https:\/\/ouvrir-son-coeur.fr\/#website\"},\"primaryImageOfPage\":{\"@id\":\"https:\/\/ouvrir-son-coeur.fr\/index.php\/2024\/07\/08\/comment-savoir-si-on-a-lache-prise\/#primaryimage\"},\"image\":{\"@id\":\"https:\/\/ouvrir-son-coeur.fr\/index.php\/2024\/07\/08\/comment-savoir-si-on-a-lache-prise\/#primaryimage\"},\"thumbnailUrl\":\"https:\/\/ouvrir-son-coeur.fr\/wp-content\/uploads\/2024\/07\/silhouette-67202_1280.jpg\",\"datePublished\":\"2024-07-08T06:49:08+00:00\",\"dateModified\":\"2024-07-08T06:49:09+00:00\",\"breadcrumb\":{\"@id\":\"https:\/\/ouvrir-son-coeur.fr\/index.php\/2024\/07\/08\/comment-savoir-si-on-a-lache-prise\/#breadcrumb\"},\"inLanguage\":\"fr-FR\",\"potentialAction\":[{\"@type\":\"ReadAction\",\"target\":[\"https:\/\/ouvrir-son-coeur.fr\/index.php\/2024\/07\/08\/comment-savoir-si-on-a-lache-prise\/\"]}]},{\"@type\":\"ImageObject\",\"inLanguage\":\"fr-FR\",\"@id\":\"https:\/\/ouvrir-son-coeur.fr\/index.php\/2024\/07\/08\/comment-savoir-si-on-a-lache-prise\/#primaryimage\",\"url\":\"https:\/\/ouvrir-son-coeur.fr\/wp-content\/uploads\/2024\/07\/silhouette-67202_1280.jpg\",\"contentUrl\":\"https:\/\/ouvrir-son-coeur.fr\/wp-content\/uploads\/2024\/07\/silhouette-67202_1280.jpg\",\"width\":1280,\"height\":904},{\"@type\":\"BreadcrumbList\",\"@id\":\"https:\/\/ouvrir-son-coeur.fr\/index.php\/2024\/07\/08\/comment-savoir-si-on-a-lache-prise\/#breadcrumb\",\"itemListElement\":[{\"@type\":\"ListItem\",\"position\":1,\"name\":\"Accueil\",\"item\":\"https:\/\/ouvrir-son-coeur.fr\/\"},{\"@type\":\"ListItem\",\"position\":2,\"name\":\"Comment savoir si on a l\u00e2ch\u00e9 prise?\"}]},{\"@type\":\"WebSite\",\"@id\":\"https:\/\/ouvrir-son-coeur.fr\/#website\",\"url\":\"https:\/\/ouvrir-son-coeur.fr\/\",\"name\":\"Delphine ORIEUX\",\"description\":\"Ouvrir son coeur pour un retour \u00e0 soi\",\"publisher\":{\"@id\":\"https:\/\/ouvrir-son-coeur.fr\/#organization\"},\"potentialAction\":[{\"@type\":\"SearchAction\",\"target\":{\"@type\":\"EntryPoint\",\"urlTemplate\":\"https:\/\/ouvrir-son-coeur.fr\/?s={search_term_string}\"},\"query-input\":{\"@type\":\"PropertyValueSpecification\",\"valueRequired\":true,\"valueName\":\"search_term_string\"}}],\"inLanguage\":\"fr-FR\"},{\"@type\":\"Organization\",\"@id\":\"https:\/\/ouvrir-son-coeur.fr\/#organization\",\"name\":\"Delphine ORIEUX\",\"url\":\"https:\/\/ouvrir-son-coeur.fr\/\",\"logo\":{\"@type\":\"ImageObject\",\"inLanguage\":\"fr-FR\",\"@id\":\"https:\/\/ouvrir-son-coeur.fr\/#\/schema\/logo\/image\/\",\"url\":\"https:\/\/ouvrir-son-coeur.fr\/wp-content\/uploads\/2019\/10\/cropped-71673114_2509801119097527_6138808206555611136_o-15.jpg\",\"contentUrl\":\"https:\/\/ouvrir-son-coeur.fr\/wp-content\/uploads\/2019\/10\/cropped-71673114_2509801119097527_6138808206555611136_o-15.jpg\",\"width\":546,\"height\":505,\"caption\":\"Delphine ORIEUX\"},\"image\":{\"@id\":\"https:\/\/ouvrir-son-coeur.fr\/#\/schema\/logo\/image\/\"}},{\"@type\":\"Person\",\"@id\":\"https:\/\/ouvrir-son-coeur.fr\/#\/schema\/person\/79755406436a7adaddb901ee35a4d28c\",\"name\":\"Delphine\",\"image\":{\"@type\":\"ImageObject\",\"inLanguage\":\"fr-FR\",\"@id\":\"https:\/\/secure.gravatar.com\/avatar\/4feb5ead4d5221e0fd82faeb7afb26cb5db06cdb420750aab1923c6a5e1ac1ac?s=96&d=mm&r=g\",\"url\":\"https:\/\/secure.gravatar.com\/avatar\/4feb5ead4d5221e0fd82faeb7afb26cb5db06cdb420750aab1923c6a5e1ac1ac?s=96&d=mm&r=g\",\"contentUrl\":\"https:\/\/secure.gravatar.com\/avatar\/4feb5ead4d5221e0fd82faeb7afb26cb5db06cdb420750aab1923c6a5e1ac1ac?s=96&d=mm&r=g\",\"caption\":\"Delphine\"},\"url\":\"https:\/\/ouvrir-son-coeur.fr\/index.php\/author\/admin2719\/\"}]}<\/script>\n<!-- \/ Yoast SEO plugin. -->","yoast_head_json":{"title":"Comment savoir si on a l\u00e2ch\u00e9 prise? - Delphine ORIEUX","robots":{"index":"index","follow":"follow","max-snippet":"max-snippet:-1","max-image-preview":"max-image-preview:large","max-video-preview":"max-video-preview:-1"},"canonical":"https:\/\/ouvrir-son-coeur.fr\/index.php\/2024\/07\/08\/comment-savoir-si-on-a-lache-prise\/","og_locale":"fr_FR","og_type":"article","og_title":"Comment savoir si on a l\u00e2ch\u00e9 prise? - Delphine ORIEUX","og_description":"Voici une clef que la vie m&rsquo;a permis de comprendre, une fois de plus. Le pi\u00e8ge de l&rsquo;ego souffrant qui nous prot\u00e8ge, qui nous fait mentaliser toutes les informations, nous maintient dans la sph\u00e8re mentale des pens\u00e9es. Ainsi lorsque nous faisons une introspection, nous connaissons intellectuellement les diff\u00e9rents \u00e9tats de deuil pour une situation, une &hellip; Continue reading \"Comment savoir si on a l\u00e2ch\u00e9 prise?\"","og_url":"https:\/\/ouvrir-son-coeur.fr\/index.php\/2024\/07\/08\/comment-savoir-si-on-a-lache-prise\/","og_site_name":"Delphine ORIEUX","article_published_time":"2024-07-08T06:49:08+00:00","article_modified_time":"2024-07-08T06:49:09+00:00","og_image":[{"width":1280,"height":904,"url":"https:\/\/ouvrir-son-coeur.fr\/wp-content\/uploads\/2024\/07\/silhouette-67202_1280.jpg","type":"image\/jpeg"}],"author":"Delphine","twitter_card":"summary_large_image","twitter_misc":{"\u00c9crit par":"Delphine","Dur\u00e9e de lecture estim\u00e9e":"4 minutes"},"schema":{"@context":"https:\/\/schema.org","@graph":[{"@type":"Article","@id":"https:\/\/ouvrir-son-coeur.fr\/index.php\/2024\/07\/08\/comment-savoir-si-on-a-lache-prise\/#article","isPartOf":{"@id":"https:\/\/ouvrir-son-coeur.fr\/index.php\/2024\/07\/08\/comment-savoir-si-on-a-lache-prise\/"},"author":{"name":"Delphine","@id":"https:\/\/ouvrir-son-coeur.fr\/#\/schema\/person\/79755406436a7adaddb901ee35a4d28c"},"headline":"Comment savoir si on a l\u00e2ch\u00e9 prise?","datePublished":"2024-07-08T06:49:08+00:00","dateModified":"2024-07-08T06:49:09+00:00","mainEntityOfPage":{"@id":"https:\/\/ouvrir-son-coeur.fr\/index.php\/2024\/07\/08\/comment-savoir-si-on-a-lache-prise\/"},"wordCount":670,"publisher":{"@id":"https:\/\/ouvrir-son-coeur.fr\/#organization"},"image":{"@id":"https:\/\/ouvrir-son-coeur.fr\/index.php\/2024\/07\/08\/comment-savoir-si-on-a-lache-prise\/#primaryimage"},"thumbnailUrl":"https:\/\/ouvrir-son-coeur.fr\/wp-content\/uploads\/2024\/07\/silhouette-67202_1280.jpg","articleSection":["D\u00e9veloppement personnel","Evolution de conscience"],"inLanguage":"fr-FR"},{"@type":"WebPage","@id":"https:\/\/ouvrir-son-coeur.fr\/index.php\/2024\/07\/08\/comment-savoir-si-on-a-lache-prise\/","url":"https:\/\/ouvrir-son-coeur.fr\/index.php\/2024\/07\/08\/comment-savoir-si-on-a-lache-prise\/","name":"Comment savoir si on a l\u00e2ch\u00e9 prise? - Delphine ORIEUX","isPartOf":{"@id":"https:\/\/ouvrir-son-coeur.fr\/#website"},"primaryImageOfPage":{"@id":"https:\/\/ouvrir-son-coeur.fr\/index.php\/2024\/07\/08\/comment-savoir-si-on-a-lache-prise\/#primaryimage"},"image":{"@id":"https:\/\/ouvrir-son-coeur.fr\/index.php\/2024\/07\/08\/comment-savoir-si-on-a-lache-prise\/#primaryimage"},"thumbnailUrl":"https:\/\/ouvrir-son-coeur.fr\/wp-content\/uploads\/2024\/07\/silhouette-67202_1280.jpg","datePublished":"2024-07-08T06:49:08+00:00","dateModified":"2024-07-08T06:49:09+00:00","breadcrumb":{"@id":"https:\/\/ouvrir-son-coeur.fr\/index.php\/2024\/07\/08\/comment-savoir-si-on-a-lache-prise\/#breadcrumb"},"inLanguage":"fr-FR","potentialAction":[{"@type":"ReadAction","target":["https:\/\/ouvrir-son-coeur.fr\/index.php\/2024\/07\/08\/comment-savoir-si-on-a-lache-prise\/"]}]},{"@type":"ImageObject","inLanguage":"fr-FR","@id":"https:\/\/ouvrir-son-coeur.fr\/index.php\/2024\/07\/08\/comment-savoir-si-on-a-lache-prise\/#primaryimage","url":"https:\/\/ouvrir-son-coeur.fr\/wp-content\/uploads\/2024\/07\/silhouette-67202_1280.jpg","contentUrl":"https:\/\/ouvrir-son-coeur.fr\/wp-content\/uploads\/2024\/07\/silhouette-67202_1280.jpg","width":1280,"height":904},{"@type":"BreadcrumbList","@id":"https:\/\/ouvrir-son-coeur.fr\/index.php\/2024\/07\/08\/comment-savoir-si-on-a-lache-prise\/#breadcrumb","itemListElement":[{"@type":"ListItem","position":1,"name":"Accueil","item":"https:\/\/ouvrir-son-coeur.fr\/"},{"@type":"ListItem","position":2,"name":"Comment savoir si on a l\u00e2ch\u00e9 prise?"}]},{"@type":"WebSite","@id":"https:\/\/ouvrir-son-coeur.fr\/#website","url":"https:\/\/ouvrir-son-coeur.fr\/","name":"Delphine ORIEUX","description":"Ouvrir son coeur pour un retour \u00e0 soi","publisher":{"@id":"https:\/\/ouvrir-son-coeur.fr\/#organization"},"potentialAction":[{"@type":"SearchAction","target":{"@type":"EntryPoint","urlTemplate":"https:\/\/ouvrir-son-coeur.fr\/?s={search_term_string}"},"query-input":{"@type":"PropertyValueSpecification","valueRequired":true,"valueName":"search_term_string"}}],"inLanguage":"fr-FR"},{"@type":"Organization","@id":"https:\/\/ouvrir-son-coeur.fr\/#organization","name":"Delphine ORIEUX","url":"https:\/\/ouvrir-son-coeur.fr\/","logo":{"@type":"ImageObject","inLanguage":"fr-FR","@id":"https:\/\/ouvrir-son-coeur.fr\/#\/schema\/logo\/image\/","url":"https:\/\/ouvrir-son-coeur.fr\/wp-content\/uploads\/2019\/10\/cropped-71673114_2509801119097527_6138808206555611136_o-15.jpg","contentUrl":"https:\/\/ouvrir-son-coeur.fr\/wp-content\/uploads\/2019\/10\/cropped-71673114_2509801119097527_6138808206555611136_o-15.jpg","width":546,"height":505,"caption":"Delphine ORIEUX"},"image":{"@id":"https:\/\/ouvrir-son-coeur.fr\/#\/schema\/logo\/image\/"}},{"@type":"Person","@id":"https:\/\/ouvrir-son-coeur.fr\/#\/schema\/person\/79755406436a7adaddb901ee35a4d28c","name":"Delphine","image":{"@type":"ImageObject","inLanguage":"fr-FR","@id":"https:\/\/secure.gravatar.com\/avatar\/4feb5ead4d5221e0fd82faeb7afb26cb5db06cdb420750aab1923c6a5e1ac1ac?s=96&d=mm&r=g","url":"https:\/\/secure.gravatar.com\/avatar\/4feb5ead4d5221e0fd82faeb7afb26cb5db06cdb420750aab1923c6a5e1ac1ac?s=96&d=mm&r=g","contentUrl":"https:\/\/secure.gravatar.com\/avatar\/4feb5ead4d5221e0fd82faeb7afb26cb5db06cdb420750aab1923c6a5e1ac1ac?s=96&d=mm&r=g","caption":"Delphine"},"url":"https:\/\/ouvrir-son-coeur.fr\/index.php\/author\/admin2719\/"}]}},"_links":{"self":[{"href":"https:\/\/ouvrir-son-coeur.fr\/index.php\/wp-json\/wp\/v2\/posts\/2937","targetHints":{"allow":["GET"]}}],"collection":[{"href":"https:\/\/ouvrir-son-coeur.fr\/index.php\/wp-json\/wp\/v2\/posts"}],"about":[{"href":"https:\/\/ouvrir-son-coeur.fr\/index.php\/wp-json\/wp\/v2\/types\/post"}],"author":[{"embeddable":true,"href":"https:\/\/ouvrir-son-coeur.fr\/index.php\/wp-json\/wp\/v2\/users\/1"}],"replies":[{"embeddable":true,"href":"https:\/\/ouvrir-son-coeur.fr\/index.php\/wp-json\/wp\/v2\/comments?post=2937"}],"version-history":[{"count":1,"href":"https:\/\/ouvrir-son-coeur.fr\/index.php\/wp-json\/wp\/v2\/posts\/2937\/revisions"}],"predecessor-version":[{"id":2939,"href":"https:\/\/ouvrir-son-coeur.fr\/index.php\/wp-json\/wp\/v2\/posts\/2937\/revisions\/2939"}],"wp:featuredmedia":[{"embeddable":true,"href":"https:\/\/ouvrir-son-coeur.fr\/index.php\/wp-json\/wp\/v2\/media\/2938"}],"wp:attachment":[{"href":"https:\/\/ouvrir-son-coeur.fr\/index.php\/wp-json\/wp\/v2\/media?parent=2937"}],"wp:term":[{"taxonomy":"category","embeddable":true,"href":"https:\/\/ouvrir-son-coeur.fr\/index.php\/wp-json\/wp\/v2\/categories?post=2937"},{"taxonomy":"post_tag","embeddable":true,"href":"https:\/\/ouvrir-son-coeur.fr\/index.php\/wp-json\/wp\/v2\/tags?post=2937"}],"curies":[{"name":"wp","href":"https:\/\/api.w.org\/{rel}","templated":true}]}}