{"id":2774,"date":"2024-01-17T10:17:44","date_gmt":"2024-01-17T09:17:44","guid":{"rendered":"https:\/\/ouvrir-son-coeur.fr\/?p=2774"},"modified":"2024-01-17T11:30:57","modified_gmt":"2024-01-17T10:30:57","slug":"resilience-et-courage","status":"publish","type":"post","link":"https:\/\/ouvrir-son-coeur.fr\/index.php\/2024\/01\/17\/resilience-et-courage\/","title":{"rendered":"R\u00e9silience et Courage"},"content":{"rendered":"<div class=\"wp-block-image\">\n<figure class=\"aligncenter size-large\"><img loading=\"lazy\" decoding=\"async\" width=\"1024\" height=\"579\" src=\"https:\/\/ouvrir-son-coeur.fr\/wp-content\/uploads\/2024\/01\/daisy-8437384_1280-1024x579.jpg\" alt=\"\" class=\"wp-image-2775\" srcset=\"https:\/\/ouvrir-son-coeur.fr\/wp-content\/uploads\/2024\/01\/daisy-8437384_1280-1024x579.jpg 1024w, https:\/\/ouvrir-son-coeur.fr\/wp-content\/uploads\/2024\/01\/daisy-8437384_1280-300x170.jpg 300w, https:\/\/ouvrir-son-coeur.fr\/wp-content\/uploads\/2024\/01\/daisy-8437384_1280-768x434.jpg 768w, https:\/\/ouvrir-son-coeur.fr\/wp-content\/uploads\/2024\/01\/daisy-8437384_1280-1200x679.jpg 1200w, https:\/\/ouvrir-son-coeur.fr\/wp-content\/uploads\/2024\/01\/daisy-8437384_1280.jpg 1280w\" sizes=\"auto, (max-width: 1024px) 100vw, 1024px\" \/><\/figure>\n<\/div>\n\n<p style=\"text-align: justify;\">Depuis cette nuit, je me sens reli\u00e9e par t\u00e9l\u00e9pathie \u00e0 un \u00eatre de l&rsquo;intraTerre qui m&rsquo;appara\u00eet int\u00e9rieurement. Ce que je sais intuitivement c&rsquo;est qu&rsquo;il fait partie de la flotte qui veille sur tous les ph\u00e9nom\u00e8nes m\u00e9t\u00e9orologiques qui se produisent \u00e0 la surface de la Terre.<\/p>\n<p>Certains nuages que j&rsquo;ai aper\u00e7us un peu plus t\u00f4t m&rsquo;ont valid\u00e9 ce ressenti.<\/p>\n<p>En \u00e9tat de r\u00e9ceptivit\u00e9 accrue depuis que le cyclone s&rsquo;approche, je sens les m\u00e9moires collectives li\u00e9es \u00e0 l&rsquo;Atlantide et \u00e0 la L\u00e9murie car les 2 sont intrins\u00e8quement li\u00e9es.<\/p>\n<p>Je ressens l&rsquo;angoisse li\u00e9e \u00e0 l&rsquo;approche des \u00e9l\u00e9ments qui se d\u00e9cha\u00eenent.<\/p>\n<p>Ici \u00e0 la R\u00e9union, les 4 \u00e9l\u00e9ments sont actifs: <br \/>* le feu avec le piton de la Fournaise.<br \/>* l&rsquo;eau avec les vagues qui d\u00e9ferlent du fait que c&rsquo;est une terre entour\u00e9e d&rsquo;eau et que les nombreuses rivi\u00e8res sont en crues.<br \/>* la terre bouge car c&rsquo;est une \u00eele jeune en pleine formation avec un point chaud actif et l&rsquo;eau rend la terre meuble.<br \/>* l&rsquo;air avec les vents qui soufflent entre les Aliz\u00e9s et les cyclones.<\/p>\n<p>Il y a un 5\u00e8me \u00e9l\u00e9ment qui relie tout et qui fait baigner toute la plan\u00e8te et le vivant dans un substrat que l&rsquo;on nomme l&rsquo;\u00e9ther. La plan\u00e8te ainsi que l&rsquo;Homme et tous les autres r\u00e8gnes coexistent sur diff\u00e9rents plans baign\u00e9s dans ce substrat. Ce qui forme un Tout indissociable. Tous les \u00e9l\u00e9ments de ce tout s&rsquo;influencent mutuellement \u00e0 chaque instant sur tous les plans.<\/p>\n<p>Ainsi le plan mental de la Terre plut\u00f4t a\u00e9rien contient le plan mental de tous les \u00eatres humains qui la peuplent, idem pour le plan \u00e9motionnel plut\u00f4t aquatique, etc. Une fois inscrits dans l&rsquo;histoire parce que cela \u00e0 \u00e9t\u00e9 v\u00e9cu, la plan\u00e8te garde des traces de ces m\u00e9moires et celles-ci activent chez les \u00eatres des m\u00e9moires v\u00e9cues simultan\u00e9ment individuellement et collectivement.<\/p>\n<p>Il y a alors r\u00e9activation de m\u00e9moires pour la plan\u00e8te et tous ses r\u00e8gnes:<br \/>&#8211; Les Humains revivent leurs histoires d\u00e9j\u00e0 v\u00e9cues simultan\u00e9ment sous d&rsquo;autres formes.<br \/>&#8211; Les Animaux revivent encore et encore des conditions de vie perturb\u00e9es avec l&rsquo;\u00e9volution du climat et des interactions difficiles entre eux et avec les humains.<br \/>&#8211; Les V\u00e9g\u00e9taux sont perturb\u00e9s et pollu\u00e9s et en m\u00eame temps vivent de grandes fluctuations au sein de leurs populations selon l&rsquo;\u00e9volution du climat.<br \/>&#8211; Les Min\u00e9raux longuement perturb\u00e9s par la chute de l&rsquo;humanit\u00e9 et les usages distorsionn\u00e9s dont ils ont fait l&rsquo;objet, fluctuent grandement et se font polluer. <br \/>&#8211; Les Elementaux fluctuent aussi grandement car la pollution humaine les perturbe et les distorsionne.<\/p>\n<p>On est en plein dans la r\u00e9activation des m\u00e9moires de la fin de l&rsquo;Atlantide mais aussi de la L\u00e9murie. Maintenant soit nous \u00e9voluons int\u00e9rieurement, soit nous p\u00e9rissons pour aller vivre ailleurs.<\/p>\n<p>L&rsquo;\u00eatre de l&rsquo;intraTerre me fait comprendre que certains ont choisi de p\u00e9rir comme \u00e0 l&rsquo;\u00e9poque de l&rsquo;Atlantide car ils n&rsquo;ont pas compris et ont besoin d&rsquo;int\u00e9grer encore de nouvelles initiations et apprentissages. Nous n&rsquo;avons aucun pouvoir sur le chemin d&rsquo;autrui et nous ne pouvons que nous aimer mutuellement et nous soutenir dans nos chemins respectifs, que nous vivions ou que nous choisissions de p\u00e9rir.<\/p>\n<p>Cela fait partie de la fin de ce grand cycle. C&rsquo;est ainsi! Nous vivons ou nous p\u00e9rissons, cela n&rsquo;est pas un choix duel, ni une fin en Soi. Si nous nous pla\u00e7ons du point de vue de l&rsquo;\u00e2me qui \u00e9volue de vie en vie, cela n&rsquo;est qu&rsquo;un choix d&rsquo;\u00e9volution sans commencement ni fin. Le Soi est \u00e9ternel, ce sont seulement les cr\u00e9atures qui sont mortelles.<\/p>\n<p>Une fois la peur de la mort transcend\u00e9e, rien ne peut perturber ce changement de forme qui entra\u00eene la joie de vivre de nouveaux apprentissages pour \u00e9largir de plus en plus la conscience d&rsquo;appartenir au Tout.<\/p>\n<p>C&rsquo;est un chemin extraordinaire que de vivre et de mourir pour rena\u00eetre, toujours en \u00e9tant Soi.<\/p>\n<p>Il me dit:<br \/>\u00ab\u00a0Soyez en paix! Chaque partie de votre \u00e2me sait ce qui est bon pour elle, pour se sentir grandie. M\u00eame s&rsquo;il y a enfermement durant un laps de votre existence par une situation, une longue r\u00e9p\u00e9tition et par un enfouissement dans l&rsquo;ombre, il y a \u00e0 la sortie de magnifiques \u00e9volutions \u00e0 la clef.<\/p>\n<p style=\"text-align: justify;\">Tout ce qui est sombre a \u00e9t\u00e9 lumi\u00e8re, tout ce qui est lumi\u00e8re reste lumi\u00e8re et choisit de se voiler pour ressentir \u00e0 nouveau la brillance de sa lumi\u00e8re.<\/p>\n<p>Soyez courageux et respectueux les uns avec les autres.<br \/>Beaucoup de fr\u00e8res et s\u0153urs animaux, v\u00e9g\u00e9taux et humains choisissent de partir et les conditions collectives et parfois m\u00e9t\u00e9orologiques contribuent \u00e0 cela.<\/p>\n<p>Beaucoup choisissent de revenir et beaucoup de lumi\u00e8re va revenir s&rsquo;incarner dans de nouveaux \u00eatres min\u00e9raux, v\u00e9g\u00e9taux, animaux et humains.<br \/>C&rsquo;est un passage et cela est choisi!<\/p>\n<p>L&rsquo;issue collective est lumi\u00e8re d&rsquo;un point de vue de l&rsquo;\u00e2me et de l&rsquo;\u00e9volution plan\u00e9taire et collective. La lumi\u00e8re est libre de tout attachement \u00e0 des formes, \u00e0 des \u00eatres, \u00e0 des lieux, \u00e0 des sentiments et \u00e0 tout ce qui retient. La lumi\u00e8re se vit au plus profond de l&rsquo;\u00eatre dans un \u00e9tat d&rsquo;immersion et de fusion totale avec son Soi.<\/p>\n<p>Lorsqu&rsquo;un lien vous attache, l\u00e2chez prise et vous serez libre pour toujours. Lorsque l&rsquo;Amour semble loin postez-vous depuis le c\u0153ur et l&rsquo;\u00e9tincelle appara\u00eetra pour illuminer votre route.<\/p>\n<p>Sentez le souffle du c\u0153ur, celui-l\u00e0 m\u00eame qui \u00e9rige votre Soi, le battement universel de l&rsquo;Amour qui construit un corps \u00e0 la Lumi\u00e8re pour y ancrer un gardien de l&rsquo;Amour Sacr\u00e9.<\/p>\n<p>Vous \u00eates ce gardien et toutes les conditions sont r\u00e9unies pour vous soutenir sur ce chemin.<\/p>\n<p>Courage et gardez toujours le point de vue de l&rsquo;\u00e2me en \u00e9volution \u00e0 chaque perturbation que vous vivrez!<\/p>\n<p>Vous \u00eates ambassadeurs d&rsquo;une toute nouvelle humanit\u00e9 qui ne demande qu&rsquo;\u00e0 cro\u00eetre et se d\u00e9velopper.<\/p>\n<p>Chacun au fond de lui sait ce qui l&rsquo;anime en se mettant au service \u00e0 travers la Joie que lui procure son \u00e2me. M\u00eame lors de ces perturbations chacun \u0153uvre avec ce qu&rsquo;il est et ce qu&rsquo;il a \u00e0 offrir. Tournez-vous int\u00e9rieurement vers la Joie d&rsquo;\u0153uvrer et vous serez o\u00f9 aller et ce qu&rsquo;il vous plait d&rsquo;\u00eatre.<\/p>\n<p>Nous vous Aimons et vous ch\u00e9rissons!<\/p>\n<p>Nous sommes pr\u00e8s de vous \u00e0 chaque instant et nous veillons sans alt\u00e9rer votre libre-arbitre pour que la Terre et l&rsquo;univers puissent \u00e9voluer justement.<\/p>\n<p>Vos fr\u00e8res et s\u0153urs de l&rsquo;intraTerre.\u00a0\u00bb<\/p>\n<p>Je suis retourn\u00e9e au m\u00eame endroit et les nuages pr\u00e9sents ce matin sont exactement au m\u00eame endroit malgr\u00e9 les vents tr\u00e8s forts qui soufflent. Je sens qu&rsquo;ils veillent et agissent \u00e0 leur niveau et leur pr\u00e9sence fait partir toute anxi\u00e9t\u00e9 car ils me rappellent que tout se passe pour favoriser l&rsquo;\u00e9volution.<\/p>\n<p>Transcender la peur de la mort et toutes ces empreintes de m\u00e9moires de l&rsquo;Atlantide, la L\u00e9murie et toute l&rsquo;histoire discordante de l&rsquo;humanit\u00e9 sont des \u00e9tapes fondamentales et totalement r\u00e9alisables.<\/p>\n<p>La Foi, la connexion \u00e0 l&rsquo;Amour qui remplit tout \u00eatre et le fait d&rsquo;\u0153uvrer sont les piliers de cette r\u00e9surrection, qui passe par la mort dans la Joie d&rsquo;\u00eatre simplement en \u00e9volution, parmi un monde qui fait intrins\u00e8quement partie de nous.<\/p>\n<p>Merci, Merci, Merci<\/p>","protected":false},"excerpt":{"rendered":"<p>Depuis cette nuit, je me sens reli\u00e9e par t\u00e9l\u00e9pathie \u00e0 un \u00eatre de l&rsquo;intraTerre qui m&rsquo;appara\u00eet int\u00e9rieurement. Ce que je sais intuitivement c&rsquo;est qu&rsquo;il fait partie de la flotte qui veille sur tous les ph\u00e9nom\u00e8nes m\u00e9t\u00e9orologiques qui se produisent \u00e0 la surface de la Terre. Certains nuages que j&rsquo;ai aper\u00e7us un peu plus t\u00f4t m&rsquo;ont &hellip; <\/p>\n<p class=\"link-more\"><a href=\"https:\/\/ouvrir-son-coeur.fr\/index.php\/2024\/01\/17\/resilience-et-courage\/\" class=\"more-link\">Continue reading<span class=\"screen-reader-text\"> \u00ab\u00a0R\u00e9silience et Courage\u00a0\u00bb<\/span><\/a><\/p>\n","protected":false},"author":1,"featured_media":2775,"comment_status":"closed","ping_status":"closed","sticky":false,"template":"","format":"standard","meta":{"footnotes":""},"categories":[26,5],"tags":[],"class_list":["post-2774","post","type-post","status-publish","format-standard","has-post-thumbnail","hentry","category-canalisation","category-evolution-de-conscience"],"yoast_head":"<!-- This site is optimized with the Yoast SEO plugin v27.2 - https:\/\/yoast.com\/product\/yoast-seo-wordpress\/ -->\n<title>R\u00e9silience et Courage - Delphine ORIEUX<\/title>\n<meta name=\"robots\" content=\"index, follow, max-snippet:-1, max-image-preview:large, max-video-preview:-1\" \/>\n<link rel=\"canonical\" href=\"https:\/\/ouvrir-son-coeur.fr\/index.php\/2024\/01\/17\/resilience-et-courage\/\" \/>\n<meta property=\"og:locale\" content=\"fr_FR\" \/>\n<meta property=\"og:type\" content=\"article\" \/>\n<meta property=\"og:title\" content=\"R\u00e9silience et Courage - Delphine ORIEUX\" \/>\n<meta property=\"og:description\" content=\"Depuis cette nuit, je me sens reli\u00e9e par t\u00e9l\u00e9pathie \u00e0 un \u00eatre de l&rsquo;intraTerre qui m&rsquo;appara\u00eet int\u00e9rieurement. Ce que je sais intuitivement c&rsquo;est qu&rsquo;il fait partie de la flotte qui veille sur tous les ph\u00e9nom\u00e8nes m\u00e9t\u00e9orologiques qui se produisent \u00e0 la surface de la Terre. Certains nuages que j&rsquo;ai aper\u00e7us un peu plus t\u00f4t m&rsquo;ont &hellip; Continue reading &quot;R\u00e9silience et Courage&quot;\" \/>\n<meta property=\"og:url\" content=\"https:\/\/ouvrir-son-coeur.fr\/index.php\/2024\/01\/17\/resilience-et-courage\/\" \/>\n<meta property=\"og:site_name\" content=\"Delphine ORIEUX\" \/>\n<meta property=\"article:published_time\" content=\"2024-01-17T09:17:44+00:00\" \/>\n<meta property=\"article:modified_time\" content=\"2024-01-17T10:30:57+00:00\" \/>\n<meta property=\"og:image\" content=\"https:\/\/ouvrir-son-coeur.fr\/wp-content\/uploads\/2024\/01\/daisy-8437384_1280.jpg\" \/>\n\t<meta property=\"og:image:width\" content=\"1280\" \/>\n\t<meta property=\"og:image:height\" content=\"724\" \/>\n\t<meta property=\"og:image:type\" content=\"image\/jpeg\" \/>\n<meta name=\"author\" content=\"Delphine\" \/>\n<meta name=\"twitter:card\" content=\"summary_large_image\" \/>\n<meta name=\"twitter:label1\" content=\"\u00c9crit par\" \/>\n\t<meta name=\"twitter:data1\" content=\"Delphine\" \/>\n\t<meta name=\"twitter:label2\" content=\"Dur\u00e9e de lecture estim\u00e9e\" \/>\n\t<meta name=\"twitter:data2\" content=\"7 minutes\" \/>\n<script type=\"application\/ld+json\" class=\"yoast-schema-graph\">{\"@context\":\"https:\/\/schema.org\",\"@graph\":[{\"@type\":\"Article\",\"@id\":\"https:\/\/ouvrir-son-coeur.fr\/index.php\/2024\/01\/17\/resilience-et-courage\/#article\",\"isPartOf\":{\"@id\":\"https:\/\/ouvrir-son-coeur.fr\/index.php\/2024\/01\/17\/resilience-et-courage\/\"},\"author\":{\"name\":\"Delphine\",\"@id\":\"https:\/\/ouvrir-son-coeur.fr\/#\/schema\/person\/79755406436a7adaddb901ee35a4d28c\"},\"headline\":\"R\u00e9silience et Courage\",\"datePublished\":\"2024-01-17T09:17:44+00:00\",\"dateModified\":\"2024-01-17T10:30:57+00:00\",\"mainEntityOfPage\":{\"@id\":\"https:\/\/ouvrir-son-coeur.fr\/index.php\/2024\/01\/17\/resilience-et-courage\/\"},\"wordCount\":1269,\"publisher\":{\"@id\":\"https:\/\/ouvrir-son-coeur.fr\/#organization\"},\"image\":{\"@id\":\"https:\/\/ouvrir-son-coeur.fr\/index.php\/2024\/01\/17\/resilience-et-courage\/#primaryimage\"},\"thumbnailUrl\":\"https:\/\/ouvrir-son-coeur.fr\/wp-content\/uploads\/2024\/01\/daisy-8437384_1280.jpg\",\"articleSection\":[\"Canalisation\",\"Evolution de conscience\"],\"inLanguage\":\"fr-FR\"},{\"@type\":\"WebPage\",\"@id\":\"https:\/\/ouvrir-son-coeur.fr\/index.php\/2024\/01\/17\/resilience-et-courage\/\",\"url\":\"https:\/\/ouvrir-son-coeur.fr\/index.php\/2024\/01\/17\/resilience-et-courage\/\",\"name\":\"R\u00e9silience et Courage - Delphine ORIEUX\",\"isPartOf\":{\"@id\":\"https:\/\/ouvrir-son-coeur.fr\/#website\"},\"primaryImageOfPage\":{\"@id\":\"https:\/\/ouvrir-son-coeur.fr\/index.php\/2024\/01\/17\/resilience-et-courage\/#primaryimage\"},\"image\":{\"@id\":\"https:\/\/ouvrir-son-coeur.fr\/index.php\/2024\/01\/17\/resilience-et-courage\/#primaryimage\"},\"thumbnailUrl\":\"https:\/\/ouvrir-son-coeur.fr\/wp-content\/uploads\/2024\/01\/daisy-8437384_1280.jpg\",\"datePublished\":\"2024-01-17T09:17:44+00:00\",\"dateModified\":\"2024-01-17T10:30:57+00:00\",\"breadcrumb\":{\"@id\":\"https:\/\/ouvrir-son-coeur.fr\/index.php\/2024\/01\/17\/resilience-et-courage\/#breadcrumb\"},\"inLanguage\":\"fr-FR\",\"potentialAction\":[{\"@type\":\"ReadAction\",\"target\":[\"https:\/\/ouvrir-son-coeur.fr\/index.php\/2024\/01\/17\/resilience-et-courage\/\"]}]},{\"@type\":\"ImageObject\",\"inLanguage\":\"fr-FR\",\"@id\":\"https:\/\/ouvrir-son-coeur.fr\/index.php\/2024\/01\/17\/resilience-et-courage\/#primaryimage\",\"url\":\"https:\/\/ouvrir-son-coeur.fr\/wp-content\/uploads\/2024\/01\/daisy-8437384_1280.jpg\",\"contentUrl\":\"https:\/\/ouvrir-son-coeur.fr\/wp-content\/uploads\/2024\/01\/daisy-8437384_1280.jpg\",\"width\":1280,\"height\":724},{\"@type\":\"BreadcrumbList\",\"@id\":\"https:\/\/ouvrir-son-coeur.fr\/index.php\/2024\/01\/17\/resilience-et-courage\/#breadcrumb\",\"itemListElement\":[{\"@type\":\"ListItem\",\"position\":1,\"name\":\"Accueil\",\"item\":\"https:\/\/ouvrir-son-coeur.fr\/\"},{\"@type\":\"ListItem\",\"position\":2,\"name\":\"R\u00e9silience et Courage\"}]},{\"@type\":\"WebSite\",\"@id\":\"https:\/\/ouvrir-son-coeur.fr\/#website\",\"url\":\"https:\/\/ouvrir-son-coeur.fr\/\",\"name\":\"Delphine ORIEUX\",\"description\":\"Ouvrir son coeur pour un retour \u00e0 soi\",\"publisher\":{\"@id\":\"https:\/\/ouvrir-son-coeur.fr\/#organization\"},\"potentialAction\":[{\"@type\":\"SearchAction\",\"target\":{\"@type\":\"EntryPoint\",\"urlTemplate\":\"https:\/\/ouvrir-son-coeur.fr\/?s={search_term_string}\"},\"query-input\":{\"@type\":\"PropertyValueSpecification\",\"valueRequired\":true,\"valueName\":\"search_term_string\"}}],\"inLanguage\":\"fr-FR\"},{\"@type\":\"Organization\",\"@id\":\"https:\/\/ouvrir-son-coeur.fr\/#organization\",\"name\":\"Delphine ORIEUX\",\"url\":\"https:\/\/ouvrir-son-coeur.fr\/\",\"logo\":{\"@type\":\"ImageObject\",\"inLanguage\":\"fr-FR\",\"@id\":\"https:\/\/ouvrir-son-coeur.fr\/#\/schema\/logo\/image\/\",\"url\":\"https:\/\/ouvrir-son-coeur.fr\/wp-content\/uploads\/2019\/10\/cropped-71673114_2509801119097527_6138808206555611136_o-15.jpg\",\"contentUrl\":\"https:\/\/ouvrir-son-coeur.fr\/wp-content\/uploads\/2019\/10\/cropped-71673114_2509801119097527_6138808206555611136_o-15.jpg\",\"width\":546,\"height\":505,\"caption\":\"Delphine ORIEUX\"},\"image\":{\"@id\":\"https:\/\/ouvrir-son-coeur.fr\/#\/schema\/logo\/image\/\"}},{\"@type\":\"Person\",\"@id\":\"https:\/\/ouvrir-son-coeur.fr\/#\/schema\/person\/79755406436a7adaddb901ee35a4d28c\",\"name\":\"Delphine\",\"image\":{\"@type\":\"ImageObject\",\"inLanguage\":\"fr-FR\",\"@id\":\"https:\/\/secure.gravatar.com\/avatar\/4feb5ead4d5221e0fd82faeb7afb26cb5db06cdb420750aab1923c6a5e1ac1ac?s=96&d=mm&r=g\",\"url\":\"https:\/\/secure.gravatar.com\/avatar\/4feb5ead4d5221e0fd82faeb7afb26cb5db06cdb420750aab1923c6a5e1ac1ac?s=96&d=mm&r=g\",\"contentUrl\":\"https:\/\/secure.gravatar.com\/avatar\/4feb5ead4d5221e0fd82faeb7afb26cb5db06cdb420750aab1923c6a5e1ac1ac?s=96&d=mm&r=g\",\"caption\":\"Delphine\"},\"url\":\"https:\/\/ouvrir-son-coeur.fr\/index.php\/author\/admin2719\/\"}]}<\/script>\n<!-- \/ Yoast SEO plugin. -->","yoast_head_json":{"title":"R\u00e9silience et Courage - Delphine ORIEUX","robots":{"index":"index","follow":"follow","max-snippet":"max-snippet:-1","max-image-preview":"max-image-preview:large","max-video-preview":"max-video-preview:-1"},"canonical":"https:\/\/ouvrir-son-coeur.fr\/index.php\/2024\/01\/17\/resilience-et-courage\/","og_locale":"fr_FR","og_type":"article","og_title":"R\u00e9silience et Courage - Delphine ORIEUX","og_description":"Depuis cette nuit, je me sens reli\u00e9e par t\u00e9l\u00e9pathie \u00e0 un \u00eatre de l&rsquo;intraTerre qui m&rsquo;appara\u00eet int\u00e9rieurement. Ce que je sais intuitivement c&rsquo;est qu&rsquo;il fait partie de la flotte qui veille sur tous les ph\u00e9nom\u00e8nes m\u00e9t\u00e9orologiques qui se produisent \u00e0 la surface de la Terre. Certains nuages que j&rsquo;ai aper\u00e7us un peu plus t\u00f4t m&rsquo;ont &hellip; Continue reading \"R\u00e9silience et Courage\"","og_url":"https:\/\/ouvrir-son-coeur.fr\/index.php\/2024\/01\/17\/resilience-et-courage\/","og_site_name":"Delphine ORIEUX","article_published_time":"2024-01-17T09:17:44+00:00","article_modified_time":"2024-01-17T10:30:57+00:00","og_image":[{"width":1280,"height":724,"url":"https:\/\/ouvrir-son-coeur.fr\/wp-content\/uploads\/2024\/01\/daisy-8437384_1280.jpg","type":"image\/jpeg"}],"author":"Delphine","twitter_card":"summary_large_image","twitter_misc":{"\u00c9crit par":"Delphine","Dur\u00e9e de lecture estim\u00e9e":"7 minutes"},"schema":{"@context":"https:\/\/schema.org","@graph":[{"@type":"Article","@id":"https:\/\/ouvrir-son-coeur.fr\/index.php\/2024\/01\/17\/resilience-et-courage\/#article","isPartOf":{"@id":"https:\/\/ouvrir-son-coeur.fr\/index.php\/2024\/01\/17\/resilience-et-courage\/"},"author":{"name":"Delphine","@id":"https:\/\/ouvrir-son-coeur.fr\/#\/schema\/person\/79755406436a7adaddb901ee35a4d28c"},"headline":"R\u00e9silience et Courage","datePublished":"2024-01-17T09:17:44+00:00","dateModified":"2024-01-17T10:30:57+00:00","mainEntityOfPage":{"@id":"https:\/\/ouvrir-son-coeur.fr\/index.php\/2024\/01\/17\/resilience-et-courage\/"},"wordCount":1269,"publisher":{"@id":"https:\/\/ouvrir-son-coeur.fr\/#organization"},"image":{"@id":"https:\/\/ouvrir-son-coeur.fr\/index.php\/2024\/01\/17\/resilience-et-courage\/#primaryimage"},"thumbnailUrl":"https:\/\/ouvrir-son-coeur.fr\/wp-content\/uploads\/2024\/01\/daisy-8437384_1280.jpg","articleSection":["Canalisation","Evolution de conscience"],"inLanguage":"fr-FR"},{"@type":"WebPage","@id":"https:\/\/ouvrir-son-coeur.fr\/index.php\/2024\/01\/17\/resilience-et-courage\/","url":"https:\/\/ouvrir-son-coeur.fr\/index.php\/2024\/01\/17\/resilience-et-courage\/","name":"R\u00e9silience et Courage - Delphine ORIEUX","isPartOf":{"@id":"https:\/\/ouvrir-son-coeur.fr\/#website"},"primaryImageOfPage":{"@id":"https:\/\/ouvrir-son-coeur.fr\/index.php\/2024\/01\/17\/resilience-et-courage\/#primaryimage"},"image":{"@id":"https:\/\/ouvrir-son-coeur.fr\/index.php\/2024\/01\/17\/resilience-et-courage\/#primaryimage"},"thumbnailUrl":"https:\/\/ouvrir-son-coeur.fr\/wp-content\/uploads\/2024\/01\/daisy-8437384_1280.jpg","datePublished":"2024-01-17T09:17:44+00:00","dateModified":"2024-01-17T10:30:57+00:00","breadcrumb":{"@id":"https:\/\/ouvrir-son-coeur.fr\/index.php\/2024\/01\/17\/resilience-et-courage\/#breadcrumb"},"inLanguage":"fr-FR","potentialAction":[{"@type":"ReadAction","target":["https:\/\/ouvrir-son-coeur.fr\/index.php\/2024\/01\/17\/resilience-et-courage\/"]}]},{"@type":"ImageObject","inLanguage":"fr-FR","@id":"https:\/\/ouvrir-son-coeur.fr\/index.php\/2024\/01\/17\/resilience-et-courage\/#primaryimage","url":"https:\/\/ouvrir-son-coeur.fr\/wp-content\/uploads\/2024\/01\/daisy-8437384_1280.jpg","contentUrl":"https:\/\/ouvrir-son-coeur.fr\/wp-content\/uploads\/2024\/01\/daisy-8437384_1280.jpg","width":1280,"height":724},{"@type":"BreadcrumbList","@id":"https:\/\/ouvrir-son-coeur.fr\/index.php\/2024\/01\/17\/resilience-et-courage\/#breadcrumb","itemListElement":[{"@type":"ListItem","position":1,"name":"Accueil","item":"https:\/\/ouvrir-son-coeur.fr\/"},{"@type":"ListItem","position":2,"name":"R\u00e9silience et Courage"}]},{"@type":"WebSite","@id":"https:\/\/ouvrir-son-coeur.fr\/#website","url":"https:\/\/ouvrir-son-coeur.fr\/","name":"Delphine ORIEUX","description":"Ouvrir son coeur pour un retour \u00e0 soi","publisher":{"@id":"https:\/\/ouvrir-son-coeur.fr\/#organization"},"potentialAction":[{"@type":"SearchAction","target":{"@type":"EntryPoint","urlTemplate":"https:\/\/ouvrir-son-coeur.fr\/?s={search_term_string}"},"query-input":{"@type":"PropertyValueSpecification","valueRequired":true,"valueName":"search_term_string"}}],"inLanguage":"fr-FR"},{"@type":"Organization","@id":"https:\/\/ouvrir-son-coeur.fr\/#organization","name":"Delphine ORIEUX","url":"https:\/\/ouvrir-son-coeur.fr\/","logo":{"@type":"ImageObject","inLanguage":"fr-FR","@id":"https:\/\/ouvrir-son-coeur.fr\/#\/schema\/logo\/image\/","url":"https:\/\/ouvrir-son-coeur.fr\/wp-content\/uploads\/2019\/10\/cropped-71673114_2509801119097527_6138808206555611136_o-15.jpg","contentUrl":"https:\/\/ouvrir-son-coeur.fr\/wp-content\/uploads\/2019\/10\/cropped-71673114_2509801119097527_6138808206555611136_o-15.jpg","width":546,"height":505,"caption":"Delphine ORIEUX"},"image":{"@id":"https:\/\/ouvrir-son-coeur.fr\/#\/schema\/logo\/image\/"}},{"@type":"Person","@id":"https:\/\/ouvrir-son-coeur.fr\/#\/schema\/person\/79755406436a7adaddb901ee35a4d28c","name":"Delphine","image":{"@type":"ImageObject","inLanguage":"fr-FR","@id":"https:\/\/secure.gravatar.com\/avatar\/4feb5ead4d5221e0fd82faeb7afb26cb5db06cdb420750aab1923c6a5e1ac1ac?s=96&d=mm&r=g","url":"https:\/\/secure.gravatar.com\/avatar\/4feb5ead4d5221e0fd82faeb7afb26cb5db06cdb420750aab1923c6a5e1ac1ac?s=96&d=mm&r=g","contentUrl":"https:\/\/secure.gravatar.com\/avatar\/4feb5ead4d5221e0fd82faeb7afb26cb5db06cdb420750aab1923c6a5e1ac1ac?s=96&d=mm&r=g","caption":"Delphine"},"url":"https:\/\/ouvrir-son-coeur.fr\/index.php\/author\/admin2719\/"}]}},"_links":{"self":[{"href":"https:\/\/ouvrir-son-coeur.fr\/index.php\/wp-json\/wp\/v2\/posts\/2774","targetHints":{"allow":["GET"]}}],"collection":[{"href":"https:\/\/ouvrir-son-coeur.fr\/index.php\/wp-json\/wp\/v2\/posts"}],"about":[{"href":"https:\/\/ouvrir-son-coeur.fr\/index.php\/wp-json\/wp\/v2\/types\/post"}],"author":[{"embeddable":true,"href":"https:\/\/ouvrir-son-coeur.fr\/index.php\/wp-json\/wp\/v2\/users\/1"}],"replies":[{"embeddable":true,"href":"https:\/\/ouvrir-son-coeur.fr\/index.php\/wp-json\/wp\/v2\/comments?post=2774"}],"version-history":[{"count":2,"href":"https:\/\/ouvrir-son-coeur.fr\/index.php\/wp-json\/wp\/v2\/posts\/2774\/revisions"}],"predecessor-version":[{"id":2781,"href":"https:\/\/ouvrir-son-coeur.fr\/index.php\/wp-json\/wp\/v2\/posts\/2774\/revisions\/2781"}],"wp:featuredmedia":[{"embeddable":true,"href":"https:\/\/ouvrir-son-coeur.fr\/index.php\/wp-json\/wp\/v2\/media\/2775"}],"wp:attachment":[{"href":"https:\/\/ouvrir-son-coeur.fr\/index.php\/wp-json\/wp\/v2\/media?parent=2774"}],"wp:term":[{"taxonomy":"category","embeddable":true,"href":"https:\/\/ouvrir-son-coeur.fr\/index.php\/wp-json\/wp\/v2\/categories?post=2774"},{"taxonomy":"post_tag","embeddable":true,"href":"https:\/\/ouvrir-son-coeur.fr\/index.php\/wp-json\/wp\/v2\/tags?post=2774"}],"curies":[{"name":"wp","href":"https:\/\/api.w.org\/{rel}","templated":true}]}}