{"id":2645,"date":"2023-06-12T04:02:50","date_gmt":"2023-06-12T02:02:50","guid":{"rendered":"https:\/\/ouvrir-son-coeur.fr\/?p=2645"},"modified":"2023-06-12T04:02:51","modified_gmt":"2023-06-12T02:02:51","slug":"la-vie-est-parsemee-de-circonstances-pour-favoriser-notre-croissance","status":"publish","type":"post","link":"https:\/\/ouvrir-son-coeur.fr\/index.php\/2023\/06\/12\/la-vie-est-parsemee-de-circonstances-pour-favoriser-notre-croissance\/","title":{"rendered":"La vie est parsem\u00e9e de circonstances pour favoriser notre croissance"},"content":{"rendered":"<div class=\"wp-block-image\">\n<figure class=\"aligncenter size-large\"><img loading=\"lazy\" decoding=\"async\" width=\"1024\" height=\"575\" src=\"https:\/\/ouvrir-son-coeur.fr\/wp-content\/uploads\/2023\/06\/frequency-wave-7776034_1280-1024x575.jpg\" alt=\"\" class=\"wp-image-2646\" srcset=\"https:\/\/ouvrir-son-coeur.fr\/wp-content\/uploads\/2023\/06\/frequency-wave-7776034_1280-1024x575.jpg 1024w, https:\/\/ouvrir-son-coeur.fr\/wp-content\/uploads\/2023\/06\/frequency-wave-7776034_1280-300x169.jpg 300w, https:\/\/ouvrir-son-coeur.fr\/wp-content\/uploads\/2023\/06\/frequency-wave-7776034_1280-768x431.jpg 768w, https:\/\/ouvrir-son-coeur.fr\/wp-content\/uploads\/2023\/06\/frequency-wave-7776034_1280-1200x674.jpg 1200w, https:\/\/ouvrir-son-coeur.fr\/wp-content\/uploads\/2023\/06\/frequency-wave-7776034_1280.jpg 1280w\" sizes=\"auto, (max-width: 1024px) 100vw, 1024px\" \/><\/figure>\n<\/div>\n\n<p style=\"text-align: justify;\">Chaque circonstance et toutes interactions prennent une forme et r\u00e9v\u00e8lent en nous des \u00e9motions, des croyances et un positionnement par rapport \u00e0 nos propres ressentis. Ce peut \u00eatre des ressentis par rapport \u00e0 notre corps physique, ou par rapport \u00e0 des \u00eatres, des \u00e9v\u00e8nements ou des situations. Et \u00e0 chaque fois nos \u00e9motions et nos pens\u00e9es par rapport \u00e0 ci ou \u00e0 \u00e7a, \u00e9voluent et cheminent.<\/p>\n<p style=\"text-align: justify;\">C\u2019est donc ce cheminement qui est le terrain de notre croissance spirituelle.<\/p>\n<p style=\"text-align: justify;\">La forme que prennent toutes ces circonstances ou ces manifestations physiques sont des prolongements de nos \u00e9motions et de nos croyances, qui se trouvent d\u00e9j\u00e0 inscrites dans notre champ de donn\u00e9es. Et en m\u00eame temps, l\u2019image que prend cette forme et qui nous est renvoy\u00e9e dans notre v\u00e9cu, \u00e0 chaque instant de notre vie, dans notre corps physique, nous fait prendre conscience de la nature de ces \u00e9motions et de ces pens\u00e9es, qui se r\u00e9veillent dans l\u2019exp\u00e9rience de la forme.<\/p>\n<p style=\"text-align: justify;\">A l\u2019instant \u00ab\u00a0t\u00a0\u00bb nous ressentons et nous croyons cela par rapport \u00e0 \u00e7a et \u00e0 l\u2019instant\u00a0 \u00ab\u00a0t+1\u00a0\u00bb nos ressentis et pens\u00e9es ont chang\u00e9, ce qui modifie notre position par rapport \u00e0 cette forme. Et plus nous pacifions les \u00e9motions et croyances en rapport avec cette forme, plus nous nous en d\u00e9gageons, pour poursuivre notre \u00e9volution avec d\u2019autres formes.<\/p>\n<p style=\"text-align: justify;\">Car lorsque nous sommes positionn\u00e9s dans un \u00e9tat de choc ou de confrontation, par rapport \u00e0 quelque chose, nous sommes comme deux aimants, de m\u00eame polarit\u00e9, qui se repoussent. Et lorsque nous modifions notre polarit\u00e9 par rapport \u00e0 \u00e7a, nous nous remettons dans le sens naturel des polarit\u00e9s oppos\u00e9es, qui s\u2019attirent et permettent ainsi la circulation de l\u2019\u00e9nergie, entre \u00e7a et nous.<\/p>\n<p style=\"text-align: justify;\">Un circuit \u00e9lectrique est une circulation d\u2019\u00e9nergie, sous forme de particules subatomiques, qui circulent de la polarit\u00e9 \u00ab\u00a0+\u00a0\u00bb vers la polarit\u00e9 \u00ab\u00a0&#8211; \u00bb. En fonction des charges de ces particules, l\u2019intensit\u00e9 du champ magn\u00e9tique varie, celui-ci circulant toujours du Nord vers le Sud. Ainsi toute forme d\u2019\u00e9nergie \u00e9tant charg\u00e9e plus ou moins positivement ou n\u00e9gativement, va impacter sur l\u2019intensit\u00e9 d\u2019attraction ou de r\u00e9pulsion des forces environnantes.<\/p>\n<p style=\"text-align: justify;\">Ainsi se lib\u00e9rer c\u2019est se d\u00e9charger, pour neutraliser son impact sur les particules environnantes et inversement neutraliser l\u2019impact des charges environnantes sur soi.<\/p>\n<p style=\"text-align: justify;\">En somme, en modifiant la qualit\u00e9 de notre magn\u00e9tisme, nous\u00a0modifions notre environnement et l\u2019impact que celui-ci a sur nous.<\/p>\n<p style=\"text-align: justify;\">Ce qui signifie que nous avons une enti\u00e8re responsabilit\u00e9 sur ce que nous attirons \u00e0 nous ou repoussons. Nous sommes des ma\u00eetres magn\u00e9tiseurs et existons selon les lois fondamentales de la mati\u00e8re, qui sont \u00e0 l\u2019origine des forces existantes dans les domaines physique et subtil.<\/p>\n<p style=\"text-align: justify;\">Toute volont\u00e9 d\u2019aller \u00e0 l\u2019encontre de ces forces se r\u00e9v\u00e8le impossible, car ces lois r\u00e9gissent toute vie et toute forme d\u2019existence dans l\u2019int\u00e9gralit\u00e9 de Tout ce qui constitue l\u2019Univers au sens large.<\/p>\n<p style=\"text-align: justify;\">Un ma\u00eetre est une \u00e9nergie consciente d\u2019exister selon des lois fondamentales et les utilise de mani\u00e8re \u00e0 vivre son existence, avec une volont\u00e9 profonde d\u2019\u00eatre en harmonie avec celles-ci.<\/p>\n<p style=\"text-align: justify;\">Un serviteur vit librement son existence, par ignorance de ces lois et par incompr\u00e9hension. Ce qui cr\u00e9e toutes formes de dysharmonies, qui cr\u00e9ent une notion d\u2019impuissance, de souffrance et d\u2019incompr\u00e9hension face aux manifestations de son existence.<\/p>\n<p style=\"text-align: justify;\">Un serviteur devient ma\u00eetre lorsque celui-ci devient disciple, jusqu\u2019\u00e0 acqu\u00e9rir la ma\u00eetrise de ces lois fondamentales. Un disciple est un serviteur en phase d\u2019apprentissage au service de la volont\u00e9 de son ma\u00eetre int\u00e9rieur, qui le guide vers une meilleure compr\u00e9hension de ces lois.<\/p>\n<p style=\"text-align: justify;\">Nous sommes tous des humains en phase d\u2019apprentissage, venus exp\u00e9rimenter la forme pour mieux comprendre comment faire usage de l\u2019\u00e9nergie au service de notre ma\u00eetre int\u00e9rieur, qui nous guide vers la ma\u00eetrise.<\/p>\n<p style=\"text-align: justify;\">Nous validerons la ma\u00eetrise lorsque tout usage de l\u2019\u00e9nergie sera dirig\u00e9, pour cr\u00e9er l\u2019harmonie au sein de la forme, la qualit\u00e9 de la forme \u00e9tant notre meilleur correcteur.<\/p>\n<p style=\"text-align: justify;\">Se d\u00e9charger revient \u00e0 rel\u00e2cher toutes tensions, cr\u00e9\u00e9es par la concentration de particules \u00e9l\u00e9mentaires, qui s\u2019attirent par des connexions. Ces connexions sont ordonn\u00e9es par l\u2019intelligence qui choisit d\u2019orienter l\u2019\u00e9nergie vers un \u00e9tat donn\u00e9. Selon la disposition des particules, telles ou telles interactions vont se cr\u00e9er et le mouvement actionn\u00e9 va engendrer diff\u00e9rentes associations, qui vont-elles-m\u00eames cr\u00e9er d\u2019autres associations, dans une volont\u00e9 d\u2019acc\u00e9der \u00e0 l\u2019\u00e9tat ordonn\u00e9 initialement.<\/p>\n<p style=\"text-align: justify;\">L\u2019intelligence est la force de vie, qui donne \u00e0 la vie sa raison d\u2019\u00eatre. Cette force de vie prend sa Source dans Tout ce qui constitue l\u2019Univers au sens large, puis exp\u00e9rimente l\u2019existence \u00e0 travers diff\u00e9rentes couches, dans lesquelles la densit\u00e9 des particules varie de l\u2019\u00e9tat le plus pur, dans la perfection originelle, \u00e0 des \u00e9tats lourds, en termes de ralentissement d\u2019\u00e9nergie, qui permet la cristallisation. Plus l\u2019\u00e9nergie circule lentement, plus celle-ci se densifie. Ainsi les plan\u00e8tes permettent de cr\u00e9er un environnement propice \u00e0 toutes formes d\u2019\u00e9nergies, selon la densit\u00e9 souhait\u00e9e.<\/p>\n<p style=\"text-align: justify;\">Les plan\u00e8tes sont les vecteurs de forces qui cr\u00e9ent un environnement, r\u00e9gi par ces forces. Les plan\u00e8tes elles-m\u00eames sont r\u00e9gies par des forces cosmiques, qui mettent en mouvement des syst\u00e8mes, des constellations, des univers et toutes formes de manifestations \u00e0 l\u2019\u00e9chelle de l\u2019Univers. Et toutes ces forces sont issues de l\u2019Intelligence Une qui est la Source de tout ce qui existe.<\/p>\n<p style=\"text-align: justify;\">L\u2019Intelligence qui exp\u00e9rimente au travers d\u2019une forme, d\u00e9pendant d\u2019une plan\u00e8te, est alors soumise aux forces r\u00e9gies par cette plan\u00e8te. Ainsi la premi\u00e8re \u00e9tape de compr\u00e9hension passe par l\u2019\u00e9tude des forces qui s\u2019exercent au sein de la plan\u00e8te. Cette \u00e9tude int\u00e9rieure, commun\u00e9ment appel\u00e9e science, s\u2019ext\u00e9riorise dans le monde humain, \u00e0 travers des recherches, qui conduisent \u00e0 des th\u00e9ories. Les th\u00e9ories se valident ou s\u2019invalident int\u00e9rieurement \u00e0 travers le v\u00e9cu, le ressenti et la connexion \u00e0 l\u2019Intelligence.<\/p>\n<p style=\"text-align: justify;\">Pour comprendre comment se d\u00e9charger, cela passe par l\u2019exp\u00e9rience, le v\u00e9cu et \u00e0 par un \u00e9tat de reliance. Quand nous allons dans la nature, nous nous d\u00e9chargeons, car la nature est charg\u00e9e en ions n\u00e9gatifs, ce qui vient \u00e9quilibrer notre surplus d\u2019ions positifs. L\u2019ionisation est un ph\u00e9nom\u00e8ne naturel qui s\u2019autor\u00e9gule partout sur la plan\u00e8te, gr\u00e2ce \u00e0 la nature. Moins il y a de nature, moins il y a de r\u00e9gulation. Ceci est influenc\u00e9 par les vents solaires et les flux cosmiques, qui modifient, par effet de bombardements, la concentration d\u2019ions et d\u2019\u00e9lectrons au sein de la plan\u00e8te et de tout ce qui y vit.<\/p>\n<p style=\"text-align: justify;\">Nous sommes ainsi en apprentissage quant \u00e0 la mani\u00e8re de se d\u00e9charger et de s\u2019\u00e9quilibrer, d\u2019un point de vue ionique et de mani\u00e8re plus g\u00e9n\u00e9rale, concernant tout l\u2019ensemble \u00e9lectromagn\u00e9tique. Et une fois que la ma\u00eetrise des forces concernant la plan\u00e8te est atteinte, la compr\u00e9hension s\u2019agrandit \u00e0 l\u2019\u00e9chelle de l\u2019Univers, concernant l\u2019utilisation de l\u2019\u00e9nergie quantique. C\u2019est de cette mani\u00e8re que nous acc\u00e9dons int\u00e9rieurement \u00e0 plus de connaissances, quant au fonctionnement de l\u2019Univers et qu\u2019ainsi nous optons pour des utilisations de l\u2019\u00e9nergie, qui sont en parfaite harmonie avec notre environnement.<\/p>\n<p style=\"text-align: justify;\">L\u2019avenir est riche en d\u00e9couvertes concernant ces \u00e9nergies \u00e0 l\u2019\u00e9chelle plan\u00e9taire, car de plus en plus d\u2019humains tendent vers la ma\u00eetrise de l\u2019utilisation de l\u2019\u00e9nergie, au sein de leur propre temple int\u00e9rieur, puis par extension, au sein de leur plan\u00e8te d\u2019accueil.<\/p>\n<p style=\"text-align: justify;\">Marchons ensemble vers un \u00e9quilibre global, en nous \u00e9quilibrant de l\u2019int\u00e9rieur, telle une grande classe, qui choisit de faire des travaux dirig\u00e9s en un seul et unique groupe. Bien que la confrontation de diff\u00e9rents groupes ait permise jusqu\u2019\u00e0 aujourd\u2019hui de constater l\u2019inefficacit\u00e9 de la mise en tension, aujourd\u2019hui nous tendons \u00e0 nous rel\u00e2cher pour refaire circuler l\u2019\u00e9nergie et fonctionner \u00e0 l\u2019unisson, pour rayonner et s\u2019enrichir mutuellement de nos d\u00e9couvertes respectives.<\/p>\n<p style=\"text-align: justify;\">Ensemble est un Tout, Tout est diversifi\u00e9 et se compl\u00e8te dans chacun de ses aspects.<\/p>\n<p style=\"text-align: justify;\">Merci, merci, merci<\/p>","protected":false},"excerpt":{"rendered":"<p>Chaque circonstance et toutes interactions prennent une forme et r\u00e9v\u00e8lent en nous des \u00e9motions, des croyances et un positionnement par rapport \u00e0 nos propres ressentis. Ce peut \u00eatre des ressentis par rapport \u00e0 notre corps physique, ou par rapport \u00e0 des \u00eatres, des \u00e9v\u00e8nements ou des situations. Et \u00e0 chaque fois nos \u00e9motions et nos &hellip; <\/p>\n<p class=\"link-more\"><a href=\"https:\/\/ouvrir-son-coeur.fr\/index.php\/2023\/06\/12\/la-vie-est-parsemee-de-circonstances-pour-favoriser-notre-croissance\/\" class=\"more-link\">Continue reading<span class=\"screen-reader-text\"> \u00ab\u00a0La vie est parsem\u00e9e de circonstances pour favoriser notre croissance\u00a0\u00bb<\/span><\/a><\/p>\n","protected":false},"author":1,"featured_media":2646,"comment_status":"closed","ping_status":"closed","sticky":false,"template":"","format":"standard","meta":{"footnotes":""},"categories":[5],"tags":[],"class_list":["post-2645","post","type-post","status-publish","format-standard","has-post-thumbnail","hentry","category-evolution-de-conscience"],"yoast_head":"<!-- This site is optimized with the Yoast SEO plugin v27.2 - https:\/\/yoast.com\/product\/yoast-seo-wordpress\/ -->\n<title>La vie est parsem\u00e9e de circonstances pour favoriser notre croissance - Delphine ORIEUX<\/title>\n<meta name=\"robots\" content=\"index, follow, max-snippet:-1, max-image-preview:large, max-video-preview:-1\" \/>\n<link rel=\"canonical\" href=\"https:\/\/ouvrir-son-coeur.fr\/index.php\/2023\/06\/12\/la-vie-est-parsemee-de-circonstances-pour-favoriser-notre-croissance\/\" \/>\n<meta property=\"og:locale\" content=\"fr_FR\" \/>\n<meta property=\"og:type\" content=\"article\" \/>\n<meta property=\"og:title\" content=\"La vie est parsem\u00e9e de circonstances pour favoriser notre croissance - Delphine ORIEUX\" \/>\n<meta property=\"og:description\" content=\"Chaque circonstance et toutes interactions prennent une forme et r\u00e9v\u00e8lent en nous des \u00e9motions, des croyances et un positionnement par rapport \u00e0 nos propres ressentis. Ce peut \u00eatre des ressentis par rapport \u00e0 notre corps physique, ou par rapport \u00e0 des \u00eatres, des \u00e9v\u00e8nements ou des situations. Et \u00e0 chaque fois nos \u00e9motions et nos &hellip; Continue reading &quot;La vie est parsem\u00e9e de circonstances pour favoriser notre croissance&quot;\" \/>\n<meta property=\"og:url\" content=\"https:\/\/ouvrir-son-coeur.fr\/index.php\/2023\/06\/12\/la-vie-est-parsemee-de-circonstances-pour-favoriser-notre-croissance\/\" \/>\n<meta property=\"og:site_name\" content=\"Delphine ORIEUX\" \/>\n<meta property=\"article:published_time\" content=\"2023-06-12T02:02:50+00:00\" \/>\n<meta property=\"article:modified_time\" content=\"2023-06-12T02:02:51+00:00\" \/>\n<meta property=\"og:image\" content=\"https:\/\/ouvrir-son-coeur.fr\/wp-content\/uploads\/2023\/06\/frequency-wave-7776034_1280.jpg\" \/>\n\t<meta property=\"og:image:width\" content=\"1280\" \/>\n\t<meta property=\"og:image:height\" content=\"719\" \/>\n\t<meta property=\"og:image:type\" content=\"image\/jpeg\" \/>\n<meta name=\"author\" content=\"Delphine\" \/>\n<meta name=\"twitter:card\" content=\"summary_large_image\" \/>\n<meta name=\"twitter:label1\" content=\"\u00c9crit par\" \/>\n\t<meta name=\"twitter:data1\" content=\"Delphine\" \/>\n\t<meta name=\"twitter:label2\" content=\"Dur\u00e9e de lecture estim\u00e9e\" \/>\n\t<meta name=\"twitter:data2\" content=\"7 minutes\" \/>\n<script type=\"application\/ld+json\" class=\"yoast-schema-graph\">{\"@context\":\"https:\/\/schema.org\",\"@graph\":[{\"@type\":\"Article\",\"@id\":\"https:\/\/ouvrir-son-coeur.fr\/index.php\/2023\/06\/12\/la-vie-est-parsemee-de-circonstances-pour-favoriser-notre-croissance\/#article\",\"isPartOf\":{\"@id\":\"https:\/\/ouvrir-son-coeur.fr\/index.php\/2023\/06\/12\/la-vie-est-parsemee-de-circonstances-pour-favoriser-notre-croissance\/\"},\"author\":{\"name\":\"Delphine\",\"@id\":\"https:\/\/ouvrir-son-coeur.fr\/#\/schema\/person\/79755406436a7adaddb901ee35a4d28c\"},\"headline\":\"La vie est parsem\u00e9e de circonstances pour favoriser notre croissance\",\"datePublished\":\"2023-06-12T02:02:50+00:00\",\"dateModified\":\"2023-06-12T02:02:51+00:00\",\"mainEntityOfPage\":{\"@id\":\"https:\/\/ouvrir-son-coeur.fr\/index.php\/2023\/06\/12\/la-vie-est-parsemee-de-circonstances-pour-favoriser-notre-croissance\/\"},\"wordCount\":1433,\"publisher\":{\"@id\":\"https:\/\/ouvrir-son-coeur.fr\/#organization\"},\"image\":{\"@id\":\"https:\/\/ouvrir-son-coeur.fr\/index.php\/2023\/06\/12\/la-vie-est-parsemee-de-circonstances-pour-favoriser-notre-croissance\/#primaryimage\"},\"thumbnailUrl\":\"https:\/\/ouvrir-son-coeur.fr\/wp-content\/uploads\/2023\/06\/frequency-wave-7776034_1280.jpg\",\"articleSection\":[\"Evolution de conscience\"],\"inLanguage\":\"fr-FR\"},{\"@type\":\"WebPage\",\"@id\":\"https:\/\/ouvrir-son-coeur.fr\/index.php\/2023\/06\/12\/la-vie-est-parsemee-de-circonstances-pour-favoriser-notre-croissance\/\",\"url\":\"https:\/\/ouvrir-son-coeur.fr\/index.php\/2023\/06\/12\/la-vie-est-parsemee-de-circonstances-pour-favoriser-notre-croissance\/\",\"name\":\"La vie est parsem\u00e9e de circonstances pour favoriser notre croissance - Delphine ORIEUX\",\"isPartOf\":{\"@id\":\"https:\/\/ouvrir-son-coeur.fr\/#website\"},\"primaryImageOfPage\":{\"@id\":\"https:\/\/ouvrir-son-coeur.fr\/index.php\/2023\/06\/12\/la-vie-est-parsemee-de-circonstances-pour-favoriser-notre-croissance\/#primaryimage\"},\"image\":{\"@id\":\"https:\/\/ouvrir-son-coeur.fr\/index.php\/2023\/06\/12\/la-vie-est-parsemee-de-circonstances-pour-favoriser-notre-croissance\/#primaryimage\"},\"thumbnailUrl\":\"https:\/\/ouvrir-son-coeur.fr\/wp-content\/uploads\/2023\/06\/frequency-wave-7776034_1280.jpg\",\"datePublished\":\"2023-06-12T02:02:50+00:00\",\"dateModified\":\"2023-06-12T02:02:51+00:00\",\"breadcrumb\":{\"@id\":\"https:\/\/ouvrir-son-coeur.fr\/index.php\/2023\/06\/12\/la-vie-est-parsemee-de-circonstances-pour-favoriser-notre-croissance\/#breadcrumb\"},\"inLanguage\":\"fr-FR\",\"potentialAction\":[{\"@type\":\"ReadAction\",\"target\":[\"https:\/\/ouvrir-son-coeur.fr\/index.php\/2023\/06\/12\/la-vie-est-parsemee-de-circonstances-pour-favoriser-notre-croissance\/\"]}]},{\"@type\":\"ImageObject\",\"inLanguage\":\"fr-FR\",\"@id\":\"https:\/\/ouvrir-son-coeur.fr\/index.php\/2023\/06\/12\/la-vie-est-parsemee-de-circonstances-pour-favoriser-notre-croissance\/#primaryimage\",\"url\":\"https:\/\/ouvrir-son-coeur.fr\/wp-content\/uploads\/2023\/06\/frequency-wave-7776034_1280.jpg\",\"contentUrl\":\"https:\/\/ouvrir-son-coeur.fr\/wp-content\/uploads\/2023\/06\/frequency-wave-7776034_1280.jpg\",\"width\":1280,\"height\":719},{\"@type\":\"BreadcrumbList\",\"@id\":\"https:\/\/ouvrir-son-coeur.fr\/index.php\/2023\/06\/12\/la-vie-est-parsemee-de-circonstances-pour-favoriser-notre-croissance\/#breadcrumb\",\"itemListElement\":[{\"@type\":\"ListItem\",\"position\":1,\"name\":\"Accueil\",\"item\":\"https:\/\/ouvrir-son-coeur.fr\/\"},{\"@type\":\"ListItem\",\"position\":2,\"name\":\"La vie est parsem\u00e9e de circonstances pour favoriser notre croissance\"}]},{\"@type\":\"WebSite\",\"@id\":\"https:\/\/ouvrir-son-coeur.fr\/#website\",\"url\":\"https:\/\/ouvrir-son-coeur.fr\/\",\"name\":\"Delphine ORIEUX\",\"description\":\"Ouvrir son coeur pour un retour \u00e0 soi\",\"publisher\":{\"@id\":\"https:\/\/ouvrir-son-coeur.fr\/#organization\"},\"potentialAction\":[{\"@type\":\"SearchAction\",\"target\":{\"@type\":\"EntryPoint\",\"urlTemplate\":\"https:\/\/ouvrir-son-coeur.fr\/?s={search_term_string}\"},\"query-input\":{\"@type\":\"PropertyValueSpecification\",\"valueRequired\":true,\"valueName\":\"search_term_string\"}}],\"inLanguage\":\"fr-FR\"},{\"@type\":\"Organization\",\"@id\":\"https:\/\/ouvrir-son-coeur.fr\/#organization\",\"name\":\"Delphine ORIEUX\",\"url\":\"https:\/\/ouvrir-son-coeur.fr\/\",\"logo\":{\"@type\":\"ImageObject\",\"inLanguage\":\"fr-FR\",\"@id\":\"https:\/\/ouvrir-son-coeur.fr\/#\/schema\/logo\/image\/\",\"url\":\"https:\/\/ouvrir-son-coeur.fr\/wp-content\/uploads\/2019\/10\/cropped-71673114_2509801119097527_6138808206555611136_o-15.jpg\",\"contentUrl\":\"https:\/\/ouvrir-son-coeur.fr\/wp-content\/uploads\/2019\/10\/cropped-71673114_2509801119097527_6138808206555611136_o-15.jpg\",\"width\":546,\"height\":505,\"caption\":\"Delphine ORIEUX\"},\"image\":{\"@id\":\"https:\/\/ouvrir-son-coeur.fr\/#\/schema\/logo\/image\/\"}},{\"@type\":\"Person\",\"@id\":\"https:\/\/ouvrir-son-coeur.fr\/#\/schema\/person\/79755406436a7adaddb901ee35a4d28c\",\"name\":\"Delphine\",\"image\":{\"@type\":\"ImageObject\",\"inLanguage\":\"fr-FR\",\"@id\":\"https:\/\/secure.gravatar.com\/avatar\/4feb5ead4d5221e0fd82faeb7afb26cb5db06cdb420750aab1923c6a5e1ac1ac?s=96&d=mm&r=g\",\"url\":\"https:\/\/secure.gravatar.com\/avatar\/4feb5ead4d5221e0fd82faeb7afb26cb5db06cdb420750aab1923c6a5e1ac1ac?s=96&d=mm&r=g\",\"contentUrl\":\"https:\/\/secure.gravatar.com\/avatar\/4feb5ead4d5221e0fd82faeb7afb26cb5db06cdb420750aab1923c6a5e1ac1ac?s=96&d=mm&r=g\",\"caption\":\"Delphine\"},\"url\":\"https:\/\/ouvrir-son-coeur.fr\/index.php\/author\/admin2719\/\"}]}<\/script>\n<!-- \/ Yoast SEO plugin. -->","yoast_head_json":{"title":"La vie est parsem\u00e9e de circonstances pour favoriser notre croissance - Delphine ORIEUX","robots":{"index":"index","follow":"follow","max-snippet":"max-snippet:-1","max-image-preview":"max-image-preview:large","max-video-preview":"max-video-preview:-1"},"canonical":"https:\/\/ouvrir-son-coeur.fr\/index.php\/2023\/06\/12\/la-vie-est-parsemee-de-circonstances-pour-favoriser-notre-croissance\/","og_locale":"fr_FR","og_type":"article","og_title":"La vie est parsem\u00e9e de circonstances pour favoriser notre croissance - Delphine ORIEUX","og_description":"Chaque circonstance et toutes interactions prennent une forme et r\u00e9v\u00e8lent en nous des \u00e9motions, des croyances et un positionnement par rapport \u00e0 nos propres ressentis. Ce peut \u00eatre des ressentis par rapport \u00e0 notre corps physique, ou par rapport \u00e0 des \u00eatres, des \u00e9v\u00e8nements ou des situations. Et \u00e0 chaque fois nos \u00e9motions et nos &hellip; Continue reading \"La vie est parsem\u00e9e de circonstances pour favoriser notre croissance\"","og_url":"https:\/\/ouvrir-son-coeur.fr\/index.php\/2023\/06\/12\/la-vie-est-parsemee-de-circonstances-pour-favoriser-notre-croissance\/","og_site_name":"Delphine ORIEUX","article_published_time":"2023-06-12T02:02:50+00:00","article_modified_time":"2023-06-12T02:02:51+00:00","og_image":[{"width":1280,"height":719,"url":"https:\/\/ouvrir-son-coeur.fr\/wp-content\/uploads\/2023\/06\/frequency-wave-7776034_1280.jpg","type":"image\/jpeg"}],"author":"Delphine","twitter_card":"summary_large_image","twitter_misc":{"\u00c9crit par":"Delphine","Dur\u00e9e de lecture estim\u00e9e":"7 minutes"},"schema":{"@context":"https:\/\/schema.org","@graph":[{"@type":"Article","@id":"https:\/\/ouvrir-son-coeur.fr\/index.php\/2023\/06\/12\/la-vie-est-parsemee-de-circonstances-pour-favoriser-notre-croissance\/#article","isPartOf":{"@id":"https:\/\/ouvrir-son-coeur.fr\/index.php\/2023\/06\/12\/la-vie-est-parsemee-de-circonstances-pour-favoriser-notre-croissance\/"},"author":{"name":"Delphine","@id":"https:\/\/ouvrir-son-coeur.fr\/#\/schema\/person\/79755406436a7adaddb901ee35a4d28c"},"headline":"La vie est parsem\u00e9e de circonstances pour favoriser notre croissance","datePublished":"2023-06-12T02:02:50+00:00","dateModified":"2023-06-12T02:02:51+00:00","mainEntityOfPage":{"@id":"https:\/\/ouvrir-son-coeur.fr\/index.php\/2023\/06\/12\/la-vie-est-parsemee-de-circonstances-pour-favoriser-notre-croissance\/"},"wordCount":1433,"publisher":{"@id":"https:\/\/ouvrir-son-coeur.fr\/#organization"},"image":{"@id":"https:\/\/ouvrir-son-coeur.fr\/index.php\/2023\/06\/12\/la-vie-est-parsemee-de-circonstances-pour-favoriser-notre-croissance\/#primaryimage"},"thumbnailUrl":"https:\/\/ouvrir-son-coeur.fr\/wp-content\/uploads\/2023\/06\/frequency-wave-7776034_1280.jpg","articleSection":["Evolution de conscience"],"inLanguage":"fr-FR"},{"@type":"WebPage","@id":"https:\/\/ouvrir-son-coeur.fr\/index.php\/2023\/06\/12\/la-vie-est-parsemee-de-circonstances-pour-favoriser-notre-croissance\/","url":"https:\/\/ouvrir-son-coeur.fr\/index.php\/2023\/06\/12\/la-vie-est-parsemee-de-circonstances-pour-favoriser-notre-croissance\/","name":"La vie est parsem\u00e9e de circonstances pour favoriser notre croissance - Delphine ORIEUX","isPartOf":{"@id":"https:\/\/ouvrir-son-coeur.fr\/#website"},"primaryImageOfPage":{"@id":"https:\/\/ouvrir-son-coeur.fr\/index.php\/2023\/06\/12\/la-vie-est-parsemee-de-circonstances-pour-favoriser-notre-croissance\/#primaryimage"},"image":{"@id":"https:\/\/ouvrir-son-coeur.fr\/index.php\/2023\/06\/12\/la-vie-est-parsemee-de-circonstances-pour-favoriser-notre-croissance\/#primaryimage"},"thumbnailUrl":"https:\/\/ouvrir-son-coeur.fr\/wp-content\/uploads\/2023\/06\/frequency-wave-7776034_1280.jpg","datePublished":"2023-06-12T02:02:50+00:00","dateModified":"2023-06-12T02:02:51+00:00","breadcrumb":{"@id":"https:\/\/ouvrir-son-coeur.fr\/index.php\/2023\/06\/12\/la-vie-est-parsemee-de-circonstances-pour-favoriser-notre-croissance\/#breadcrumb"},"inLanguage":"fr-FR","potentialAction":[{"@type":"ReadAction","target":["https:\/\/ouvrir-son-coeur.fr\/index.php\/2023\/06\/12\/la-vie-est-parsemee-de-circonstances-pour-favoriser-notre-croissance\/"]}]},{"@type":"ImageObject","inLanguage":"fr-FR","@id":"https:\/\/ouvrir-son-coeur.fr\/index.php\/2023\/06\/12\/la-vie-est-parsemee-de-circonstances-pour-favoriser-notre-croissance\/#primaryimage","url":"https:\/\/ouvrir-son-coeur.fr\/wp-content\/uploads\/2023\/06\/frequency-wave-7776034_1280.jpg","contentUrl":"https:\/\/ouvrir-son-coeur.fr\/wp-content\/uploads\/2023\/06\/frequency-wave-7776034_1280.jpg","width":1280,"height":719},{"@type":"BreadcrumbList","@id":"https:\/\/ouvrir-son-coeur.fr\/index.php\/2023\/06\/12\/la-vie-est-parsemee-de-circonstances-pour-favoriser-notre-croissance\/#breadcrumb","itemListElement":[{"@type":"ListItem","position":1,"name":"Accueil","item":"https:\/\/ouvrir-son-coeur.fr\/"},{"@type":"ListItem","position":2,"name":"La vie est parsem\u00e9e de circonstances pour favoriser notre croissance"}]},{"@type":"WebSite","@id":"https:\/\/ouvrir-son-coeur.fr\/#website","url":"https:\/\/ouvrir-son-coeur.fr\/","name":"Delphine ORIEUX","description":"Ouvrir son coeur pour un retour \u00e0 soi","publisher":{"@id":"https:\/\/ouvrir-son-coeur.fr\/#organization"},"potentialAction":[{"@type":"SearchAction","target":{"@type":"EntryPoint","urlTemplate":"https:\/\/ouvrir-son-coeur.fr\/?s={search_term_string}"},"query-input":{"@type":"PropertyValueSpecification","valueRequired":true,"valueName":"search_term_string"}}],"inLanguage":"fr-FR"},{"@type":"Organization","@id":"https:\/\/ouvrir-son-coeur.fr\/#organization","name":"Delphine ORIEUX","url":"https:\/\/ouvrir-son-coeur.fr\/","logo":{"@type":"ImageObject","inLanguage":"fr-FR","@id":"https:\/\/ouvrir-son-coeur.fr\/#\/schema\/logo\/image\/","url":"https:\/\/ouvrir-son-coeur.fr\/wp-content\/uploads\/2019\/10\/cropped-71673114_2509801119097527_6138808206555611136_o-15.jpg","contentUrl":"https:\/\/ouvrir-son-coeur.fr\/wp-content\/uploads\/2019\/10\/cropped-71673114_2509801119097527_6138808206555611136_o-15.jpg","width":546,"height":505,"caption":"Delphine ORIEUX"},"image":{"@id":"https:\/\/ouvrir-son-coeur.fr\/#\/schema\/logo\/image\/"}},{"@type":"Person","@id":"https:\/\/ouvrir-son-coeur.fr\/#\/schema\/person\/79755406436a7adaddb901ee35a4d28c","name":"Delphine","image":{"@type":"ImageObject","inLanguage":"fr-FR","@id":"https:\/\/secure.gravatar.com\/avatar\/4feb5ead4d5221e0fd82faeb7afb26cb5db06cdb420750aab1923c6a5e1ac1ac?s=96&d=mm&r=g","url":"https:\/\/secure.gravatar.com\/avatar\/4feb5ead4d5221e0fd82faeb7afb26cb5db06cdb420750aab1923c6a5e1ac1ac?s=96&d=mm&r=g","contentUrl":"https:\/\/secure.gravatar.com\/avatar\/4feb5ead4d5221e0fd82faeb7afb26cb5db06cdb420750aab1923c6a5e1ac1ac?s=96&d=mm&r=g","caption":"Delphine"},"url":"https:\/\/ouvrir-son-coeur.fr\/index.php\/author\/admin2719\/"}]}},"_links":{"self":[{"href":"https:\/\/ouvrir-son-coeur.fr\/index.php\/wp-json\/wp\/v2\/posts\/2645","targetHints":{"allow":["GET"]}}],"collection":[{"href":"https:\/\/ouvrir-son-coeur.fr\/index.php\/wp-json\/wp\/v2\/posts"}],"about":[{"href":"https:\/\/ouvrir-son-coeur.fr\/index.php\/wp-json\/wp\/v2\/types\/post"}],"author":[{"embeddable":true,"href":"https:\/\/ouvrir-son-coeur.fr\/index.php\/wp-json\/wp\/v2\/users\/1"}],"replies":[{"embeddable":true,"href":"https:\/\/ouvrir-son-coeur.fr\/index.php\/wp-json\/wp\/v2\/comments?post=2645"}],"version-history":[{"count":1,"href":"https:\/\/ouvrir-son-coeur.fr\/index.php\/wp-json\/wp\/v2\/posts\/2645\/revisions"}],"predecessor-version":[{"id":2647,"href":"https:\/\/ouvrir-son-coeur.fr\/index.php\/wp-json\/wp\/v2\/posts\/2645\/revisions\/2647"}],"wp:featuredmedia":[{"embeddable":true,"href":"https:\/\/ouvrir-son-coeur.fr\/index.php\/wp-json\/wp\/v2\/media\/2646"}],"wp:attachment":[{"href":"https:\/\/ouvrir-son-coeur.fr\/index.php\/wp-json\/wp\/v2\/media?parent=2645"}],"wp:term":[{"taxonomy":"category","embeddable":true,"href":"https:\/\/ouvrir-son-coeur.fr\/index.php\/wp-json\/wp\/v2\/categories?post=2645"},{"taxonomy":"post_tag","embeddable":true,"href":"https:\/\/ouvrir-son-coeur.fr\/index.php\/wp-json\/wp\/v2\/tags?post=2645"}],"curies":[{"name":"wp","href":"https:\/\/api.w.org\/{rel}","templated":true}]}}