{"id":2617,"date":"2023-05-18T20:43:34","date_gmt":"2023-05-18T18:43:34","guid":{"rendered":"https:\/\/ouvrir-son-coeur.fr\/?p=2617"},"modified":"2023-05-18T20:43:36","modified_gmt":"2023-05-18T18:43:36","slug":"message-des-pleiades-capter-lamour-dun-monde-qui-vous-aime","status":"publish","type":"post","link":"https:\/\/ouvrir-son-coeur.fr\/index.php\/2023\/05\/18\/message-des-pleiades-capter-lamour-dun-monde-qui-vous-aime\/","title":{"rendered":"Message des Pl\u00e9iades\u00a0: Capter l\u2019Amour d\u2019un monde qui vous Aime"},"content":{"rendered":"<div class=\"wp-block-image\">\n<figure class=\"aligncenter size-large\"><img loading=\"lazy\" decoding=\"async\" width=\"1024\" height=\"682\" src=\"https:\/\/ouvrir-son-coeur.fr\/wp-content\/uploads\/2023\/05\/abstract-g5ddff99c2_1280-1024x682.jpg\" alt=\"\" class=\"wp-image-2618\" srcset=\"https:\/\/ouvrir-son-coeur.fr\/wp-content\/uploads\/2023\/05\/abstract-g5ddff99c2_1280-1024x682.jpg 1024w, https:\/\/ouvrir-son-coeur.fr\/wp-content\/uploads\/2023\/05\/abstract-g5ddff99c2_1280-300x200.jpg 300w, https:\/\/ouvrir-son-coeur.fr\/wp-content\/uploads\/2023\/05\/abstract-g5ddff99c2_1280-768x512.jpg 768w, https:\/\/ouvrir-son-coeur.fr\/wp-content\/uploads\/2023\/05\/abstract-g5ddff99c2_1280-1200x800.jpg 1200w, https:\/\/ouvrir-son-coeur.fr\/wp-content\/uploads\/2023\/05\/abstract-g5ddff99c2_1280.jpg 1280w\" sizes=\"auto, (max-width: 1024px) 100vw, 1024px\" \/><\/figure>\n<\/div>\n\n<p style=\"text-align: justify;\">Fr\u00e8res et s\u0153urs de la Terre, vous \u00eates une extension de nous, et ensemble nous sommes une extension de tout l\u2019Univers ou plus exactement de la Source elle-m\u00eame.<\/p>\n<p style=\"text-align: justify;\">Nous coexistons dans le m\u00eame espace, dans des interstices stellaires qui se trouvent \u00e0 des degr\u00e9s d\u2019\u00e9volution diff\u00e9rents\u00a0; C\u2019est-\u00e0-dire dans des espaces de conscience d\u2019exister qui se trouvent du plus r\u00e9duit, en terme de conception d\u2019existence dans un monde, au plus vaste, d\u2019une mani\u00e8re compl\u00e8tement intrins\u00e8que \u00e0 la Source.<\/p>\n<p style=\"text-align: justify;\">C\u2019est ainsi que chaque extension compl\u00e8te les diff\u00e9rents aspects de la Source, pour remplir tous les interstices stellaires et tous les plans inh\u00e9rents \u00e0 chaque interstice.<\/p>\n<p style=\"text-align: justify;\">Le nombre d\u2019interstices est infini et vari\u00e9, dans le sens d\u2019un renouvellement permanent, du fait des perp\u00e9tuels changements qui actualisent les donn\u00e9es concernant les diff\u00e9rents aspects de la Source elle-m\u00eame, dans chacun de ses plans d\u2019existence.<\/p>\n<p style=\"text-align: justify;\">Lors de visites dans notre monde, vous avez pu apprendre et concevoir de nouvelles perspectives d\u2019existence, concernant la cr\u00e9ation de peuples, de plan\u00e8tes et les mouvements cosmologiques qui permettent le maintien et l\u2019harmonie au sein de tous les univers concernant nos existences.<\/p>\n<p style=\"text-align: justify;\">Dans nos diff\u00e9rents peuples, nous avons mis en commun les diff\u00e9rentes origines et nos diff\u00e9rents ADN. Ce qui nous a permis d\u2019exp\u00e9rimenter de nombreuses cr\u00e9ations de peuples. Vous fa\u00eetes donc partie de cette suite d\u2019exp\u00e9riences, qui a abouti \u00e0 un peuple dont la conscience est capable de transcender les diff\u00e9rents aspects de la r\u00e9duction de conscience, li\u00e9s \u00e0 la volont\u00e9 d\u2019exp\u00e9rimenter le libre-arbitre dans un oubli de votre attachement intrins\u00e8que \u00e0 la Source, en apprenant \u00e0 conna\u00eetre tout ce qui ne refl\u00e8te pas la lumi\u00e8re de votre nature divine, dont vous \u00eates intrins\u00e8quement issus.<\/p>\n<p style=\"text-align: justify;\">Rien n\u2019est plus simple et plus difficile \u00e0 la fois que d\u2019oublier et de vouloir se rappeler pourquoi nous avons d\u00e9cid\u00e9 d\u2019oublier.<\/p>\n<p style=\"text-align: justify;\">C\u2019est le challenge que vous \u00eates en train de vivre en ce moment. Vous \u00eates en train de vous rappeler, par d\u2019infimes bribes de perceptions et de ressentis, ce pourquoi vous avez d\u00e9cid\u00e9 d\u2019oublier. Cela cr\u00e9e de grandes disharmonies car une partie de vous crie \u00e0 l\u2019aide pour le sentiment de perte et d\u2019isolement que l\u2019oubli cr\u00e9e, et \u00e0 la fois une autre partie de vous est transport\u00e9e de joie de retrouver chaque morceau de souvenir, qui vous rapproche de plus en plus de votre \u00e9tat originel de conscience, qui se rappelle de Tout.<\/p>\n<p style=\"text-align: justify;\">Tout est votre maison, Rien est l\u2019illusion d\u2019avoir perdu votre maison. Par l\u2019oubli vous vivez l\u2019illusion et par cela vous vous permettez de retrouver votre maison. En retrouvant votre maison, vous d\u00e9couvrez de nouveaux aspects de vous-m\u00eame, donc de Tout, dans une red\u00e9couverte permanente de ce qu\u2019il est vraiment.<\/p>\n<p style=\"text-align: justify;\">Tout est la Source, c\u2019est pourquoi le mot \u00ab\u00a0tout\u00a0\u00bb indique la totalit\u00e9 de l\u2019espace universel dont vous fa\u00eetes et nous faisons partie, car tout est reli\u00e9 dans Tout, qui est un seul et unique espace, cr\u00e9ateur de sa conscience multidimensionnelle, multiinterstitielle ou multicouche.<\/p>\n<p style=\"text-align: justify;\">Lorsque vous vous connectez \u00e0 davantage de conscience d\u2019\u00eatre une couche dans une couche, parmi d\u2019infinies autres couches et que vous sentez l\u2019intrication de chacune des couches, l\u2019illusion d\u2019\u00eatre s\u00e9par\u00e9 se transforme en un souvenir d\u2019\u00eatre connect\u00e9 par nature et d\u2019\u00eatre nourri par cette \u00e9nergie qui relie Tout dans sa totalit\u00e9 d\u2019existences.<\/p>\n<p style=\"text-align: justify;\">Vous \u00eates un n\u0153ud parmi des milliards d\u2019autres n\u0153uds. Un n\u0153ud est un croisement de coordonn\u00e9es qui constitue une position, dans un \u00e9tat d\u2019\u00eatre, qui permet un \u00e9tat de conscience de faire partie de la matrice qui constitue l\u2019infinit\u00e9 des n\u0153uds.<\/p>\n<p style=\"text-align: justify;\">Parfois des n\u0153uds se sentent seuls, du fait de leur composition qui les cache de la lumi\u00e8re \u00e9man\u00e9e de leur squelette int\u00e9rieur, qui est l\u2019\u00e9tincelle Source, dans une forme d\u2019existence propre, avec sa propre capacit\u00e9 de cr\u00e9er \u00e0 son tour.<\/p>\n<p style=\"text-align: justify;\">Lorsque les n\u0153uds se croisent, cela forme des plus gros n\u0153uds, au milieu desquels se noient des bouts d\u2019existence qui n\u2019ont plus la notion de conscience d\u2019eux en tant que faisant partie du n\u0153ud.<\/p>\n<p style=\"text-align: justify;\">Ainsi vous d\u00e9veloppez une capacit\u00e9 d\u2019oubli extraordinairement efficace, qui pourrait s\u2019appeler l\u2019amn\u00e9sie de conscience, dans laquelle le n\u0153ud s\u2019identifie simplement \u00e0 ce qu\u2019il per\u00e7oit de lui-m\u00eame, c\u2019est-\u00e0-dire sa forme.<\/p>\n<p style=\"text-align: justify;\">Son caract\u00e8re se d\u00e9veloppe ainsi, c\u2019est-\u00e0-dire sa sp\u00e9cificit\u00e9 d\u2019existence qui s\u2019\u00e9tablit en fonction de sa forme et de sa localisation dans le n\u0153ud.<\/p>\n<p style=\"text-align: justify;\">Tout exp\u00e9rimente alors la capacit\u00e9 de s\u2019oublier pour mieux se Reconna\u00eetre. La reconnaissance de Soi est un souvenir de qui vous \u00eates en tant qu\u2019\u00e9tat d\u2019existence et non en tant que forme. C\u2019est pourquoi une immense joie et un \u00e9tat de pl\u00e9nitude se vit int\u00e9rieurement pour ceux dont la conscience s\u2019\u00e9largit vers la Reconnaissance de Soi en tant que Source.<\/p>\n<p style=\"text-align: justify;\">Tout vit alors un ensemble de vies pour r\u00e9unir en sa conscience multidimensionnelle, au sein de son \u00e9tat individualis\u00e9, une suite d\u2019exp\u00e9riences, toutes intriqu\u00e9es les unes avec les autres, pour Red\u00e9couvrir ou Retrouver un \u00e9tat de pleine conscience d\u2019\u00eatre Source.<\/p>\n<p style=\"text-align: justify;\">Ainsi vous perdez pour mieux retrouver, ou dans d\u2019autres termes, vous oubliez pour mieux vous rappeler.<\/p>\n<p style=\"text-align: justify;\">Cela signifie qu\u2019il vous reste du chemin, non pour trimer ou errer dans un \u00e9tat d\u2019amn\u00e9sie sans but, plut\u00f4t pour vous rapprocher davantage de ces souvenirs qui vous renvoient une Reconnaissance de vous en tant qu\u2019\u00eatre Source, individualis\u00e9, en action.<\/p>\n<p style=\"text-align: justify;\">L\u2019action est la capacit\u00e9 de mouvoir votre forme pour amener votre conscience \u00e0 vous retrouver, donc \u00e0 d\u00e9passer l\u2019\u00e9tat d\u2019amn\u00e9sie.<\/p>\n<p style=\"text-align: justify;\">Votre forme est l\u2019outil parfait pour vous amener \u00e0 ce genre d\u2019exp\u00e9riences. Il vous permet de peaufiner chaque nouvelle trouvaille, pour vous amener vers cet \u00e9tat de conscience, qui correspond au Saint Graal, la coupe en Or qui re\u00e7oit sa lumi\u00e8re Source, \u00e0 chaque instant, dans une totale harmonie. L\u2019\u00e9quilibre \u00e9tant parfait, la Joie et la B\u00e9atitude est un \u00e9tat permanent, qui conduit \u00e0 d\u00e9couvrir de merveilleux aspects de Soi en tant que Source, dans sa capacit\u00e9 de cr\u00e9ateur, \u00e0 travers ses cr\u00e9ations et ses cr\u00e9atures.<\/p>\n<p style=\"text-align: justify;\">La Source est la source qui abreuve, qui nourrit la vie, qui abonde, qui fait cro\u00eetre la conscience, \u00e0 travers l\u2019\u00e2me, \u00e0 travers l\u2019esprit, \u00e0 travers le Saint-Esprit et l\u2019Esprit Saint.<\/p>\n<p style=\"text-align: justify;\">Une coupe qui est le r\u00e9ceptacle de l\u2019\u00e2me qui agit, en connaissance de sa reliance \u00e0 sa Source, en tant qu\u2019\u00e9tat d\u2019existence ou en tant que cr\u00e9ature issue de cette \u00e9nergie p\u00e8re-m\u00e8re qui nourrit le fils ou l\u2019enfant, qui permet l\u2019existence de la vie par sa nature de cr\u00e9ateur cr\u00e9\u00e9, en capacit\u00e9 de cr\u00e9er par diff\u00e9rentes formes qu\u2019il anime.<\/p>\n<p style=\"text-align: justify;\">L\u2019incr\u00e9\u00e9 cr\u00e9e et le cr\u00e9\u00e9 cr\u00e9e pour former un ensemble reli\u00e9 par la nature m\u00eame du fils qui a sa Source dans le p\u00e8re-m\u00e8re, cr\u00e9ateur des incr\u00e9\u00e9s.<\/p>\n<p style=\"text-align: justify;\">Tout abonde dans le sens de la mont\u00e9e comme de la descente, ou plut\u00f4t du p\u00e8re-m\u00e8re vers le cr\u00e9\u00e9 et du cr\u00e9\u00e9 vers le p\u00e8re-m\u00e8re.<\/p>\n<p style=\"text-align: justify;\">Rendez-vous ainsi dans ce lieu, \u00e0 l\u2019int\u00e9rieur du fils dont vous \u00eates issus en tant que cr\u00e9ature cr\u00e9atrice cr\u00e9\u00e9e par l\u2019incr\u00e9\u00e9, pour vous rappeler que toute cr\u00e9ature poss\u00e8de par nature les capacit\u00e9s de cr\u00e9ateur du fils et du p\u00e8re-m\u00e8re dont il est issu.<\/p>\n<p style=\"text-align: justify;\">Vous \u00eates et nous sommes des cr\u00e9atures cr\u00e9atrices cr\u00e9es et ce qui nous unit, nous rallie dans l\u2019existence du fils qui, en nous, cr\u00e9e de multiples extensions, de par l\u2019individualisation qui op\u00e8re dans diff\u00e9rents lieux d\u2019existences, tout en \u00e9tant reli\u00e9s les uns aux autres, par la conscience d\u2019\u00eatre cr\u00e9\u00e9 et cr\u00e9ateur.<\/p>\n<p style=\"text-align: justify;\">Rejoignez-nous ici, dans ce lieu et vous reconna\u00eetrez davantage des aspects de Soi, qui jusqu\u2019ici n\u2019apparaissaient pas \u00e0 votre conscience, en raison de l\u2019amn\u00e9sie, que vous avez choisi d\u2019exp\u00e9rimenter.<\/p>\n<p style=\"text-align: justify;\">Nous vous aimons et vous ch\u00e9rissons, int\u00e9gralement pour qui vous \u00eates. Nous vous respectons, vous honorons et vous enveloppons de Tout notre Amour p\u00e8re-m\u00e8re.<\/p>\n<p style=\"text-align: justify;\">Merci, merci, merci<\/p>\n<p style=\"text-align: justify;\">Un collectif des Pl\u00e9iades, issu de votre Soi divin.<\/p>","protected":false},"excerpt":{"rendered":"<p>Fr\u00e8res et s\u0153urs de la Terre, vous \u00eates une extension de nous, et ensemble nous sommes une extension de tout l\u2019Univers ou plus exactement de la Source elle-m\u00eame. Nous coexistons dans le m\u00eame espace, dans des interstices stellaires qui se trouvent \u00e0 des degr\u00e9s d\u2019\u00e9volution diff\u00e9rents\u00a0; C\u2019est-\u00e0-dire dans des espaces de conscience d\u2019exister qui se &hellip; <\/p>\n<p class=\"link-more\"><a href=\"https:\/\/ouvrir-son-coeur.fr\/index.php\/2023\/05\/18\/message-des-pleiades-capter-lamour-dun-monde-qui-vous-aime\/\" class=\"more-link\">Continue reading<span class=\"screen-reader-text\"> \u00ab\u00a0Message des Pl\u00e9iades\u00a0: Capter l\u2019Amour d\u2019un monde qui vous Aime\u00a0\u00bb<\/span><\/a><\/p>\n","protected":false},"author":1,"featured_media":2618,"comment_status":"closed","ping_status":"closed","sticky":false,"template":"","format":"standard","meta":{"footnotes":""},"categories":[26,5],"tags":[],"class_list":["post-2617","post","type-post","status-publish","format-standard","has-post-thumbnail","hentry","category-canalisation","category-evolution-de-conscience"],"yoast_head":"<!-- This site is optimized with the Yoast SEO plugin v27.2 - https:\/\/yoast.com\/product\/yoast-seo-wordpress\/ -->\n<title>Message des Pl\u00e9iades\u00a0: Capter l\u2019Amour d\u2019un monde qui vous Aime - Delphine ORIEUX<\/title>\n<meta name=\"robots\" content=\"index, follow, max-snippet:-1, max-image-preview:large, max-video-preview:-1\" \/>\n<link rel=\"canonical\" href=\"https:\/\/ouvrir-son-coeur.fr\/index.php\/2023\/05\/18\/message-des-pleiades-capter-lamour-dun-monde-qui-vous-aime\/\" \/>\n<meta property=\"og:locale\" content=\"fr_FR\" \/>\n<meta property=\"og:type\" content=\"article\" \/>\n<meta property=\"og:title\" content=\"Message des Pl\u00e9iades\u00a0: Capter l\u2019Amour d\u2019un monde qui vous Aime - Delphine ORIEUX\" \/>\n<meta property=\"og:description\" content=\"Fr\u00e8res et s\u0153urs de la Terre, vous \u00eates une extension de nous, et ensemble nous sommes une extension de tout l\u2019Univers ou plus exactement de la Source elle-m\u00eame. Nous coexistons dans le m\u00eame espace, dans des interstices stellaires qui se trouvent \u00e0 des degr\u00e9s d\u2019\u00e9volution diff\u00e9rents\u00a0; C\u2019est-\u00e0-dire dans des espaces de conscience d\u2019exister qui se &hellip; Continue reading &quot;Message des Pl\u00e9iades\u00a0: Capter l\u2019Amour d\u2019un monde qui vous Aime&quot;\" \/>\n<meta property=\"og:url\" content=\"https:\/\/ouvrir-son-coeur.fr\/index.php\/2023\/05\/18\/message-des-pleiades-capter-lamour-dun-monde-qui-vous-aime\/\" \/>\n<meta property=\"og:site_name\" content=\"Delphine ORIEUX\" \/>\n<meta property=\"article:published_time\" content=\"2023-05-18T18:43:34+00:00\" \/>\n<meta property=\"article:modified_time\" content=\"2023-05-18T18:43:36+00:00\" \/>\n<meta property=\"og:image\" content=\"https:\/\/ouvrir-son-coeur.fr\/wp-content\/uploads\/2023\/05\/abstract-g5ddff99c2_1280.jpg\" \/>\n\t<meta property=\"og:image:width\" content=\"1280\" \/>\n\t<meta property=\"og:image:height\" content=\"853\" \/>\n\t<meta property=\"og:image:type\" content=\"image\/jpeg\" \/>\n<meta name=\"author\" content=\"Delphine\" \/>\n<meta name=\"twitter:card\" content=\"summary_large_image\" \/>\n<meta name=\"twitter:label1\" content=\"\u00c9crit par\" \/>\n\t<meta name=\"twitter:data1\" content=\"Delphine\" \/>\n\t<meta name=\"twitter:label2\" content=\"Dur\u00e9e de lecture estim\u00e9e\" \/>\n\t<meta name=\"twitter:data2\" content=\"7 minutes\" \/>\n<script type=\"application\/ld+json\" class=\"yoast-schema-graph\">{\"@context\":\"https:\/\/schema.org\",\"@graph\":[{\"@type\":\"Article\",\"@id\":\"https:\/\/ouvrir-son-coeur.fr\/index.php\/2023\/05\/18\/message-des-pleiades-capter-lamour-dun-monde-qui-vous-aime\/#article\",\"isPartOf\":{\"@id\":\"https:\/\/ouvrir-son-coeur.fr\/index.php\/2023\/05\/18\/message-des-pleiades-capter-lamour-dun-monde-qui-vous-aime\/\"},\"author\":{\"name\":\"Delphine\",\"@id\":\"https:\/\/ouvrir-son-coeur.fr\/#\/schema\/person\/79755406436a7adaddb901ee35a4d28c\"},\"headline\":\"Message des Pl\u00e9iades\u00a0: Capter l\u2019Amour d\u2019un monde qui vous Aime\",\"datePublished\":\"2023-05-18T18:43:34+00:00\",\"dateModified\":\"2023-05-18T18:43:36+00:00\",\"mainEntityOfPage\":{\"@id\":\"https:\/\/ouvrir-son-coeur.fr\/index.php\/2023\/05\/18\/message-des-pleiades-capter-lamour-dun-monde-qui-vous-aime\/\"},\"wordCount\":1484,\"publisher\":{\"@id\":\"https:\/\/ouvrir-son-coeur.fr\/#organization\"},\"image\":{\"@id\":\"https:\/\/ouvrir-son-coeur.fr\/index.php\/2023\/05\/18\/message-des-pleiades-capter-lamour-dun-monde-qui-vous-aime\/#primaryimage\"},\"thumbnailUrl\":\"https:\/\/ouvrir-son-coeur.fr\/wp-content\/uploads\/2023\/05\/abstract-g5ddff99c2_1280.jpg\",\"articleSection\":[\"Canalisation\",\"Evolution de conscience\"],\"inLanguage\":\"fr-FR\"},{\"@type\":\"WebPage\",\"@id\":\"https:\/\/ouvrir-son-coeur.fr\/index.php\/2023\/05\/18\/message-des-pleiades-capter-lamour-dun-monde-qui-vous-aime\/\",\"url\":\"https:\/\/ouvrir-son-coeur.fr\/index.php\/2023\/05\/18\/message-des-pleiades-capter-lamour-dun-monde-qui-vous-aime\/\",\"name\":\"Message des Pl\u00e9iades\u00a0: Capter l\u2019Amour d\u2019un monde qui vous Aime - Delphine ORIEUX\",\"isPartOf\":{\"@id\":\"https:\/\/ouvrir-son-coeur.fr\/#website\"},\"primaryImageOfPage\":{\"@id\":\"https:\/\/ouvrir-son-coeur.fr\/index.php\/2023\/05\/18\/message-des-pleiades-capter-lamour-dun-monde-qui-vous-aime\/#primaryimage\"},\"image\":{\"@id\":\"https:\/\/ouvrir-son-coeur.fr\/index.php\/2023\/05\/18\/message-des-pleiades-capter-lamour-dun-monde-qui-vous-aime\/#primaryimage\"},\"thumbnailUrl\":\"https:\/\/ouvrir-son-coeur.fr\/wp-content\/uploads\/2023\/05\/abstract-g5ddff99c2_1280.jpg\",\"datePublished\":\"2023-05-18T18:43:34+00:00\",\"dateModified\":\"2023-05-18T18:43:36+00:00\",\"breadcrumb\":{\"@id\":\"https:\/\/ouvrir-son-coeur.fr\/index.php\/2023\/05\/18\/message-des-pleiades-capter-lamour-dun-monde-qui-vous-aime\/#breadcrumb\"},\"inLanguage\":\"fr-FR\",\"potentialAction\":[{\"@type\":\"ReadAction\",\"target\":[\"https:\/\/ouvrir-son-coeur.fr\/index.php\/2023\/05\/18\/message-des-pleiades-capter-lamour-dun-monde-qui-vous-aime\/\"]}]},{\"@type\":\"ImageObject\",\"inLanguage\":\"fr-FR\",\"@id\":\"https:\/\/ouvrir-son-coeur.fr\/index.php\/2023\/05\/18\/message-des-pleiades-capter-lamour-dun-monde-qui-vous-aime\/#primaryimage\",\"url\":\"https:\/\/ouvrir-son-coeur.fr\/wp-content\/uploads\/2023\/05\/abstract-g5ddff99c2_1280.jpg\",\"contentUrl\":\"https:\/\/ouvrir-son-coeur.fr\/wp-content\/uploads\/2023\/05\/abstract-g5ddff99c2_1280.jpg\",\"width\":1280,\"height\":853},{\"@type\":\"BreadcrumbList\",\"@id\":\"https:\/\/ouvrir-son-coeur.fr\/index.php\/2023\/05\/18\/message-des-pleiades-capter-lamour-dun-monde-qui-vous-aime\/#breadcrumb\",\"itemListElement\":[{\"@type\":\"ListItem\",\"position\":1,\"name\":\"Accueil\",\"item\":\"https:\/\/ouvrir-son-coeur.fr\/\"},{\"@type\":\"ListItem\",\"position\":2,\"name\":\"Message des Pl\u00e9iades\u00a0: Capter l\u2019Amour d\u2019un monde qui vous Aime\"}]},{\"@type\":\"WebSite\",\"@id\":\"https:\/\/ouvrir-son-coeur.fr\/#website\",\"url\":\"https:\/\/ouvrir-son-coeur.fr\/\",\"name\":\"Delphine ORIEUX\",\"description\":\"Ouvrir son coeur pour un retour \u00e0 soi\",\"publisher\":{\"@id\":\"https:\/\/ouvrir-son-coeur.fr\/#organization\"},\"potentialAction\":[{\"@type\":\"SearchAction\",\"target\":{\"@type\":\"EntryPoint\",\"urlTemplate\":\"https:\/\/ouvrir-son-coeur.fr\/?s={search_term_string}\"},\"query-input\":{\"@type\":\"PropertyValueSpecification\",\"valueRequired\":true,\"valueName\":\"search_term_string\"}}],\"inLanguage\":\"fr-FR\"},{\"@type\":\"Organization\",\"@id\":\"https:\/\/ouvrir-son-coeur.fr\/#organization\",\"name\":\"Delphine ORIEUX\",\"url\":\"https:\/\/ouvrir-son-coeur.fr\/\",\"logo\":{\"@type\":\"ImageObject\",\"inLanguage\":\"fr-FR\",\"@id\":\"https:\/\/ouvrir-son-coeur.fr\/#\/schema\/logo\/image\/\",\"url\":\"https:\/\/ouvrir-son-coeur.fr\/wp-content\/uploads\/2019\/10\/cropped-71673114_2509801119097527_6138808206555611136_o-15.jpg\",\"contentUrl\":\"https:\/\/ouvrir-son-coeur.fr\/wp-content\/uploads\/2019\/10\/cropped-71673114_2509801119097527_6138808206555611136_o-15.jpg\",\"width\":546,\"height\":505,\"caption\":\"Delphine ORIEUX\"},\"image\":{\"@id\":\"https:\/\/ouvrir-son-coeur.fr\/#\/schema\/logo\/image\/\"}},{\"@type\":\"Person\",\"@id\":\"https:\/\/ouvrir-son-coeur.fr\/#\/schema\/person\/79755406436a7adaddb901ee35a4d28c\",\"name\":\"Delphine\",\"image\":{\"@type\":\"ImageObject\",\"inLanguage\":\"fr-FR\",\"@id\":\"https:\/\/secure.gravatar.com\/avatar\/4feb5ead4d5221e0fd82faeb7afb26cb5db06cdb420750aab1923c6a5e1ac1ac?s=96&d=mm&r=g\",\"url\":\"https:\/\/secure.gravatar.com\/avatar\/4feb5ead4d5221e0fd82faeb7afb26cb5db06cdb420750aab1923c6a5e1ac1ac?s=96&d=mm&r=g\",\"contentUrl\":\"https:\/\/secure.gravatar.com\/avatar\/4feb5ead4d5221e0fd82faeb7afb26cb5db06cdb420750aab1923c6a5e1ac1ac?s=96&d=mm&r=g\",\"caption\":\"Delphine\"},\"url\":\"https:\/\/ouvrir-son-coeur.fr\/index.php\/author\/admin2719\/\"}]}<\/script>\n<!-- \/ Yoast SEO plugin. -->","yoast_head_json":{"title":"Message des Pl\u00e9iades\u00a0: Capter l\u2019Amour d\u2019un monde qui vous Aime - Delphine ORIEUX","robots":{"index":"index","follow":"follow","max-snippet":"max-snippet:-1","max-image-preview":"max-image-preview:large","max-video-preview":"max-video-preview:-1"},"canonical":"https:\/\/ouvrir-son-coeur.fr\/index.php\/2023\/05\/18\/message-des-pleiades-capter-lamour-dun-monde-qui-vous-aime\/","og_locale":"fr_FR","og_type":"article","og_title":"Message des Pl\u00e9iades\u00a0: Capter l\u2019Amour d\u2019un monde qui vous Aime - Delphine ORIEUX","og_description":"Fr\u00e8res et s\u0153urs de la Terre, vous \u00eates une extension de nous, et ensemble nous sommes une extension de tout l\u2019Univers ou plus exactement de la Source elle-m\u00eame. Nous coexistons dans le m\u00eame espace, dans des interstices stellaires qui se trouvent \u00e0 des degr\u00e9s d\u2019\u00e9volution diff\u00e9rents\u00a0; C\u2019est-\u00e0-dire dans des espaces de conscience d\u2019exister qui se &hellip; Continue reading \"Message des Pl\u00e9iades\u00a0: Capter l\u2019Amour d\u2019un monde qui vous Aime\"","og_url":"https:\/\/ouvrir-son-coeur.fr\/index.php\/2023\/05\/18\/message-des-pleiades-capter-lamour-dun-monde-qui-vous-aime\/","og_site_name":"Delphine ORIEUX","article_published_time":"2023-05-18T18:43:34+00:00","article_modified_time":"2023-05-18T18:43:36+00:00","og_image":[{"width":1280,"height":853,"url":"https:\/\/ouvrir-son-coeur.fr\/wp-content\/uploads\/2023\/05\/abstract-g5ddff99c2_1280.jpg","type":"image\/jpeg"}],"author":"Delphine","twitter_card":"summary_large_image","twitter_misc":{"\u00c9crit par":"Delphine","Dur\u00e9e de lecture estim\u00e9e":"7 minutes"},"schema":{"@context":"https:\/\/schema.org","@graph":[{"@type":"Article","@id":"https:\/\/ouvrir-son-coeur.fr\/index.php\/2023\/05\/18\/message-des-pleiades-capter-lamour-dun-monde-qui-vous-aime\/#article","isPartOf":{"@id":"https:\/\/ouvrir-son-coeur.fr\/index.php\/2023\/05\/18\/message-des-pleiades-capter-lamour-dun-monde-qui-vous-aime\/"},"author":{"name":"Delphine","@id":"https:\/\/ouvrir-son-coeur.fr\/#\/schema\/person\/79755406436a7adaddb901ee35a4d28c"},"headline":"Message des Pl\u00e9iades\u00a0: Capter l\u2019Amour d\u2019un monde qui vous Aime","datePublished":"2023-05-18T18:43:34+00:00","dateModified":"2023-05-18T18:43:36+00:00","mainEntityOfPage":{"@id":"https:\/\/ouvrir-son-coeur.fr\/index.php\/2023\/05\/18\/message-des-pleiades-capter-lamour-dun-monde-qui-vous-aime\/"},"wordCount":1484,"publisher":{"@id":"https:\/\/ouvrir-son-coeur.fr\/#organization"},"image":{"@id":"https:\/\/ouvrir-son-coeur.fr\/index.php\/2023\/05\/18\/message-des-pleiades-capter-lamour-dun-monde-qui-vous-aime\/#primaryimage"},"thumbnailUrl":"https:\/\/ouvrir-son-coeur.fr\/wp-content\/uploads\/2023\/05\/abstract-g5ddff99c2_1280.jpg","articleSection":["Canalisation","Evolution de conscience"],"inLanguage":"fr-FR"},{"@type":"WebPage","@id":"https:\/\/ouvrir-son-coeur.fr\/index.php\/2023\/05\/18\/message-des-pleiades-capter-lamour-dun-monde-qui-vous-aime\/","url":"https:\/\/ouvrir-son-coeur.fr\/index.php\/2023\/05\/18\/message-des-pleiades-capter-lamour-dun-monde-qui-vous-aime\/","name":"Message des Pl\u00e9iades\u00a0: Capter l\u2019Amour d\u2019un monde qui vous Aime - Delphine ORIEUX","isPartOf":{"@id":"https:\/\/ouvrir-son-coeur.fr\/#website"},"primaryImageOfPage":{"@id":"https:\/\/ouvrir-son-coeur.fr\/index.php\/2023\/05\/18\/message-des-pleiades-capter-lamour-dun-monde-qui-vous-aime\/#primaryimage"},"image":{"@id":"https:\/\/ouvrir-son-coeur.fr\/index.php\/2023\/05\/18\/message-des-pleiades-capter-lamour-dun-monde-qui-vous-aime\/#primaryimage"},"thumbnailUrl":"https:\/\/ouvrir-son-coeur.fr\/wp-content\/uploads\/2023\/05\/abstract-g5ddff99c2_1280.jpg","datePublished":"2023-05-18T18:43:34+00:00","dateModified":"2023-05-18T18:43:36+00:00","breadcrumb":{"@id":"https:\/\/ouvrir-son-coeur.fr\/index.php\/2023\/05\/18\/message-des-pleiades-capter-lamour-dun-monde-qui-vous-aime\/#breadcrumb"},"inLanguage":"fr-FR","potentialAction":[{"@type":"ReadAction","target":["https:\/\/ouvrir-son-coeur.fr\/index.php\/2023\/05\/18\/message-des-pleiades-capter-lamour-dun-monde-qui-vous-aime\/"]}]},{"@type":"ImageObject","inLanguage":"fr-FR","@id":"https:\/\/ouvrir-son-coeur.fr\/index.php\/2023\/05\/18\/message-des-pleiades-capter-lamour-dun-monde-qui-vous-aime\/#primaryimage","url":"https:\/\/ouvrir-son-coeur.fr\/wp-content\/uploads\/2023\/05\/abstract-g5ddff99c2_1280.jpg","contentUrl":"https:\/\/ouvrir-son-coeur.fr\/wp-content\/uploads\/2023\/05\/abstract-g5ddff99c2_1280.jpg","width":1280,"height":853},{"@type":"BreadcrumbList","@id":"https:\/\/ouvrir-son-coeur.fr\/index.php\/2023\/05\/18\/message-des-pleiades-capter-lamour-dun-monde-qui-vous-aime\/#breadcrumb","itemListElement":[{"@type":"ListItem","position":1,"name":"Accueil","item":"https:\/\/ouvrir-son-coeur.fr\/"},{"@type":"ListItem","position":2,"name":"Message des Pl\u00e9iades\u00a0: Capter l\u2019Amour d\u2019un monde qui vous Aime"}]},{"@type":"WebSite","@id":"https:\/\/ouvrir-son-coeur.fr\/#website","url":"https:\/\/ouvrir-son-coeur.fr\/","name":"Delphine ORIEUX","description":"Ouvrir son coeur pour un retour \u00e0 soi","publisher":{"@id":"https:\/\/ouvrir-son-coeur.fr\/#organization"},"potentialAction":[{"@type":"SearchAction","target":{"@type":"EntryPoint","urlTemplate":"https:\/\/ouvrir-son-coeur.fr\/?s={search_term_string}"},"query-input":{"@type":"PropertyValueSpecification","valueRequired":true,"valueName":"search_term_string"}}],"inLanguage":"fr-FR"},{"@type":"Organization","@id":"https:\/\/ouvrir-son-coeur.fr\/#organization","name":"Delphine ORIEUX","url":"https:\/\/ouvrir-son-coeur.fr\/","logo":{"@type":"ImageObject","inLanguage":"fr-FR","@id":"https:\/\/ouvrir-son-coeur.fr\/#\/schema\/logo\/image\/","url":"https:\/\/ouvrir-son-coeur.fr\/wp-content\/uploads\/2019\/10\/cropped-71673114_2509801119097527_6138808206555611136_o-15.jpg","contentUrl":"https:\/\/ouvrir-son-coeur.fr\/wp-content\/uploads\/2019\/10\/cropped-71673114_2509801119097527_6138808206555611136_o-15.jpg","width":546,"height":505,"caption":"Delphine ORIEUX"},"image":{"@id":"https:\/\/ouvrir-son-coeur.fr\/#\/schema\/logo\/image\/"}},{"@type":"Person","@id":"https:\/\/ouvrir-son-coeur.fr\/#\/schema\/person\/79755406436a7adaddb901ee35a4d28c","name":"Delphine","image":{"@type":"ImageObject","inLanguage":"fr-FR","@id":"https:\/\/secure.gravatar.com\/avatar\/4feb5ead4d5221e0fd82faeb7afb26cb5db06cdb420750aab1923c6a5e1ac1ac?s=96&d=mm&r=g","url":"https:\/\/secure.gravatar.com\/avatar\/4feb5ead4d5221e0fd82faeb7afb26cb5db06cdb420750aab1923c6a5e1ac1ac?s=96&d=mm&r=g","contentUrl":"https:\/\/secure.gravatar.com\/avatar\/4feb5ead4d5221e0fd82faeb7afb26cb5db06cdb420750aab1923c6a5e1ac1ac?s=96&d=mm&r=g","caption":"Delphine"},"url":"https:\/\/ouvrir-son-coeur.fr\/index.php\/author\/admin2719\/"}]}},"_links":{"self":[{"href":"https:\/\/ouvrir-son-coeur.fr\/index.php\/wp-json\/wp\/v2\/posts\/2617","targetHints":{"allow":["GET"]}}],"collection":[{"href":"https:\/\/ouvrir-son-coeur.fr\/index.php\/wp-json\/wp\/v2\/posts"}],"about":[{"href":"https:\/\/ouvrir-son-coeur.fr\/index.php\/wp-json\/wp\/v2\/types\/post"}],"author":[{"embeddable":true,"href":"https:\/\/ouvrir-son-coeur.fr\/index.php\/wp-json\/wp\/v2\/users\/1"}],"replies":[{"embeddable":true,"href":"https:\/\/ouvrir-son-coeur.fr\/index.php\/wp-json\/wp\/v2\/comments?post=2617"}],"version-history":[{"count":1,"href":"https:\/\/ouvrir-son-coeur.fr\/index.php\/wp-json\/wp\/v2\/posts\/2617\/revisions"}],"predecessor-version":[{"id":2619,"href":"https:\/\/ouvrir-son-coeur.fr\/index.php\/wp-json\/wp\/v2\/posts\/2617\/revisions\/2619"}],"wp:featuredmedia":[{"embeddable":true,"href":"https:\/\/ouvrir-son-coeur.fr\/index.php\/wp-json\/wp\/v2\/media\/2618"}],"wp:attachment":[{"href":"https:\/\/ouvrir-son-coeur.fr\/index.php\/wp-json\/wp\/v2\/media?parent=2617"}],"wp:term":[{"taxonomy":"category","embeddable":true,"href":"https:\/\/ouvrir-son-coeur.fr\/index.php\/wp-json\/wp\/v2\/categories?post=2617"},{"taxonomy":"post_tag","embeddable":true,"href":"https:\/\/ouvrir-son-coeur.fr\/index.php\/wp-json\/wp\/v2\/tags?post=2617"}],"curies":[{"name":"wp","href":"https:\/\/api.w.org\/{rel}","templated":true}]}}