{"id":2548,"date":"2023-05-06T18:59:52","date_gmt":"2023-05-06T16:59:52","guid":{"rendered":"https:\/\/ouvrir-son-coeur.fr\/?p=2548"},"modified":"2023-05-06T18:59:53","modified_gmt":"2023-05-06T16:59:53","slug":"baleines-blanches-narvals-et-belugas","status":"publish","type":"post","link":"https:\/\/ouvrir-son-coeur.fr\/index.php\/2023\/05\/06\/baleines-blanches-narvals-et-belugas\/","title":{"rendered":"Baleines blanches: Narvals et B\u00e9lugas"},"content":{"rendered":"<div class=\"wp-block-image\">\n<figure class=\"aligncenter size-large\"><img loading=\"lazy\" decoding=\"async\" width=\"1024\" height=\"682\" src=\"https:\/\/ouvrir-son-coeur.fr\/wp-content\/uploads\/2023\/05\/beluga-g97aa5e7c0_1280-1024x682.jpg\" alt=\"\" class=\"wp-image-2549\" srcset=\"https:\/\/ouvrir-son-coeur.fr\/wp-content\/uploads\/2023\/05\/beluga-g97aa5e7c0_1280-1024x682.jpg 1024w, https:\/\/ouvrir-son-coeur.fr\/wp-content\/uploads\/2023\/05\/beluga-g97aa5e7c0_1280-300x200.jpg 300w, https:\/\/ouvrir-son-coeur.fr\/wp-content\/uploads\/2023\/05\/beluga-g97aa5e7c0_1280-768x512.jpg 768w, https:\/\/ouvrir-son-coeur.fr\/wp-content\/uploads\/2023\/05\/beluga-g97aa5e7c0_1280-1200x800.jpg 1200w, https:\/\/ouvrir-son-coeur.fr\/wp-content\/uploads\/2023\/05\/beluga-g97aa5e7c0_1280.jpg 1280w\" sizes=\"auto, (max-width: 1024px) 100vw, 1024px\" \/><\/figure>\n<\/div>\n\n<ul>\n<li><strong><span style=\"text-decoration: underline;\">Message du 16 avril 2023:<\/span><\/strong><\/li>\n<\/ul>\n<p style=\"text-align: justify;\">Nous sommes la conscience qui r\u00e9git l\u2019incarnation des baleines blanches.<\/p>\n<p style=\"text-align: justify;\">En tant que gardiens du p\u00f4le arctique, nos repr\u00e9sentants sur Terre, les narvals et les b\u00e9lougas, sont \u00e0 l\u2019image de la gr\u00e2ce et de la lumi\u00e8re divine qui les traverse.<\/p>\n<p style=\"text-align: justify;\">Les narvals sont \u00e9troitement li\u00e9s aux licornes, adapt\u00e9es \u00e0 la vie marine. Ils poss\u00e8dent une longue d\u00e9fense qui repr\u00e9sente une grande connexion aux hauts plans de lumi\u00e8re.<\/p>\n<p style=\"text-align: justify;\">Les b\u00e9lougas plus arrondis, repr\u00e9sentent la force de la conscience reli\u00e9e aux hauts plans de lumi\u00e8re.<\/p>\n<p style=\"text-align: justify;\">Leur couleur blanche contient tous les spectres de couleurs et constitue ainsi la pleine et parfaite lumi\u00e8re, la reliance au divin. C\u2019est pourquoi ils sont gardiens du p\u00f4le nord, porte d\u2019entr\u00e9e de l\u2019IntraTerre et porte des \u00e9toiles.<\/p>\n<p style=\"text-align: justify;\">Ils travaillent \u00e9troitement avec les baleines du Groenland, les phoques du Groenland, les ours polaires, puis les renards arctiques et les harfangs des neiges sur la partie terrestre.<\/p>\n<p style=\"text-align: justify;\">De nombreuses esp\u00e8ces cocr\u00e9ent ensemble de merveilleux champs d\u2019ondes qui permettent la propagation des codes de lumi\u00e8re originels, impuls\u00e9s par le grand Soleil central, en direction de la Terre.<\/p>\n<p style=\"text-align: justify;\">Leur couleur blanche et les capacit\u00e9s d\u2019adaptation de leur corps, leur permettent \u00e0 la fois d\u2019absorber et de r\u00e9fracter la lumi\u00e8re qu\u2019ils re\u00e7oivent du Soleil. Ils participent, \u00e0 l\u2019aide des grandes \u00e9tendues d\u2019eau glac\u00e9es et liquides, \u00e0 la r\u00e9flexion de la lumi\u00e8re et ainsi contribuent aux \u00e9changes thermiques, au sein des couches de l\u2019atmosph\u00e8re terrestre.<\/p>\n<p style=\"text-align: justify;\">Plus subtilement, le Soleil rayonne et dirige ses rayons en grande concentration sur les diff\u00e9rents astres. Une fois re\u00e7us les rayons du soleil se transforment en chaleur, dans les corps qui les absorbent. Cela est possible gr\u00e2ce \u00e0 des processus chimiques. L\u2019atmosph\u00e8re terrestre compos\u00e9e de plusieurs strates est un processus, \u00e0 sa surface, puis il y a les processus dans les roches, puis dans sa cro\u00fbte, et \u00e0 l\u2019int\u00e9rieur dans ses diff\u00e9rentes strates, jusqu\u2019au noyau, le soleil central de l\u2019astre qui lui-m\u00eame absorbe cette \u00e9nergie pour la renvoyer et la transformer \u00e0 nouveau. Il se produit des processus chimiques \u00e9galement, lorsque les corps des \u00eatres-vivants absorbent ces rayons, puis les transforment, jusqu\u2019au c\u0153ur de la cellule-\u00e2me qui les renvoie.<\/p>\n<p style=\"text-align: justify;\">Les narvals et b\u00e9lougas enrichissent les eaux des codes originels du grand Soleil central, car ils les int\u00e8grent pour les renvoyer transform\u00e9s en de merveilleuses ondes sonores et de lumi\u00e8re, tout autour d\u2019eux. Cette \u00e9nergie communiqu\u00e9e du p\u00f4le nord au p\u00f4le sud est \u00e0 son tour rayonn\u00e9e par le c\u0153ur de la Terre.<\/p>\n<p style=\"text-align: justify;\">Nous vous invitons \u00e0 \u00e9couter nos \u00e9cholocations et \u00e0 nous observer, afin que vous puissiez sentir la puissance de connexion et de reliance \u00e0 votre soi divin et au grand Soleil central. Si vous vous connectez \u00e0 nous, vous pouvez ressentir et percevoir la lueur de ces codes et les laisser vous p\u00e9n\u00e9trer au plus profond de votre \u00eatre.<\/p>\n<p style=\"text-align: justify;\">Nous sommes missionn\u00e9s pour \u00e9clairer vos consciences et en tant que gardiens du p\u00f4le nord, nous communiquons avec tous nos fr\u00e8res et s\u0153urs partout \u00e0 la surface de la Terre.<\/p>\n<p style=\"text-align: justify;\">Nous avons des fr\u00e8res et s\u0153urs r\u00e9partis sur diff\u00e9rentes zones de la Terre, certains gardent la ceinture arctique, d\u2019autres sont sur des zones temp\u00e9r\u00e9es, d\u2019autres sur la ceinture tropicale, d\u2019autres sont localement post\u00e9s sur des endroits pr\u00e9cis, tout ceci \u00e9tant coordonn\u00e9 par l\u2019intelligence divine qui r\u00e9partit, avec les corps adapt\u00e9s, les fr\u00e9quences justes pour chaque zone de la Terre. Comme la plan\u00e8te et les \u00eatres vivants sont compos\u00e9s essentiellement d\u2019eau, nous communiquons en permanence les uns avec les autres, pour nous mettre \u00e0 jour et synthoniser nos fr\u00e9quences.<\/p>\n<p style=\"text-align: justify;\">Les Baleines \u00e0 bosse, les Rorquals, les Cachalots et les Orques travaillent de mani\u00e8re plus \u00e9largie, par migrations et aussi par une large distribution mondiale. Ce sont les repr\u00e9sentants les plus polyvalents en termes de capacit\u00e9s d\u2019adaptation aux milieux de vie sur toute la surface de la Terre. Chaque groupe a une sp\u00e9cificit\u00e9 vibratoire qui adapte les \u00e9cholocations \u00e0 l\u2019\u00e9nergie \u00e9man\u00e9e par la Terre et ses habitants.<\/p>\n<p style=\"text-align: justify;\">Le golf de Saint-Laurent au Canada repr\u00e9sente une grande ouverture vers l\u2019intraTerre mais aussi un point sp\u00e9cial de r\u00e9harmonisation vibratoire, de par lequel est rayonn\u00e9 un champ d\u2019\u00e9nergie provenant du c\u0153ur de la Terre. Plus largement cette zone vibratoire s\u2019\u00e9tend dans l\u2019oc\u00e9an Atlantique entre la France et le Qu\u00e9bec. C\u2019est pourquoi il y a une forte r\u00e9sonance entre les 2 endroits et que la communication est facilit\u00e9e gr\u00e2ce \u00e0 une langue commune, en passant par l\u2019\u00eele de Saint Pierre et Miquelon.<\/p>\n<p style=\"text-align: justify;\">Sur cette zone se situe d\u2019anciennes cit\u00e9s englouties, qui accueillaient de grands peuples grandement \u00e9lev\u00e9s dans leur conscience, \u00e0 diff\u00e9rentes p\u00e9riodes des humanit\u00e9s. Dans l\u2019IntraTerre \u00e0 cet endroit se situe une belle et grande cit\u00e9 accueillant certains de ces \u00eatres ayant v\u00e9cu dans ces p\u00e9riodes et bien d\u2019autres, comme dans de nombreux endroits dans l\u2019IntraTerre. Les \u00e9nergies d\u00e9ploy\u00e9es et rayonn\u00e9es par ces peuples sont des \u00e9nergies de stabilisation et d\u2019\u00e9l\u00e9vation de conscience, afin que ces zones puissent grandement s\u2019\u00e9lever en conscience. C\u2019est pourquoi il existe tant de bouleversements et de perturbations au sein des peuples, car la lumi\u00e8re fait ressortir les zones d\u2019ombre.<\/p>\n<p style=\"text-align: justify;\">Les volont\u00e9s de nuisances sont visiblement pr\u00e9sentes durant ces temps de transition mais ne seront pas persistantes. Car la conscience s\u2019\u00e9levant au sein de l\u2019humanit\u00e9, les changements seront notables, de plus en plus rapidement.<\/p>\n<p style=\"text-align: justify;\">En tant que gardiens et en tant que fr\u00e8res et s\u0153urs accompagnateurs de la Terre et de tous les r\u00e8gnes, nous vous invitons \u00e0 d\u00e9ployer davantage votre rayonnement int\u00e9rieur pour amplifier exponentiellement la lumi\u00e8re au sein de vos terres, quelque peu en chantier vibratoire actuellement. Nos fr\u00e8res et s\u0153urs de l\u2019IntraTerre participent activement \u00e0 cette stabilisation pour vous aider \u00e0 maintenir votre fr\u00e9quence, malgr\u00e9 l\u2019amplification permanente du taux vibratoire terrestre, qui met en mouvement de tr\u00e8s grandes forces, tr\u00e8s lumineuses et aussi tr\u00e8s sombres, qui mettent ce contraste en \u00e9vidence pour que chacun puisse se positionner et choisir en conscience de se retourner en sa lumi\u00e8re int\u00e9rieure.<\/p>\n<p style=\"text-align: justify;\">Nous vous aimons et vous enveloppons de nos vibrations d\u2019Amour.<\/p>\n<p style=\"text-align: justify;\">L\u2019espoir et la foi repr\u00e9sentent une clef int\u00e9rieure qui vous permet d\u2019enclencher les m\u00e9canismes de nettoyage, afin que vous soyez conscients de votre force et de votre capacit\u00e9 \u00e0 ouvrir les portes, qui vous guident vers votre c\u0153ur divin.<\/p>\n<p style=\"text-align: justify;\">Merci, merci, merci<\/p>\n<p style=\"text-align: justify;\">L\u2019intelligence divine animale des baleines blanches.<\/p>","protected":false},"excerpt":{"rendered":"<p>Message du 16 avril 2023: Nous sommes la conscience qui r\u00e9git l\u2019incarnation des baleines blanches. En tant que gardiens du p\u00f4le arctique, nos repr\u00e9sentants sur Terre, les narvals et les b\u00e9lougas, sont \u00e0 l\u2019image de la gr\u00e2ce et de la lumi\u00e8re divine qui les traverse. Les narvals sont \u00e9troitement li\u00e9s aux licornes, adapt\u00e9es \u00e0 la &hellip; <\/p>\n<p class=\"link-more\"><a href=\"https:\/\/ouvrir-son-coeur.fr\/index.php\/2023\/05\/06\/baleines-blanches-narvals-et-belugas\/\" class=\"more-link\">Continue reading<span class=\"screen-reader-text\"> \u00ab\u00a0Baleines blanches: Narvals et B\u00e9lugas\u00a0\u00bb<\/span><\/a><\/p>\n","protected":false},"author":1,"featured_media":2549,"comment_status":"closed","ping_status":"closed","sticky":false,"template":"","format":"standard","meta":{"footnotes":""},"categories":[30],"tags":[],"class_list":["post-2548","post","type-post","status-publish","format-standard","has-post-thumbnail","hentry","category-animaux"],"yoast_head":"<!-- This site is optimized with the Yoast SEO plugin v27.2 - https:\/\/yoast.com\/product\/yoast-seo-wordpress\/ -->\n<title>Baleines blanches: Narvals et B\u00e9lugas - Delphine ORIEUX<\/title>\n<meta name=\"robots\" content=\"index, follow, max-snippet:-1, max-image-preview:large, max-video-preview:-1\" \/>\n<link rel=\"canonical\" href=\"https:\/\/ouvrir-son-coeur.fr\/index.php\/2023\/05\/06\/baleines-blanches-narvals-et-belugas\/\" \/>\n<meta property=\"og:locale\" content=\"fr_FR\" \/>\n<meta property=\"og:type\" content=\"article\" \/>\n<meta property=\"og:title\" content=\"Baleines blanches: Narvals et B\u00e9lugas - Delphine ORIEUX\" \/>\n<meta property=\"og:description\" content=\"Message du 16 avril 2023: Nous sommes la conscience qui r\u00e9git l\u2019incarnation des baleines blanches. En tant que gardiens du p\u00f4le arctique, nos repr\u00e9sentants sur Terre, les narvals et les b\u00e9lougas, sont \u00e0 l\u2019image de la gr\u00e2ce et de la lumi\u00e8re divine qui les traverse. Les narvals sont \u00e9troitement li\u00e9s aux licornes, adapt\u00e9es \u00e0 la &hellip; Continue reading &quot;Baleines blanches: Narvals et B\u00e9lugas&quot;\" \/>\n<meta property=\"og:url\" content=\"https:\/\/ouvrir-son-coeur.fr\/index.php\/2023\/05\/06\/baleines-blanches-narvals-et-belugas\/\" \/>\n<meta property=\"og:site_name\" content=\"Delphine ORIEUX\" \/>\n<meta property=\"article:published_time\" content=\"2023-05-06T16:59:52+00:00\" \/>\n<meta property=\"article:modified_time\" content=\"2023-05-06T16:59:53+00:00\" \/>\n<meta property=\"og:image\" content=\"https:\/\/ouvrir-son-coeur.fr\/wp-content\/uploads\/2023\/05\/beluga-g97aa5e7c0_1280.jpg\" \/>\n\t<meta property=\"og:image:width\" content=\"1280\" \/>\n\t<meta property=\"og:image:height\" content=\"853\" \/>\n\t<meta property=\"og:image:type\" content=\"image\/jpeg\" \/>\n<meta name=\"author\" content=\"Delphine\" \/>\n<meta name=\"twitter:card\" content=\"summary_large_image\" \/>\n<meta name=\"twitter:label1\" content=\"\u00c9crit par\" \/>\n\t<meta name=\"twitter:data1\" content=\"Delphine\" \/>\n\t<meta name=\"twitter:label2\" content=\"Dur\u00e9e de lecture estim\u00e9e\" \/>\n\t<meta name=\"twitter:data2\" content=\"6 minutes\" \/>\n<script type=\"application\/ld+json\" class=\"yoast-schema-graph\">{\"@context\":\"https:\/\/schema.org\",\"@graph\":[{\"@type\":\"Article\",\"@id\":\"https:\/\/ouvrir-son-coeur.fr\/index.php\/2023\/05\/06\/baleines-blanches-narvals-et-belugas\/#article\",\"isPartOf\":{\"@id\":\"https:\/\/ouvrir-son-coeur.fr\/index.php\/2023\/05\/06\/baleines-blanches-narvals-et-belugas\/\"},\"author\":{\"name\":\"Delphine\",\"@id\":\"https:\/\/ouvrir-son-coeur.fr\/#\/schema\/person\/79755406436a7adaddb901ee35a4d28c\"},\"headline\":\"Baleines blanches: Narvals et B\u00e9lugas\",\"datePublished\":\"2023-05-06T16:59:52+00:00\",\"dateModified\":\"2023-05-06T16:59:53+00:00\",\"mainEntityOfPage\":{\"@id\":\"https:\/\/ouvrir-son-coeur.fr\/index.php\/2023\/05\/06\/baleines-blanches-narvals-et-belugas\/\"},\"wordCount\":1178,\"publisher\":{\"@id\":\"https:\/\/ouvrir-son-coeur.fr\/#organization\"},\"image\":{\"@id\":\"https:\/\/ouvrir-son-coeur.fr\/index.php\/2023\/05\/06\/baleines-blanches-narvals-et-belugas\/#primaryimage\"},\"thumbnailUrl\":\"https:\/\/ouvrir-son-coeur.fr\/wp-content\/uploads\/2023\/05\/beluga-g97aa5e7c0_1280.jpg\",\"articleSection\":[\"Animaux\"],\"inLanguage\":\"fr-FR\"},{\"@type\":\"WebPage\",\"@id\":\"https:\/\/ouvrir-son-coeur.fr\/index.php\/2023\/05\/06\/baleines-blanches-narvals-et-belugas\/\",\"url\":\"https:\/\/ouvrir-son-coeur.fr\/index.php\/2023\/05\/06\/baleines-blanches-narvals-et-belugas\/\",\"name\":\"Baleines blanches: Narvals et B\u00e9lugas - Delphine ORIEUX\",\"isPartOf\":{\"@id\":\"https:\/\/ouvrir-son-coeur.fr\/#website\"},\"primaryImageOfPage\":{\"@id\":\"https:\/\/ouvrir-son-coeur.fr\/index.php\/2023\/05\/06\/baleines-blanches-narvals-et-belugas\/#primaryimage\"},\"image\":{\"@id\":\"https:\/\/ouvrir-son-coeur.fr\/index.php\/2023\/05\/06\/baleines-blanches-narvals-et-belugas\/#primaryimage\"},\"thumbnailUrl\":\"https:\/\/ouvrir-son-coeur.fr\/wp-content\/uploads\/2023\/05\/beluga-g97aa5e7c0_1280.jpg\",\"datePublished\":\"2023-05-06T16:59:52+00:00\",\"dateModified\":\"2023-05-06T16:59:53+00:00\",\"breadcrumb\":{\"@id\":\"https:\/\/ouvrir-son-coeur.fr\/index.php\/2023\/05\/06\/baleines-blanches-narvals-et-belugas\/#breadcrumb\"},\"inLanguage\":\"fr-FR\",\"potentialAction\":[{\"@type\":\"ReadAction\",\"target\":[\"https:\/\/ouvrir-son-coeur.fr\/index.php\/2023\/05\/06\/baleines-blanches-narvals-et-belugas\/\"]}]},{\"@type\":\"ImageObject\",\"inLanguage\":\"fr-FR\",\"@id\":\"https:\/\/ouvrir-son-coeur.fr\/index.php\/2023\/05\/06\/baleines-blanches-narvals-et-belugas\/#primaryimage\",\"url\":\"https:\/\/ouvrir-son-coeur.fr\/wp-content\/uploads\/2023\/05\/beluga-g97aa5e7c0_1280.jpg\",\"contentUrl\":\"https:\/\/ouvrir-son-coeur.fr\/wp-content\/uploads\/2023\/05\/beluga-g97aa5e7c0_1280.jpg\",\"width\":1280,\"height\":853},{\"@type\":\"BreadcrumbList\",\"@id\":\"https:\/\/ouvrir-son-coeur.fr\/index.php\/2023\/05\/06\/baleines-blanches-narvals-et-belugas\/#breadcrumb\",\"itemListElement\":[{\"@type\":\"ListItem\",\"position\":1,\"name\":\"Accueil\",\"item\":\"https:\/\/ouvrir-son-coeur.fr\/\"},{\"@type\":\"ListItem\",\"position\":2,\"name\":\"Baleines blanches: Narvals et B\u00e9lugas\"}]},{\"@type\":\"WebSite\",\"@id\":\"https:\/\/ouvrir-son-coeur.fr\/#website\",\"url\":\"https:\/\/ouvrir-son-coeur.fr\/\",\"name\":\"Delphine ORIEUX\",\"description\":\"Ouvrir son coeur pour un retour \u00e0 soi\",\"publisher\":{\"@id\":\"https:\/\/ouvrir-son-coeur.fr\/#organization\"},\"potentialAction\":[{\"@type\":\"SearchAction\",\"target\":{\"@type\":\"EntryPoint\",\"urlTemplate\":\"https:\/\/ouvrir-son-coeur.fr\/?s={search_term_string}\"},\"query-input\":{\"@type\":\"PropertyValueSpecification\",\"valueRequired\":true,\"valueName\":\"search_term_string\"}}],\"inLanguage\":\"fr-FR\"},{\"@type\":\"Organization\",\"@id\":\"https:\/\/ouvrir-son-coeur.fr\/#organization\",\"name\":\"Delphine ORIEUX\",\"url\":\"https:\/\/ouvrir-son-coeur.fr\/\",\"logo\":{\"@type\":\"ImageObject\",\"inLanguage\":\"fr-FR\",\"@id\":\"https:\/\/ouvrir-son-coeur.fr\/#\/schema\/logo\/image\/\",\"url\":\"https:\/\/ouvrir-son-coeur.fr\/wp-content\/uploads\/2019\/10\/cropped-71673114_2509801119097527_6138808206555611136_o-15.jpg\",\"contentUrl\":\"https:\/\/ouvrir-son-coeur.fr\/wp-content\/uploads\/2019\/10\/cropped-71673114_2509801119097527_6138808206555611136_o-15.jpg\",\"width\":546,\"height\":505,\"caption\":\"Delphine ORIEUX\"},\"image\":{\"@id\":\"https:\/\/ouvrir-son-coeur.fr\/#\/schema\/logo\/image\/\"}},{\"@type\":\"Person\",\"@id\":\"https:\/\/ouvrir-son-coeur.fr\/#\/schema\/person\/79755406436a7adaddb901ee35a4d28c\",\"name\":\"Delphine\",\"image\":{\"@type\":\"ImageObject\",\"inLanguage\":\"fr-FR\",\"@id\":\"https:\/\/secure.gravatar.com\/avatar\/4feb5ead4d5221e0fd82faeb7afb26cb5db06cdb420750aab1923c6a5e1ac1ac?s=96&d=mm&r=g\",\"url\":\"https:\/\/secure.gravatar.com\/avatar\/4feb5ead4d5221e0fd82faeb7afb26cb5db06cdb420750aab1923c6a5e1ac1ac?s=96&d=mm&r=g\",\"contentUrl\":\"https:\/\/secure.gravatar.com\/avatar\/4feb5ead4d5221e0fd82faeb7afb26cb5db06cdb420750aab1923c6a5e1ac1ac?s=96&d=mm&r=g\",\"caption\":\"Delphine\"},\"url\":\"https:\/\/ouvrir-son-coeur.fr\/index.php\/author\/admin2719\/\"}]}<\/script>\n<!-- \/ Yoast SEO plugin. -->","yoast_head_json":{"title":"Baleines blanches: Narvals et B\u00e9lugas - Delphine ORIEUX","robots":{"index":"index","follow":"follow","max-snippet":"max-snippet:-1","max-image-preview":"max-image-preview:large","max-video-preview":"max-video-preview:-1"},"canonical":"https:\/\/ouvrir-son-coeur.fr\/index.php\/2023\/05\/06\/baleines-blanches-narvals-et-belugas\/","og_locale":"fr_FR","og_type":"article","og_title":"Baleines blanches: Narvals et B\u00e9lugas - Delphine ORIEUX","og_description":"Message du 16 avril 2023: Nous sommes la conscience qui r\u00e9git l\u2019incarnation des baleines blanches. En tant que gardiens du p\u00f4le arctique, nos repr\u00e9sentants sur Terre, les narvals et les b\u00e9lougas, sont \u00e0 l\u2019image de la gr\u00e2ce et de la lumi\u00e8re divine qui les traverse. Les narvals sont \u00e9troitement li\u00e9s aux licornes, adapt\u00e9es \u00e0 la &hellip; Continue reading \"Baleines blanches: Narvals et B\u00e9lugas\"","og_url":"https:\/\/ouvrir-son-coeur.fr\/index.php\/2023\/05\/06\/baleines-blanches-narvals-et-belugas\/","og_site_name":"Delphine ORIEUX","article_published_time":"2023-05-06T16:59:52+00:00","article_modified_time":"2023-05-06T16:59:53+00:00","og_image":[{"width":1280,"height":853,"url":"https:\/\/ouvrir-son-coeur.fr\/wp-content\/uploads\/2023\/05\/beluga-g97aa5e7c0_1280.jpg","type":"image\/jpeg"}],"author":"Delphine","twitter_card":"summary_large_image","twitter_misc":{"\u00c9crit par":"Delphine","Dur\u00e9e de lecture estim\u00e9e":"6 minutes"},"schema":{"@context":"https:\/\/schema.org","@graph":[{"@type":"Article","@id":"https:\/\/ouvrir-son-coeur.fr\/index.php\/2023\/05\/06\/baleines-blanches-narvals-et-belugas\/#article","isPartOf":{"@id":"https:\/\/ouvrir-son-coeur.fr\/index.php\/2023\/05\/06\/baleines-blanches-narvals-et-belugas\/"},"author":{"name":"Delphine","@id":"https:\/\/ouvrir-son-coeur.fr\/#\/schema\/person\/79755406436a7adaddb901ee35a4d28c"},"headline":"Baleines blanches: Narvals et B\u00e9lugas","datePublished":"2023-05-06T16:59:52+00:00","dateModified":"2023-05-06T16:59:53+00:00","mainEntityOfPage":{"@id":"https:\/\/ouvrir-son-coeur.fr\/index.php\/2023\/05\/06\/baleines-blanches-narvals-et-belugas\/"},"wordCount":1178,"publisher":{"@id":"https:\/\/ouvrir-son-coeur.fr\/#organization"},"image":{"@id":"https:\/\/ouvrir-son-coeur.fr\/index.php\/2023\/05\/06\/baleines-blanches-narvals-et-belugas\/#primaryimage"},"thumbnailUrl":"https:\/\/ouvrir-son-coeur.fr\/wp-content\/uploads\/2023\/05\/beluga-g97aa5e7c0_1280.jpg","articleSection":["Animaux"],"inLanguage":"fr-FR"},{"@type":"WebPage","@id":"https:\/\/ouvrir-son-coeur.fr\/index.php\/2023\/05\/06\/baleines-blanches-narvals-et-belugas\/","url":"https:\/\/ouvrir-son-coeur.fr\/index.php\/2023\/05\/06\/baleines-blanches-narvals-et-belugas\/","name":"Baleines blanches: Narvals et B\u00e9lugas - Delphine ORIEUX","isPartOf":{"@id":"https:\/\/ouvrir-son-coeur.fr\/#website"},"primaryImageOfPage":{"@id":"https:\/\/ouvrir-son-coeur.fr\/index.php\/2023\/05\/06\/baleines-blanches-narvals-et-belugas\/#primaryimage"},"image":{"@id":"https:\/\/ouvrir-son-coeur.fr\/index.php\/2023\/05\/06\/baleines-blanches-narvals-et-belugas\/#primaryimage"},"thumbnailUrl":"https:\/\/ouvrir-son-coeur.fr\/wp-content\/uploads\/2023\/05\/beluga-g97aa5e7c0_1280.jpg","datePublished":"2023-05-06T16:59:52+00:00","dateModified":"2023-05-06T16:59:53+00:00","breadcrumb":{"@id":"https:\/\/ouvrir-son-coeur.fr\/index.php\/2023\/05\/06\/baleines-blanches-narvals-et-belugas\/#breadcrumb"},"inLanguage":"fr-FR","potentialAction":[{"@type":"ReadAction","target":["https:\/\/ouvrir-son-coeur.fr\/index.php\/2023\/05\/06\/baleines-blanches-narvals-et-belugas\/"]}]},{"@type":"ImageObject","inLanguage":"fr-FR","@id":"https:\/\/ouvrir-son-coeur.fr\/index.php\/2023\/05\/06\/baleines-blanches-narvals-et-belugas\/#primaryimage","url":"https:\/\/ouvrir-son-coeur.fr\/wp-content\/uploads\/2023\/05\/beluga-g97aa5e7c0_1280.jpg","contentUrl":"https:\/\/ouvrir-son-coeur.fr\/wp-content\/uploads\/2023\/05\/beluga-g97aa5e7c0_1280.jpg","width":1280,"height":853},{"@type":"BreadcrumbList","@id":"https:\/\/ouvrir-son-coeur.fr\/index.php\/2023\/05\/06\/baleines-blanches-narvals-et-belugas\/#breadcrumb","itemListElement":[{"@type":"ListItem","position":1,"name":"Accueil","item":"https:\/\/ouvrir-son-coeur.fr\/"},{"@type":"ListItem","position":2,"name":"Baleines blanches: Narvals et B\u00e9lugas"}]},{"@type":"WebSite","@id":"https:\/\/ouvrir-son-coeur.fr\/#website","url":"https:\/\/ouvrir-son-coeur.fr\/","name":"Delphine ORIEUX","description":"Ouvrir son coeur pour un retour \u00e0 soi","publisher":{"@id":"https:\/\/ouvrir-son-coeur.fr\/#organization"},"potentialAction":[{"@type":"SearchAction","target":{"@type":"EntryPoint","urlTemplate":"https:\/\/ouvrir-son-coeur.fr\/?s={search_term_string}"},"query-input":{"@type":"PropertyValueSpecification","valueRequired":true,"valueName":"search_term_string"}}],"inLanguage":"fr-FR"},{"@type":"Organization","@id":"https:\/\/ouvrir-son-coeur.fr\/#organization","name":"Delphine ORIEUX","url":"https:\/\/ouvrir-son-coeur.fr\/","logo":{"@type":"ImageObject","inLanguage":"fr-FR","@id":"https:\/\/ouvrir-son-coeur.fr\/#\/schema\/logo\/image\/","url":"https:\/\/ouvrir-son-coeur.fr\/wp-content\/uploads\/2019\/10\/cropped-71673114_2509801119097527_6138808206555611136_o-15.jpg","contentUrl":"https:\/\/ouvrir-son-coeur.fr\/wp-content\/uploads\/2019\/10\/cropped-71673114_2509801119097527_6138808206555611136_o-15.jpg","width":546,"height":505,"caption":"Delphine ORIEUX"},"image":{"@id":"https:\/\/ouvrir-son-coeur.fr\/#\/schema\/logo\/image\/"}},{"@type":"Person","@id":"https:\/\/ouvrir-son-coeur.fr\/#\/schema\/person\/79755406436a7adaddb901ee35a4d28c","name":"Delphine","image":{"@type":"ImageObject","inLanguage":"fr-FR","@id":"https:\/\/secure.gravatar.com\/avatar\/4feb5ead4d5221e0fd82faeb7afb26cb5db06cdb420750aab1923c6a5e1ac1ac?s=96&d=mm&r=g","url":"https:\/\/secure.gravatar.com\/avatar\/4feb5ead4d5221e0fd82faeb7afb26cb5db06cdb420750aab1923c6a5e1ac1ac?s=96&d=mm&r=g","contentUrl":"https:\/\/secure.gravatar.com\/avatar\/4feb5ead4d5221e0fd82faeb7afb26cb5db06cdb420750aab1923c6a5e1ac1ac?s=96&d=mm&r=g","caption":"Delphine"},"url":"https:\/\/ouvrir-son-coeur.fr\/index.php\/author\/admin2719\/"}]}},"_links":{"self":[{"href":"https:\/\/ouvrir-son-coeur.fr\/index.php\/wp-json\/wp\/v2\/posts\/2548","targetHints":{"allow":["GET"]}}],"collection":[{"href":"https:\/\/ouvrir-son-coeur.fr\/index.php\/wp-json\/wp\/v2\/posts"}],"about":[{"href":"https:\/\/ouvrir-son-coeur.fr\/index.php\/wp-json\/wp\/v2\/types\/post"}],"author":[{"embeddable":true,"href":"https:\/\/ouvrir-son-coeur.fr\/index.php\/wp-json\/wp\/v2\/users\/1"}],"replies":[{"embeddable":true,"href":"https:\/\/ouvrir-son-coeur.fr\/index.php\/wp-json\/wp\/v2\/comments?post=2548"}],"version-history":[{"count":1,"href":"https:\/\/ouvrir-son-coeur.fr\/index.php\/wp-json\/wp\/v2\/posts\/2548\/revisions"}],"predecessor-version":[{"id":2550,"href":"https:\/\/ouvrir-son-coeur.fr\/index.php\/wp-json\/wp\/v2\/posts\/2548\/revisions\/2550"}],"wp:featuredmedia":[{"embeddable":true,"href":"https:\/\/ouvrir-son-coeur.fr\/index.php\/wp-json\/wp\/v2\/media\/2549"}],"wp:attachment":[{"href":"https:\/\/ouvrir-son-coeur.fr\/index.php\/wp-json\/wp\/v2\/media?parent=2548"}],"wp:term":[{"taxonomy":"category","embeddable":true,"href":"https:\/\/ouvrir-son-coeur.fr\/index.php\/wp-json\/wp\/v2\/categories?post=2548"},{"taxonomy":"post_tag","embeddable":true,"href":"https:\/\/ouvrir-son-coeur.fr\/index.php\/wp-json\/wp\/v2\/tags?post=2548"}],"curies":[{"name":"wp","href":"https:\/\/api.w.org\/{rel}","templated":true}]}}