{"id":2469,"date":"2023-03-25T13:26:08","date_gmt":"2023-03-25T12:26:08","guid":{"rendered":"https:\/\/ouvrir-son-coeur.fr\/?p=2469"},"modified":"2023-03-25T13:26:10","modified_gmt":"2023-03-25T12:26:10","slug":"trouver-le-chemin-de-la-paix-interieure","status":"publish","type":"post","link":"https:\/\/ouvrir-son-coeur.fr\/index.php\/2023\/03\/25\/trouver-le-chemin-de-la-paix-interieure\/","title":{"rendered":"Trouver le chemin de la paix int\u00e9rieure"},"content":{"rendered":"<div class=\"wp-block-image\">\n<figure class=\"aligncenter size-large\"><img loading=\"lazy\" decoding=\"async\" width=\"1024\" height=\"682\" src=\"https:\/\/ouvrir-son-coeur.fr\/wp-content\/uploads\/2023\/03\/silhouette-g0632f3108_1280-1024x682.png\" alt=\"\" class=\"wp-image-2470\" srcset=\"https:\/\/ouvrir-son-coeur.fr\/wp-content\/uploads\/2023\/03\/silhouette-g0632f3108_1280-1024x682.png 1024w, https:\/\/ouvrir-son-coeur.fr\/wp-content\/uploads\/2023\/03\/silhouette-g0632f3108_1280-300x200.png 300w, https:\/\/ouvrir-son-coeur.fr\/wp-content\/uploads\/2023\/03\/silhouette-g0632f3108_1280-768x512.png 768w, https:\/\/ouvrir-son-coeur.fr\/wp-content\/uploads\/2023\/03\/silhouette-g0632f3108_1280-1200x800.png 1200w, https:\/\/ouvrir-son-coeur.fr\/wp-content\/uploads\/2023\/03\/silhouette-g0632f3108_1280.png 1280w\" sizes=\"auto, (max-width: 1024px) 100vw, 1024px\" \/><\/figure>\n<\/div>\n\n<p style=\"text-align: justify;\">Sur notre chemin nous \u00e9voluons au fur et \u00e0 mesure des \u00e9tats de compr\u00e9hension qui am\u00e8nent \u00e0 une paix int\u00e9rieure.<\/p>\n<p style=\"text-align: justify;\">Lorsque nous comprenons quelque chose \u00e0 l\u2019issue d\u2019\u00e9v\u00e8nements de vie qui nous ont amen\u00e9s \u00e0 cet \u00e9tat d\u2019int\u00e9gration, alors nous avons l\u00e2ch\u00e9 prise sur les causes de ces situations.<\/p>\n<p style=\"text-align: justify;\">Toutes ces compr\u00e9hensions sont acquises pour toujours, dans notre chemin d\u2019\u00e9volution. Ainsi nous ne retenons plus les \u00e9v\u00e8nements qui ont mis ces causes au premier plan afin de pouvoir les reconna\u00eetre et nous gardons en nous cet \u00e9tat de paix int\u00e9rieure en rapport avec un aspect de nos facettes int\u00e9rieures.<\/p>\n<p style=\"text-align: justify;\">Cet acquis devient inn\u00e9 dans nos prochaines vies car les causes ayant \u00e9t\u00e9 dissoutes, il ne reste que l\u2019\u00e9tat de paix li\u00e9 aux compr\u00e9hensions acquises dans d\u2019autres vies.<\/p>\n<p style=\"text-align: justify;\">Lorsque les peurs et autres \u00e9motions sont encore pr\u00e9sentes, c\u2019est que nous sommes en chemin vers une compr\u00e9hension par rapport aux situations concern\u00e9es, r\u00e9activ\u00e9es de vies en vies, de circonstances en circonstances. Nous les vivons donc pour les mettre en premier plan et les identifier afin de se lib\u00e9rer des causes, en acc\u00e9dant \u00e0 cette compr\u00e9hension.<\/p>\n<p style=\"text-align: justify;\">La paix int\u00e9rieure par rapport \u00e0 un aspect devient permanente une fois la \u00ab\u00a0le\u00e7on\u00a0\u00bb int\u00e9gr\u00e9e. Nous ne pouvons d\u00e9sormais plus l\u2019oublier sur notre chemin d\u2019ascension.<\/p>\n<p style=\"text-align: justify;\">Le manque de stabilit\u00e9, d\u2019ancrage et d\u2019alignement avec son Soi sup\u00e9rieur d\u00e9pend directement de l\u2019\u00e9tat de paix int\u00e9rieure qui a besoin d\u2019\u00eatre int\u00e9gr\u00e9 par la compr\u00e9hension de situations, r\u00e9v\u00e9l\u00e9e par les \u00e9motions, qui sont les cons\u00e9quences des causes.<\/p>\n<p style=\"text-align: justify;\">L\u2019exp\u00e9rience est un d\u00e9roulement de circonstances v\u00e9cues qui d\u00e9pend directement des causes concern\u00e9es. Les causes sont des voiles qui ont amen\u00e9 une suite de cons\u00e9quences dans nos diff\u00e9rentes vies. C\u2019est donc une balance permanente qui bascule d\u2019un c\u00f4t\u00e9 \u00e0 l\u2019autre pour trouver son centre, son point d\u2019\u00e9quilibre. Le karma est le terme employ\u00e9 pour expliquer les mouvements de balancement qui permettent de retrouver l\u2019\u00e9quilibre.<\/p>\n<p style=\"text-align: justify;\">C\u2019est donc merveilleux que de constater qu\u2019\u00e0 chaque peur, \u00e0 chaque \u00e9motion difficile, r\u00e9v\u00e9l\u00e9es par toutes sortes de pens\u00e9es et circonstances de vies, nous sommes la balance qui se regarde pencher d\u2019un c\u00f4t\u00e9 ou de l\u2019autre.<\/p>\n<p style=\"text-align: justify;\">Nous pouvons atteindre de plus en plus d\u2019\u00e9tats de compr\u00e9hension qui am\u00e8nent \u00e0 chaque fois une paix int\u00e9rieure par rapport \u00e0 un nouvel aspect. Et plus les diff\u00e9rentes facettes de notre \u00eatre trouvent leur centre, plus nous devenons stables et d\u2019un point de vue global, nous nous rapprochons de plus en plus de l\u2019\u00e9tat d\u2019\u00e9quilibre.<\/p>\n<p style=\"text-align: justify;\">Les ma\u00eetres ascensionn\u00e9s ont atteint cet \u00e9quilibre, qui leur permet d\u2019\u00eatre dans un \u00e9tat de ma\u00eetrise int\u00e9rieure, car toutes les compr\u00e9hensions sont devenues inn\u00e9es au fur et \u00e0 mesure de leurs vies. Ce qui leur a permis de transcender la mati\u00e8re pour incarner pleinement un \u00e9tat d\u2019\u00e9quilibre dans le plan o\u00f9 ils se situent, \u00e9tant dans un corps ou non.<\/p>\n<p style=\"text-align: justify;\">Etre mieux ancr\u00e9 et plus stabilis\u00e9 de mani\u00e8re durable est donc la r\u00e9sultante de toutes ces exp\u00e9riences qui ont amen\u00e9 \u00e0 un \u00e9tat de compr\u00e9hension, sur de multiples aspects de la vie, qui sont l\u00e0 pour nous aider \u00e0 int\u00e9grer pleinement les lois de l\u2019univers ou plut\u00f4t la reconnaissance de notre appartenance \u00e0 l\u2019\u00e9nergie Une o\u00f9 tout coexiste dans le m\u00eame espace.<\/p>\n<p style=\"text-align: justify;\">Ceux qui sont plus en paix int\u00e9rieure soutiennent ceux qui sont moins en paix int\u00e9rieure, car encore une fois cela est un \u00e9tat de balancement qui cherche son \u00e9quilibre au sein d\u2019une esp\u00e8ce, d\u2019un monde, d\u2019un univers, etc.<\/p>\n<p style=\"text-align: justify;\">Ceux qui soutiennent le font en \u00e9tant simplement ce qu\u2019ils sont, dans leur \u00e9tat de paix int\u00e9rieure. Pour cela ils r\u00e9pondent \u00e0 leurs intuitions, \u00e0 leur guidance int\u00e9rieure, qui les am\u00e8ne toujours \u00e0 l\u2019endroit juste, de la mani\u00e8re juste, avec les individus justes, pour rayonner pleinement ce qu\u2019ils sont. C\u2019est aussi simple que cela.<\/p>\n<p style=\"text-align: justify;\">Notre joie et notre paix int\u00e9rieure sont les indicateurs de notre rayonnement, \u00e0 tout moment et dans toute situation.<\/p>\n<p style=\"text-align: justify;\">Nous savons donc que nous sommes \u00e0 notre juste place lorsque nous rayonnons au maximum de ce que nous sommes sur l\u2019instant, en donnant le meilleur de nous-m\u00eame.<\/p>\n<p style=\"text-align: justify;\">C\u2019est l\u2019Amour. Le sentiment d\u2019\u00eatre amoureux, l\u2019\u00e9panouissement, le sentiment d\u2019\u00eatre \u00e0 sa place, se ressentent lorsque nous rayonnons en donnant le meilleur de nous-m\u00eame\u00a0: au travers d\u2019un \u00e9change, d\u2019une relation, d\u2019une situation, d\u2019un \u00e9tat d\u2019\u00eatre g\u00e9n\u00e9ral. En donnant le meilleur, nous nous reconnaissons comme \u00e9tant ce meilleur. En nous reconnaissant int\u00e9rieurement, ext\u00e9rieurement nous attirons \u00e0 nous des situations o\u00f9 nous sommes reconnus \u00e0 la hauteur de ce que nous reconnaissons en nous.<\/p>\n<p style=\"text-align: justify;\">Observons ainsi ce qui se passe, dans notre capacit\u00e9 \u00e0 nous reconna\u00eetre dans notre Amour, au travers de ce que nous nous donnons \u00e0 nous-m\u00eame. Ce qui se passe est r\u00e9v\u00e9l\u00e9 dans notre vie, \u00e0 travers les situations et les relations.<\/p>\n<p style=\"text-align: justify;\">Il y a une raison \u00e0 Tout car le hasard n\u2019existe pas. La raison est la cons\u00e9quence d\u2019une cause et la cause est le voile qui demande \u00e0 \u00eatre dissous pour acc\u00e9der \u00e0 une compr\u00e9hension. Le voile se dissout quand nous nous laissons l\u2019espace int\u00e9rieurement pour explorer afin de rendre visible ce voile. Une fois reconnu pour ce qu\u2019il est, c\u2019est-\u00e0-dire un voile, notre consid\u00e9ration envers ce voile nous permet de passer au travers pour s\u2019en lib\u00e9rer et laisser passer plus de lumi\u00e8re. Plus l\u2019espace est lumineux, plus les autres voiles deviennent visibles. Et plus nous voyons clair en nous, plus la paix int\u00e9rieure devient globale et permanente.<\/p>\n<p style=\"text-align: justify;\">S\u2019\u00e9couter, se voir, se reconna\u00eetre, s\u2019accorder toute notre attention et notre Amour, se gu\u00e9rir, se donner de l\u2019affection, se consid\u00e9rer comme un \u00eatre aim\u00e9 et aimant, et prendre soin de notre corps sont des aspects qui n\u00e9cessitent toute notre attention \u00e0 chaque instant de notre vie.<\/p>\n<p style=\"text-align: justify;\">M\u00eame quand le mental inf\u00e9rieur cherche toutes sortes d\u2019excuses, au bout d\u2019un moment l\u2019\u00e9puisement et la souffrance accumul\u00e9e entra\u00eenent un besoin profond de l\u00e2cher prise sur les circonstances ext\u00e9rieures pour se retourner en notre int\u00e9rieur, dans l\u2019espace o\u00f9 le c\u0153ur nous guide vers la compr\u00e9hension et l\u2019accomplissement du Soi.<\/p>\n<p style=\"text-align: justify;\">La pers\u00e9v\u00e9rance, la d\u00e9termination, le courage, sont tout autant d\u2019\u00e9lans qui nous am\u00e8nent toujours plus en profondeur, dans la d\u00e9couverte de notre Soi profond.<\/p>\n<p style=\"text-align: justify;\">Quand tout semble perdu, et que le d\u00e9sespoir et le d\u00e9couragement nous font perdre tout \u00e9lan, c\u2019est le moment clef o\u00f9 le l\u00e2cher-prise devient la seule solution, car le mental inf\u00e9rieur n\u2019en a plus d\u2019autres \u00e0 nous fournir.<\/p>\n<p style=\"text-align: justify;\">Comme tout est balance dans la vie, il y a toujours des signaux qui apparaissent pour aider tout \u00eatre qui s\u2019est perdu en chemin. Il reste ainsi \u00e0 saisir les directions indiqu\u00e9es et s\u2019y diriger sans attentes, dans la confiance que le signal est le l\u00e2cher-prise qui nous am\u00e8ne vers une autre perspective.<\/p>\n<p style=\"text-align: justify;\">De nombreuses aides existent pour se r\u00e9\u00e9quilibrer. Par exemple les Fleurs de Bach aident \u00e0 r\u00e9\u00e9quilibrer les \u00e9motions exacerb\u00e9es, la m\u00e9ditation aide \u00e0 faire le vide dans ses pens\u00e9es quand l\u2019activit\u00e9 mentale est surcharg\u00e9e, l\u2019activit\u00e9 physique ou la d\u00e9tente permettent de d\u00e9charger un trop plein ou de se reposer, communiquer par \u00e9crit ou oral ou mettre au service sa cr\u00e9ativit\u00e9 permet de lib\u00e9rer des \u00e9motions, all\u00e9ger son corps et le soigner permet de donner de l\u2019Amour \u00e0 son corps, manger et boire en conscience de ce que nous ing\u00e9rons aide \u00e0 prendre soin de ses cellules, croire en nos capacit\u00e9s et renforcer notre Foi int\u00e9rieure contribuent \u00e0 la dissolution des voiles et enfin donner le meilleur de Soi-m\u00eame permet de se reconna\u00eetre dans nos capacit\u00e9s, pour toujours se diriger l\u00e0 o\u00f9 nous rayonnons le plus.<\/p>\n<p style=\"text-align: justify;\">La paix int\u00e9rieure se cultive et grandit au fur et \u00e0 mesure de notre compr\u00e9hension de la vie.<\/p>\n<p style=\"text-align: justify;\">Merci, merci, merci<\/p>","protected":false},"excerpt":{"rendered":"<p>Sur notre chemin nous \u00e9voluons au fur et \u00e0 mesure des \u00e9tats de compr\u00e9hension qui am\u00e8nent \u00e0 une paix int\u00e9rieure. Lorsque nous comprenons quelque chose \u00e0 l\u2019issue d\u2019\u00e9v\u00e8nements de vie qui nous ont amen\u00e9s \u00e0 cet \u00e9tat d\u2019int\u00e9gration, alors nous avons l\u00e2ch\u00e9 prise sur les causes de ces situations. Toutes ces compr\u00e9hensions sont acquises pour &hellip; <\/p>\n<p class=\"link-more\"><a href=\"https:\/\/ouvrir-son-coeur.fr\/index.php\/2023\/03\/25\/trouver-le-chemin-de-la-paix-interieure\/\" class=\"more-link\">Continue reading<span class=\"screen-reader-text\"> \u00ab\u00a0Trouver le chemin de la paix int\u00e9rieure\u00a0\u00bb<\/span><\/a><\/p>\n","protected":false},"author":1,"featured_media":2470,"comment_status":"closed","ping_status":"closed","sticky":false,"template":"","format":"standard","meta":{"footnotes":""},"categories":[7,5],"tags":[],"class_list":["post-2469","post","type-post","status-publish","format-standard","has-post-thumbnail","hentry","category-developpement-personnel","category-evolution-de-conscience"],"yoast_head":"<!-- This site is optimized with the Yoast SEO plugin v27.2 - https:\/\/yoast.com\/product\/yoast-seo-wordpress\/ -->\n<title>Trouver le chemin de la paix int\u00e9rieure - Delphine ORIEUX<\/title>\n<meta name=\"robots\" content=\"index, follow, max-snippet:-1, max-image-preview:large, max-video-preview:-1\" \/>\n<link rel=\"canonical\" href=\"https:\/\/ouvrir-son-coeur.fr\/index.php\/2023\/03\/25\/trouver-le-chemin-de-la-paix-interieure\/\" \/>\n<meta property=\"og:locale\" content=\"fr_FR\" \/>\n<meta property=\"og:type\" content=\"article\" \/>\n<meta property=\"og:title\" content=\"Trouver le chemin de la paix int\u00e9rieure - Delphine ORIEUX\" \/>\n<meta property=\"og:description\" content=\"Sur notre chemin nous \u00e9voluons au fur et \u00e0 mesure des \u00e9tats de compr\u00e9hension qui am\u00e8nent \u00e0 une paix int\u00e9rieure. Lorsque nous comprenons quelque chose \u00e0 l\u2019issue d\u2019\u00e9v\u00e8nements de vie qui nous ont amen\u00e9s \u00e0 cet \u00e9tat d\u2019int\u00e9gration, alors nous avons l\u00e2ch\u00e9 prise sur les causes de ces situations. Toutes ces compr\u00e9hensions sont acquises pour &hellip; Continue reading &quot;Trouver le chemin de la paix int\u00e9rieure&quot;\" \/>\n<meta property=\"og:url\" content=\"https:\/\/ouvrir-son-coeur.fr\/index.php\/2023\/03\/25\/trouver-le-chemin-de-la-paix-interieure\/\" \/>\n<meta property=\"og:site_name\" content=\"Delphine ORIEUX\" \/>\n<meta property=\"article:published_time\" content=\"2023-03-25T12:26:08+00:00\" \/>\n<meta property=\"article:modified_time\" content=\"2023-03-25T12:26:10+00:00\" \/>\n<meta property=\"og:image\" content=\"https:\/\/ouvrir-son-coeur.fr\/wp-content\/uploads\/2023\/03\/silhouette-g0632f3108_1280.png\" \/>\n\t<meta property=\"og:image:width\" content=\"1280\" \/>\n\t<meta property=\"og:image:height\" content=\"853\" \/>\n\t<meta property=\"og:image:type\" content=\"image\/png\" \/>\n<meta name=\"author\" content=\"Delphine\" \/>\n<meta name=\"twitter:card\" content=\"summary_large_image\" \/>\n<meta name=\"twitter:label1\" content=\"\u00c9crit par\" \/>\n\t<meta name=\"twitter:data1\" content=\"Delphine\" \/>\n\t<meta name=\"twitter:label2\" content=\"Dur\u00e9e de lecture estim\u00e9e\" \/>\n\t<meta name=\"twitter:data2\" content=\"7 minutes\" \/>\n<script type=\"application\/ld+json\" class=\"yoast-schema-graph\">{\"@context\":\"https:\/\/schema.org\",\"@graph\":[{\"@type\":\"Article\",\"@id\":\"https:\/\/ouvrir-son-coeur.fr\/index.php\/2023\/03\/25\/trouver-le-chemin-de-la-paix-interieure\/#article\",\"isPartOf\":{\"@id\":\"https:\/\/ouvrir-son-coeur.fr\/index.php\/2023\/03\/25\/trouver-le-chemin-de-la-paix-interieure\/\"},\"author\":{\"name\":\"Delphine\",\"@id\":\"https:\/\/ouvrir-son-coeur.fr\/#\/schema\/person\/79755406436a7adaddb901ee35a4d28c\"},\"headline\":\"Trouver le chemin de la paix int\u00e9rieure\",\"datePublished\":\"2023-03-25T12:26:08+00:00\",\"dateModified\":\"2023-03-25T12:26:10+00:00\",\"mainEntityOfPage\":{\"@id\":\"https:\/\/ouvrir-son-coeur.fr\/index.php\/2023\/03\/25\/trouver-le-chemin-de-la-paix-interieure\/\"},\"wordCount\":1430,\"publisher\":{\"@id\":\"https:\/\/ouvrir-son-coeur.fr\/#organization\"},\"image\":{\"@id\":\"https:\/\/ouvrir-son-coeur.fr\/index.php\/2023\/03\/25\/trouver-le-chemin-de-la-paix-interieure\/#primaryimage\"},\"thumbnailUrl\":\"https:\/\/ouvrir-son-coeur.fr\/wp-content\/uploads\/2023\/03\/silhouette-g0632f3108_1280.png\",\"articleSection\":[\"D\u00e9veloppement personnel\",\"Evolution de conscience\"],\"inLanguage\":\"fr-FR\"},{\"@type\":\"WebPage\",\"@id\":\"https:\/\/ouvrir-son-coeur.fr\/index.php\/2023\/03\/25\/trouver-le-chemin-de-la-paix-interieure\/\",\"url\":\"https:\/\/ouvrir-son-coeur.fr\/index.php\/2023\/03\/25\/trouver-le-chemin-de-la-paix-interieure\/\",\"name\":\"Trouver le chemin de la paix int\u00e9rieure - Delphine ORIEUX\",\"isPartOf\":{\"@id\":\"https:\/\/ouvrir-son-coeur.fr\/#website\"},\"primaryImageOfPage\":{\"@id\":\"https:\/\/ouvrir-son-coeur.fr\/index.php\/2023\/03\/25\/trouver-le-chemin-de-la-paix-interieure\/#primaryimage\"},\"image\":{\"@id\":\"https:\/\/ouvrir-son-coeur.fr\/index.php\/2023\/03\/25\/trouver-le-chemin-de-la-paix-interieure\/#primaryimage\"},\"thumbnailUrl\":\"https:\/\/ouvrir-son-coeur.fr\/wp-content\/uploads\/2023\/03\/silhouette-g0632f3108_1280.png\",\"datePublished\":\"2023-03-25T12:26:08+00:00\",\"dateModified\":\"2023-03-25T12:26:10+00:00\",\"breadcrumb\":{\"@id\":\"https:\/\/ouvrir-son-coeur.fr\/index.php\/2023\/03\/25\/trouver-le-chemin-de-la-paix-interieure\/#breadcrumb\"},\"inLanguage\":\"fr-FR\",\"potentialAction\":[{\"@type\":\"ReadAction\",\"target\":[\"https:\/\/ouvrir-son-coeur.fr\/index.php\/2023\/03\/25\/trouver-le-chemin-de-la-paix-interieure\/\"]}]},{\"@type\":\"ImageObject\",\"inLanguage\":\"fr-FR\",\"@id\":\"https:\/\/ouvrir-son-coeur.fr\/index.php\/2023\/03\/25\/trouver-le-chemin-de-la-paix-interieure\/#primaryimage\",\"url\":\"https:\/\/ouvrir-son-coeur.fr\/wp-content\/uploads\/2023\/03\/silhouette-g0632f3108_1280.png\",\"contentUrl\":\"https:\/\/ouvrir-son-coeur.fr\/wp-content\/uploads\/2023\/03\/silhouette-g0632f3108_1280.png\",\"width\":1280,\"height\":853},{\"@type\":\"BreadcrumbList\",\"@id\":\"https:\/\/ouvrir-son-coeur.fr\/index.php\/2023\/03\/25\/trouver-le-chemin-de-la-paix-interieure\/#breadcrumb\",\"itemListElement\":[{\"@type\":\"ListItem\",\"position\":1,\"name\":\"Accueil\",\"item\":\"https:\/\/ouvrir-son-coeur.fr\/\"},{\"@type\":\"ListItem\",\"position\":2,\"name\":\"Trouver le chemin de la paix int\u00e9rieure\"}]},{\"@type\":\"WebSite\",\"@id\":\"https:\/\/ouvrir-son-coeur.fr\/#website\",\"url\":\"https:\/\/ouvrir-son-coeur.fr\/\",\"name\":\"Delphine ORIEUX\",\"description\":\"Ouvrir son coeur pour un retour \u00e0 soi\",\"publisher\":{\"@id\":\"https:\/\/ouvrir-son-coeur.fr\/#organization\"},\"potentialAction\":[{\"@type\":\"SearchAction\",\"target\":{\"@type\":\"EntryPoint\",\"urlTemplate\":\"https:\/\/ouvrir-son-coeur.fr\/?s={search_term_string}\"},\"query-input\":{\"@type\":\"PropertyValueSpecification\",\"valueRequired\":true,\"valueName\":\"search_term_string\"}}],\"inLanguage\":\"fr-FR\"},{\"@type\":\"Organization\",\"@id\":\"https:\/\/ouvrir-son-coeur.fr\/#organization\",\"name\":\"Delphine ORIEUX\",\"url\":\"https:\/\/ouvrir-son-coeur.fr\/\",\"logo\":{\"@type\":\"ImageObject\",\"inLanguage\":\"fr-FR\",\"@id\":\"https:\/\/ouvrir-son-coeur.fr\/#\/schema\/logo\/image\/\",\"url\":\"https:\/\/ouvrir-son-coeur.fr\/wp-content\/uploads\/2019\/10\/cropped-71673114_2509801119097527_6138808206555611136_o-15.jpg\",\"contentUrl\":\"https:\/\/ouvrir-son-coeur.fr\/wp-content\/uploads\/2019\/10\/cropped-71673114_2509801119097527_6138808206555611136_o-15.jpg\",\"width\":546,\"height\":505,\"caption\":\"Delphine ORIEUX\"},\"image\":{\"@id\":\"https:\/\/ouvrir-son-coeur.fr\/#\/schema\/logo\/image\/\"}},{\"@type\":\"Person\",\"@id\":\"https:\/\/ouvrir-son-coeur.fr\/#\/schema\/person\/79755406436a7adaddb901ee35a4d28c\",\"name\":\"Delphine\",\"image\":{\"@type\":\"ImageObject\",\"inLanguage\":\"fr-FR\",\"@id\":\"https:\/\/secure.gravatar.com\/avatar\/4feb5ead4d5221e0fd82faeb7afb26cb5db06cdb420750aab1923c6a5e1ac1ac?s=96&d=mm&r=g\",\"url\":\"https:\/\/secure.gravatar.com\/avatar\/4feb5ead4d5221e0fd82faeb7afb26cb5db06cdb420750aab1923c6a5e1ac1ac?s=96&d=mm&r=g\",\"contentUrl\":\"https:\/\/secure.gravatar.com\/avatar\/4feb5ead4d5221e0fd82faeb7afb26cb5db06cdb420750aab1923c6a5e1ac1ac?s=96&d=mm&r=g\",\"caption\":\"Delphine\"},\"url\":\"https:\/\/ouvrir-son-coeur.fr\/index.php\/author\/admin2719\/\"}]}<\/script>\n<!-- \/ Yoast SEO plugin. -->","yoast_head_json":{"title":"Trouver le chemin de la paix int\u00e9rieure - Delphine ORIEUX","robots":{"index":"index","follow":"follow","max-snippet":"max-snippet:-1","max-image-preview":"max-image-preview:large","max-video-preview":"max-video-preview:-1"},"canonical":"https:\/\/ouvrir-son-coeur.fr\/index.php\/2023\/03\/25\/trouver-le-chemin-de-la-paix-interieure\/","og_locale":"fr_FR","og_type":"article","og_title":"Trouver le chemin de la paix int\u00e9rieure - Delphine ORIEUX","og_description":"Sur notre chemin nous \u00e9voluons au fur et \u00e0 mesure des \u00e9tats de compr\u00e9hension qui am\u00e8nent \u00e0 une paix int\u00e9rieure. Lorsque nous comprenons quelque chose \u00e0 l\u2019issue d\u2019\u00e9v\u00e8nements de vie qui nous ont amen\u00e9s \u00e0 cet \u00e9tat d\u2019int\u00e9gration, alors nous avons l\u00e2ch\u00e9 prise sur les causes de ces situations. Toutes ces compr\u00e9hensions sont acquises pour &hellip; Continue reading \"Trouver le chemin de la paix int\u00e9rieure\"","og_url":"https:\/\/ouvrir-son-coeur.fr\/index.php\/2023\/03\/25\/trouver-le-chemin-de-la-paix-interieure\/","og_site_name":"Delphine ORIEUX","article_published_time":"2023-03-25T12:26:08+00:00","article_modified_time":"2023-03-25T12:26:10+00:00","og_image":[{"width":1280,"height":853,"url":"https:\/\/ouvrir-son-coeur.fr\/wp-content\/uploads\/2023\/03\/silhouette-g0632f3108_1280.png","type":"image\/png"}],"author":"Delphine","twitter_card":"summary_large_image","twitter_misc":{"\u00c9crit par":"Delphine","Dur\u00e9e de lecture estim\u00e9e":"7 minutes"},"schema":{"@context":"https:\/\/schema.org","@graph":[{"@type":"Article","@id":"https:\/\/ouvrir-son-coeur.fr\/index.php\/2023\/03\/25\/trouver-le-chemin-de-la-paix-interieure\/#article","isPartOf":{"@id":"https:\/\/ouvrir-son-coeur.fr\/index.php\/2023\/03\/25\/trouver-le-chemin-de-la-paix-interieure\/"},"author":{"name":"Delphine","@id":"https:\/\/ouvrir-son-coeur.fr\/#\/schema\/person\/79755406436a7adaddb901ee35a4d28c"},"headline":"Trouver le chemin de la paix int\u00e9rieure","datePublished":"2023-03-25T12:26:08+00:00","dateModified":"2023-03-25T12:26:10+00:00","mainEntityOfPage":{"@id":"https:\/\/ouvrir-son-coeur.fr\/index.php\/2023\/03\/25\/trouver-le-chemin-de-la-paix-interieure\/"},"wordCount":1430,"publisher":{"@id":"https:\/\/ouvrir-son-coeur.fr\/#organization"},"image":{"@id":"https:\/\/ouvrir-son-coeur.fr\/index.php\/2023\/03\/25\/trouver-le-chemin-de-la-paix-interieure\/#primaryimage"},"thumbnailUrl":"https:\/\/ouvrir-son-coeur.fr\/wp-content\/uploads\/2023\/03\/silhouette-g0632f3108_1280.png","articleSection":["D\u00e9veloppement personnel","Evolution de conscience"],"inLanguage":"fr-FR"},{"@type":"WebPage","@id":"https:\/\/ouvrir-son-coeur.fr\/index.php\/2023\/03\/25\/trouver-le-chemin-de-la-paix-interieure\/","url":"https:\/\/ouvrir-son-coeur.fr\/index.php\/2023\/03\/25\/trouver-le-chemin-de-la-paix-interieure\/","name":"Trouver le chemin de la paix int\u00e9rieure - Delphine ORIEUX","isPartOf":{"@id":"https:\/\/ouvrir-son-coeur.fr\/#website"},"primaryImageOfPage":{"@id":"https:\/\/ouvrir-son-coeur.fr\/index.php\/2023\/03\/25\/trouver-le-chemin-de-la-paix-interieure\/#primaryimage"},"image":{"@id":"https:\/\/ouvrir-son-coeur.fr\/index.php\/2023\/03\/25\/trouver-le-chemin-de-la-paix-interieure\/#primaryimage"},"thumbnailUrl":"https:\/\/ouvrir-son-coeur.fr\/wp-content\/uploads\/2023\/03\/silhouette-g0632f3108_1280.png","datePublished":"2023-03-25T12:26:08+00:00","dateModified":"2023-03-25T12:26:10+00:00","breadcrumb":{"@id":"https:\/\/ouvrir-son-coeur.fr\/index.php\/2023\/03\/25\/trouver-le-chemin-de-la-paix-interieure\/#breadcrumb"},"inLanguage":"fr-FR","potentialAction":[{"@type":"ReadAction","target":["https:\/\/ouvrir-son-coeur.fr\/index.php\/2023\/03\/25\/trouver-le-chemin-de-la-paix-interieure\/"]}]},{"@type":"ImageObject","inLanguage":"fr-FR","@id":"https:\/\/ouvrir-son-coeur.fr\/index.php\/2023\/03\/25\/trouver-le-chemin-de-la-paix-interieure\/#primaryimage","url":"https:\/\/ouvrir-son-coeur.fr\/wp-content\/uploads\/2023\/03\/silhouette-g0632f3108_1280.png","contentUrl":"https:\/\/ouvrir-son-coeur.fr\/wp-content\/uploads\/2023\/03\/silhouette-g0632f3108_1280.png","width":1280,"height":853},{"@type":"BreadcrumbList","@id":"https:\/\/ouvrir-son-coeur.fr\/index.php\/2023\/03\/25\/trouver-le-chemin-de-la-paix-interieure\/#breadcrumb","itemListElement":[{"@type":"ListItem","position":1,"name":"Accueil","item":"https:\/\/ouvrir-son-coeur.fr\/"},{"@type":"ListItem","position":2,"name":"Trouver le chemin de la paix int\u00e9rieure"}]},{"@type":"WebSite","@id":"https:\/\/ouvrir-son-coeur.fr\/#website","url":"https:\/\/ouvrir-son-coeur.fr\/","name":"Delphine ORIEUX","description":"Ouvrir son coeur pour un retour \u00e0 soi","publisher":{"@id":"https:\/\/ouvrir-son-coeur.fr\/#organization"},"potentialAction":[{"@type":"SearchAction","target":{"@type":"EntryPoint","urlTemplate":"https:\/\/ouvrir-son-coeur.fr\/?s={search_term_string}"},"query-input":{"@type":"PropertyValueSpecification","valueRequired":true,"valueName":"search_term_string"}}],"inLanguage":"fr-FR"},{"@type":"Organization","@id":"https:\/\/ouvrir-son-coeur.fr\/#organization","name":"Delphine ORIEUX","url":"https:\/\/ouvrir-son-coeur.fr\/","logo":{"@type":"ImageObject","inLanguage":"fr-FR","@id":"https:\/\/ouvrir-son-coeur.fr\/#\/schema\/logo\/image\/","url":"https:\/\/ouvrir-son-coeur.fr\/wp-content\/uploads\/2019\/10\/cropped-71673114_2509801119097527_6138808206555611136_o-15.jpg","contentUrl":"https:\/\/ouvrir-son-coeur.fr\/wp-content\/uploads\/2019\/10\/cropped-71673114_2509801119097527_6138808206555611136_o-15.jpg","width":546,"height":505,"caption":"Delphine ORIEUX"},"image":{"@id":"https:\/\/ouvrir-son-coeur.fr\/#\/schema\/logo\/image\/"}},{"@type":"Person","@id":"https:\/\/ouvrir-son-coeur.fr\/#\/schema\/person\/79755406436a7adaddb901ee35a4d28c","name":"Delphine","image":{"@type":"ImageObject","inLanguage":"fr-FR","@id":"https:\/\/secure.gravatar.com\/avatar\/4feb5ead4d5221e0fd82faeb7afb26cb5db06cdb420750aab1923c6a5e1ac1ac?s=96&d=mm&r=g","url":"https:\/\/secure.gravatar.com\/avatar\/4feb5ead4d5221e0fd82faeb7afb26cb5db06cdb420750aab1923c6a5e1ac1ac?s=96&d=mm&r=g","contentUrl":"https:\/\/secure.gravatar.com\/avatar\/4feb5ead4d5221e0fd82faeb7afb26cb5db06cdb420750aab1923c6a5e1ac1ac?s=96&d=mm&r=g","caption":"Delphine"},"url":"https:\/\/ouvrir-son-coeur.fr\/index.php\/author\/admin2719\/"}]}},"_links":{"self":[{"href":"https:\/\/ouvrir-son-coeur.fr\/index.php\/wp-json\/wp\/v2\/posts\/2469","targetHints":{"allow":["GET"]}}],"collection":[{"href":"https:\/\/ouvrir-son-coeur.fr\/index.php\/wp-json\/wp\/v2\/posts"}],"about":[{"href":"https:\/\/ouvrir-son-coeur.fr\/index.php\/wp-json\/wp\/v2\/types\/post"}],"author":[{"embeddable":true,"href":"https:\/\/ouvrir-son-coeur.fr\/index.php\/wp-json\/wp\/v2\/users\/1"}],"replies":[{"embeddable":true,"href":"https:\/\/ouvrir-son-coeur.fr\/index.php\/wp-json\/wp\/v2\/comments?post=2469"}],"version-history":[{"count":1,"href":"https:\/\/ouvrir-son-coeur.fr\/index.php\/wp-json\/wp\/v2\/posts\/2469\/revisions"}],"predecessor-version":[{"id":2471,"href":"https:\/\/ouvrir-son-coeur.fr\/index.php\/wp-json\/wp\/v2\/posts\/2469\/revisions\/2471"}],"wp:featuredmedia":[{"embeddable":true,"href":"https:\/\/ouvrir-son-coeur.fr\/index.php\/wp-json\/wp\/v2\/media\/2470"}],"wp:attachment":[{"href":"https:\/\/ouvrir-son-coeur.fr\/index.php\/wp-json\/wp\/v2\/media?parent=2469"}],"wp:term":[{"taxonomy":"category","embeddable":true,"href":"https:\/\/ouvrir-son-coeur.fr\/index.php\/wp-json\/wp\/v2\/categories?post=2469"},{"taxonomy":"post_tag","embeddable":true,"href":"https:\/\/ouvrir-son-coeur.fr\/index.php\/wp-json\/wp\/v2\/tags?post=2469"}],"curies":[{"name":"wp","href":"https:\/\/api.w.org\/{rel}","templated":true}]}}