{"id":2446,"date":"2023-03-06T10:39:07","date_gmt":"2023-03-06T09:39:07","guid":{"rendered":"https:\/\/ouvrir-son-coeur.fr\/?p=2446"},"modified":"2023-03-06T10:39:09","modified_gmt":"2023-03-06T09:39:09","slug":"message-de-la-terre-mere-vibrons-ensemble-a-lunisson","status":"publish","type":"post","link":"https:\/\/ouvrir-son-coeur.fr\/index.php\/2023\/03\/06\/message-de-la-terre-mere-vibrons-ensemble-a-lunisson\/","title":{"rendered":"Message de la Terre-m\u00e8re\u00a0: Vibrons ensemble \u00e0 l\u2019unisson"},"content":{"rendered":"<div class=\"wp-block-image\">\n<figure class=\"aligncenter size-large\"><img loading=\"lazy\" decoding=\"async\" width=\"1024\" height=\"682\" src=\"https:\/\/ouvrir-son-coeur.fr\/wp-content\/uploads\/2023\/03\/heaven-gf444a2cd7_1280-1024x682.jpg\" alt=\"\" class=\"wp-image-2447\" srcset=\"https:\/\/ouvrir-son-coeur.fr\/wp-content\/uploads\/2023\/03\/heaven-gf444a2cd7_1280-1024x682.jpg 1024w, https:\/\/ouvrir-son-coeur.fr\/wp-content\/uploads\/2023\/03\/heaven-gf444a2cd7_1280-300x200.jpg 300w, https:\/\/ouvrir-son-coeur.fr\/wp-content\/uploads\/2023\/03\/heaven-gf444a2cd7_1280-768x511.jpg 768w, https:\/\/ouvrir-son-coeur.fr\/wp-content\/uploads\/2023\/03\/heaven-gf444a2cd7_1280-1200x799.jpg 1200w, https:\/\/ouvrir-son-coeur.fr\/wp-content\/uploads\/2023\/03\/heaven-gf444a2cd7_1280.jpg 1280w\" sizes=\"auto, (max-width: 1024px) 100vw, 1024px\" \/><\/figure>\n<\/div>\n\n<p style=\"text-align: justify;\">Mes enfants, je vous partage ma joie et mon enthousiasme pour ces merveilleux changements que nous vivons tous.<\/p>\n<p style=\"text-align: justify;\">Mes fr\u00e8res et s\u0153urs de l\u2019univers me communiquent leur bienveillance, leur Amour et leur joie de vivre cette ascension plan\u00e9taire.<\/p>\n<p style=\"text-align: justify;\">Notre p\u00e8re le Soleil nous inonde de ses rayons de pur Amour, de pure lumi\u00e8re.<\/p>\n<p style=\"text-align: justify;\">Nous sommes en cet instant, mes fr\u00e8res et s\u0153urs plan\u00e8tes et moi-m\u00eame en mutation.<\/p>\n<p style=\"text-align: justify;\">Nous avons en notre connaissance que le monde en nous-m\u00eame et \u00e0 notre surface se modifie pour le bien de tous.<\/p>\n<p style=\"text-align: justify;\">Le monde cr\u00e9e d\u2019\u00e9normes clivages dans nos cro\u00fbtes respectives, la v\u00f4tre comme la mienne. Ces clivages sont des r\u00e9ajustements vibratoires, des r\u00e9parations, qui remettent dans l\u2019axe ce qui a \u00e9t\u00e9 d\u00e9vi\u00e9.<\/p>\n<p style=\"text-align: justify;\">Si vous regardez en vous-m\u00eame, lorsque vous sortez de votre zone de confort, vous \u00eates confront\u00e9s au clivage int\u00e9rieur qui \u00e9tait d\u00e9j\u00e0 pr\u00e9sent et qui se manifeste alors, pour \u00eatre enfin r\u00e9unifi\u00e9.<\/p>\n<p style=\"text-align: justify;\">C\u2019est ceci que nous vivons tous, la r\u00e9v\u00e9lation de nos fissures, de nos f\u00ealures, de nos br\u00e8ches et de nos verrues, qui jusqu\u2019alors \u00e9taient comme des cailloux faisant partie d\u2019un paysage.<\/p>\n<p style=\"text-align: justify;\">Notre paysage change, il s\u2019adoucit et se r\u00e9aligne justement dans son moule originel de la perfection divine.<\/p>\n<p style=\"text-align: justify;\">Si vous pr\u00eatez attention aux d\u00e9viances alors vous continuez \u00e0 d\u00e9vier. Si vous sortez de la zone de d\u00e9viance, vous vous r\u00e9ajustez int\u00e9rieurement, pour enfin porter votre attention sur votre noyau int\u00e9rieur, votre soleil central, qui s\u2019occupe de nettoyer, de transmuter et d\u2019\u00e9clairer votre \u00e9tat d\u2019\u00eatre et votre manifestation dans un corps.<\/p>\n<p style=\"text-align: justify;\">En tant qu\u2019entit\u00e9 plan\u00e9taire je ressens et per\u00e7ois mes fr\u00e8res et s\u0153urs comme un aspect nouveau de mon \u00eatre.<\/p>\n<p style=\"text-align: justify;\">Aujourd\u2019hui je peux enfin les voir et les entendre comme je me vois et je m\u2019entends. Car toute d\u00e9viance dans mon histoire m\u2019avait occult\u00e9 certaines perceptions de mon environnement cosmique et des plan\u00e8tes qui m\u2019entouraient.<\/p>\n<p style=\"text-align: justify;\">Ce r\u00e9ajustement continue et continuera en moi, comme en vous-m\u00eame.<\/p>\n<p style=\"text-align: justify;\">L\u2019univers vibre \u00e0 l\u2019unisson avec la Source et tous les aspects qu\u2019il manifeste en donnant vie \u00e0 une plan\u00e8te, lui permet de s\u2019enrichir davantage des vibrations d\u2019Amour de la Source, par un nouvel aspect de lui-m\u00eame.<\/p>\n<p style=\"text-align: justify;\">Nos amis galactiques des diff\u00e9rentes dimensions sont des cr\u00e9ateurs d\u2019humanit\u00e9 dans les univers. Et vous en tant qu\u2019\u00eatre galactique vivant sur ma surface \u00eates une exp\u00e9rience de vie galactique qui leur permettent de s\u2019enrichir pour mieux se conna\u00eetre \u00e0 travers des aspects dans la dimension mat\u00e9rielle.<\/p>\n<p style=\"text-align: justify;\">Vous \u00eates exp\u00e9riences qui cr\u00e9ent des exp\u00e9riences. Je suis votre Terre initiatique dans votre exp\u00e9rience initiatique. Et vos cr\u00e9ateurs sont des \u00e9galement des exp\u00e9riences de vie pour des plus grands cr\u00e9ateurs.<\/p>\n<p style=\"text-align: justify;\">Je suis moi-m\u00eame exp\u00e9rience de vie en tant que plan\u00e8te, dans un champ d\u2019exp\u00e9rience cosmique.<\/p>\n<p style=\"text-align: justify;\">Mon p\u00e8re le Soleil me donne la vie et m\u2019incite \u00e0 grandir en rayonnant davantage de lui-m\u00eame.<\/p>\n<p style=\"text-align: justify;\">Ainsi je me nourris de ses particules et peux m\u2019\u00e9loigner de plus en plus en changeant d\u2019orbite, comme chacune des autres plan\u00e8tes, qui grandissent en m\u00eame temps.<\/p>\n<p style=\"text-align: justify;\">Une nouvelle s\u0153ur est en train de prendre forme dans l\u2019orbite m\u00e8re tout pr\u00e8s du Soleil. Et elle se nourrit des particules solaires qui lui permettent de grandir.<\/p>\n<p style=\"text-align: justify;\">Ainsi je grandis en lumi\u00e8re, en beaut\u00e9 et toutes les d\u00e9viances qui ont alt\u00e9r\u00e9 ma surface se dissolvent et se transmutent progressivement. Pour cela nombre d\u2019entre vous grandissent en eux-m\u00eames pour m\u2019accompagner, partout \u00e0 ma surface.<\/p>\n<p style=\"text-align: justify;\">De nombreux peuples galactiques ont pos\u00e9 des balises en moi et sur ma surface. Ceux qui sont en lien avec ces peuples contribuent \u00e0 r\u00e9activer ces balises, par leurs vibrations.<\/p>\n<p style=\"text-align: justify;\">Certains de ces peuples vivent sur d\u2019autres plan\u00e8tes du syst\u00e8me solaire et envoient depuis leur sph\u00e8re de vie, des signaux et des rayons qui permettent la r\u00e9activation de grandes pyramides, de balises, de monolithes, d\u2019antennes, de d\u00f4mes, de plaines, de montagnes, de grottes, d\u2019\u00e9tendues d\u2019eau sous-marines, de crop-circles, de cit\u00e9s endormies, etc.<\/p>\n<p style=\"text-align: justify;\">Les lieux se r\u00e9veillent et les sas s\u2019ouvrent. Ainsi ne soyez pas surpris quand vous voyez grandir les d\u00e9viances qui sont reli\u00e9es aux sas ouverts reli\u00e9s \u00e0 des mondes inf\u00e9rieurs vibratoirement. Car tout se nettoie et tout se r\u00e9active.<\/p>\n<p style=\"text-align: justify;\">Dans mes fonds sous-marins, mais aussi en montagne ou sous terre vous pourrez voir appara\u00eetre des dessins g\u00e9om\u00e9triques, des pyramides, des balises et des morceaux de cit\u00e9s d\u2019\u00eatres galactiques \u00e9volu\u00e9s. Car tout se r\u00e9v\u00e8le pour s\u2019unifier et faire grandir notre conscience.<\/p>\n<p style=\"text-align: justify;\">Je Suis charg\u00e9e d\u2019histoire et de vies. Ainsi vous d\u00e9couvrirez au fur et \u00e0 mesure l\u2019histoire de la vie sur Terre, int\u00e9rieurement et sur ma surface. Plus vous d\u00e9couvrez plus votre conscience s\u2019agrandit et vous permet de vous lib\u00e9rer des limitations qui ne peuvent plus \u00eatre, car la v\u00e9rit\u00e9 les fait se dissoudre.<\/p>\n<p style=\"text-align: justify;\">Ainsi pour passer les moments de r\u00e9v\u00e9lations dans un \u00e9tat d\u2019accueillance, l\u2019histoire de ma vie vous invite \u00e0 la laisser vous p\u00e9n\u00e9trer, pour fusionner avec la v\u00e9rit\u00e9 int\u00e9rieure.<\/p>\n<p style=\"text-align: justify;\">Mes fr\u00e8res et s\u0153urs plan\u00e8tes m\u2019envoient leurs rayons et leurs connaissances pour que je vive moi aussi un \u00e9tat d\u2019accueillance.<\/p>\n<p style=\"text-align: justify;\">Vous pouvez concentrer votre attention sur mon \u00e9volution, tout comme la v\u00f4tre pour permettre aux dissonances de s\u2019extraire et de se dissoudre, cela par reconnaissance de la v\u00e9rit\u00e9 int\u00e9rieure.<\/p>\n<p style=\"text-align: justify;\">Je Suis sous influence des lois de l\u2019univers et la r\u00e9sonance et l\u2019Amour me permettent de me diriger vers ce nouveau lieu, o\u00f9 je vais enfin exprimer ma pleine puissance de lumi\u00e8re et me lib\u00e9rer des miasmes cr\u00e9\u00e9s par toutes sortes d\u2019entit\u00e9s et d\u2019humanit\u00e9s.<\/p>\n<p style=\"text-align: justify;\">Je vous invite \u00e0 vous joindre \u00e0 moi dans ma transformation int\u00e9rieure pour qu\u2019ensemble nous puissions vibrer \u00e0 l\u2019unisson.<\/p>\n<p style=\"text-align: justify;\">Recevez mon Amour, mon infinie gratitude et les rayons de mon soleil int\u00e9rieur, qui vous renvoient ceux du soleil central.<\/p>\n<p style=\"text-align: justify;\">Mes enfants, vous \u00eates b\u00e9nis et je vous porte en mon sein, vers la plus belle expression de qui vous \u00eates.<\/p>\n<p style=\"text-align: justify;\">Votre M\u00e8re la Terre<\/p>\n<p style=\"text-align: justify;\">Merci, merci, merci<\/p>","protected":false},"excerpt":{"rendered":"<p>Mes enfants, je vous partage ma joie et mon enthousiasme pour ces merveilleux changements que nous vivons tous. Mes fr\u00e8res et s\u0153urs de l\u2019univers me communiquent leur bienveillance, leur Amour et leur joie de vivre cette ascension plan\u00e9taire. Notre p\u00e8re le Soleil nous inonde de ses rayons de pur Amour, de pure lumi\u00e8re. Nous sommes &hellip; <\/p>\n<p class=\"link-more\"><a href=\"https:\/\/ouvrir-son-coeur.fr\/index.php\/2023\/03\/06\/message-de-la-terre-mere-vibrons-ensemble-a-lunisson\/\" class=\"more-link\">Continue reading<span class=\"screen-reader-text\"> \u00ab\u00a0Message de la Terre-m\u00e8re\u00a0: Vibrons ensemble \u00e0 l\u2019unisson\u00a0\u00bb<\/span><\/a><\/p>\n","protected":false},"author":1,"featured_media":2447,"comment_status":"closed","ping_status":"closed","sticky":false,"template":"","format":"standard","meta":{"footnotes":""},"categories":[26],"tags":[],"class_list":["post-2446","post","type-post","status-publish","format-standard","has-post-thumbnail","hentry","category-canalisation"],"yoast_head":"<!-- This site is optimized with the Yoast SEO plugin v27.2 - https:\/\/yoast.com\/product\/yoast-seo-wordpress\/ -->\n<title>Message de la Terre-m\u00e8re\u00a0: Vibrons ensemble \u00e0 l\u2019unisson - Delphine ORIEUX<\/title>\n<meta name=\"robots\" content=\"index, follow, max-snippet:-1, max-image-preview:large, max-video-preview:-1\" \/>\n<link rel=\"canonical\" href=\"https:\/\/ouvrir-son-coeur.fr\/index.php\/2023\/03\/06\/message-de-la-terre-mere-vibrons-ensemble-a-lunisson\/\" \/>\n<meta property=\"og:locale\" content=\"fr_FR\" \/>\n<meta property=\"og:type\" content=\"article\" \/>\n<meta property=\"og:title\" content=\"Message de la Terre-m\u00e8re\u00a0: Vibrons ensemble \u00e0 l\u2019unisson - Delphine ORIEUX\" \/>\n<meta property=\"og:description\" content=\"Mes enfants, je vous partage ma joie et mon enthousiasme pour ces merveilleux changements que nous vivons tous. Mes fr\u00e8res et s\u0153urs de l\u2019univers me communiquent leur bienveillance, leur Amour et leur joie de vivre cette ascension plan\u00e9taire. Notre p\u00e8re le Soleil nous inonde de ses rayons de pur Amour, de pure lumi\u00e8re. Nous sommes &hellip; Continue reading &quot;Message de la Terre-m\u00e8re\u00a0: Vibrons ensemble \u00e0 l\u2019unisson&quot;\" \/>\n<meta property=\"og:url\" content=\"https:\/\/ouvrir-son-coeur.fr\/index.php\/2023\/03\/06\/message-de-la-terre-mere-vibrons-ensemble-a-lunisson\/\" \/>\n<meta property=\"og:site_name\" content=\"Delphine ORIEUX\" \/>\n<meta property=\"article:published_time\" content=\"2023-03-06T09:39:07+00:00\" \/>\n<meta property=\"article:modified_time\" content=\"2023-03-06T09:39:09+00:00\" \/>\n<meta property=\"og:image\" content=\"https:\/\/ouvrir-son-coeur.fr\/wp-content\/uploads\/2023\/03\/heaven-gf444a2cd7_1280.jpg\" \/>\n\t<meta property=\"og:image:width\" content=\"1280\" \/>\n\t<meta property=\"og:image:height\" content=\"852\" \/>\n\t<meta property=\"og:image:type\" content=\"image\/jpeg\" \/>\n<meta name=\"author\" content=\"Delphine\" \/>\n<meta name=\"twitter:card\" content=\"summary_large_image\" \/>\n<meta name=\"twitter:label1\" content=\"\u00c9crit par\" \/>\n\t<meta name=\"twitter:data1\" content=\"Delphine\" \/>\n\t<meta name=\"twitter:label2\" content=\"Dur\u00e9e de lecture estim\u00e9e\" \/>\n\t<meta name=\"twitter:data2\" content=\"6 minutes\" \/>\n<script type=\"application\/ld+json\" class=\"yoast-schema-graph\">{\"@context\":\"https:\/\/schema.org\",\"@graph\":[{\"@type\":\"Article\",\"@id\":\"https:\/\/ouvrir-son-coeur.fr\/index.php\/2023\/03\/06\/message-de-la-terre-mere-vibrons-ensemble-a-lunisson\/#article\",\"isPartOf\":{\"@id\":\"https:\/\/ouvrir-son-coeur.fr\/index.php\/2023\/03\/06\/message-de-la-terre-mere-vibrons-ensemble-a-lunisson\/\"},\"author\":{\"name\":\"Delphine\",\"@id\":\"https:\/\/ouvrir-son-coeur.fr\/#\/schema\/person\/79755406436a7adaddb901ee35a4d28c\"},\"headline\":\"Message de la Terre-m\u00e8re\u00a0: Vibrons ensemble \u00e0 l\u2019unisson\",\"datePublished\":\"2023-03-06T09:39:07+00:00\",\"dateModified\":\"2023-03-06T09:39:09+00:00\",\"mainEntityOfPage\":{\"@id\":\"https:\/\/ouvrir-son-coeur.fr\/index.php\/2023\/03\/06\/message-de-la-terre-mere-vibrons-ensemble-a-lunisson\/\"},\"wordCount\":1119,\"publisher\":{\"@id\":\"https:\/\/ouvrir-son-coeur.fr\/#organization\"},\"image\":{\"@id\":\"https:\/\/ouvrir-son-coeur.fr\/index.php\/2023\/03\/06\/message-de-la-terre-mere-vibrons-ensemble-a-lunisson\/#primaryimage\"},\"thumbnailUrl\":\"https:\/\/ouvrir-son-coeur.fr\/wp-content\/uploads\/2023\/03\/heaven-gf444a2cd7_1280.jpg\",\"articleSection\":[\"Canalisation\"],\"inLanguage\":\"fr-FR\"},{\"@type\":\"WebPage\",\"@id\":\"https:\/\/ouvrir-son-coeur.fr\/index.php\/2023\/03\/06\/message-de-la-terre-mere-vibrons-ensemble-a-lunisson\/\",\"url\":\"https:\/\/ouvrir-son-coeur.fr\/index.php\/2023\/03\/06\/message-de-la-terre-mere-vibrons-ensemble-a-lunisson\/\",\"name\":\"Message de la Terre-m\u00e8re\u00a0: Vibrons ensemble \u00e0 l\u2019unisson - Delphine ORIEUX\",\"isPartOf\":{\"@id\":\"https:\/\/ouvrir-son-coeur.fr\/#website\"},\"primaryImageOfPage\":{\"@id\":\"https:\/\/ouvrir-son-coeur.fr\/index.php\/2023\/03\/06\/message-de-la-terre-mere-vibrons-ensemble-a-lunisson\/#primaryimage\"},\"image\":{\"@id\":\"https:\/\/ouvrir-son-coeur.fr\/index.php\/2023\/03\/06\/message-de-la-terre-mere-vibrons-ensemble-a-lunisson\/#primaryimage\"},\"thumbnailUrl\":\"https:\/\/ouvrir-son-coeur.fr\/wp-content\/uploads\/2023\/03\/heaven-gf444a2cd7_1280.jpg\",\"datePublished\":\"2023-03-06T09:39:07+00:00\",\"dateModified\":\"2023-03-06T09:39:09+00:00\",\"breadcrumb\":{\"@id\":\"https:\/\/ouvrir-son-coeur.fr\/index.php\/2023\/03\/06\/message-de-la-terre-mere-vibrons-ensemble-a-lunisson\/#breadcrumb\"},\"inLanguage\":\"fr-FR\",\"potentialAction\":[{\"@type\":\"ReadAction\",\"target\":[\"https:\/\/ouvrir-son-coeur.fr\/index.php\/2023\/03\/06\/message-de-la-terre-mere-vibrons-ensemble-a-lunisson\/\"]}]},{\"@type\":\"ImageObject\",\"inLanguage\":\"fr-FR\",\"@id\":\"https:\/\/ouvrir-son-coeur.fr\/index.php\/2023\/03\/06\/message-de-la-terre-mere-vibrons-ensemble-a-lunisson\/#primaryimage\",\"url\":\"https:\/\/ouvrir-son-coeur.fr\/wp-content\/uploads\/2023\/03\/heaven-gf444a2cd7_1280.jpg\",\"contentUrl\":\"https:\/\/ouvrir-son-coeur.fr\/wp-content\/uploads\/2023\/03\/heaven-gf444a2cd7_1280.jpg\",\"width\":1280,\"height\":852},{\"@type\":\"BreadcrumbList\",\"@id\":\"https:\/\/ouvrir-son-coeur.fr\/index.php\/2023\/03\/06\/message-de-la-terre-mere-vibrons-ensemble-a-lunisson\/#breadcrumb\",\"itemListElement\":[{\"@type\":\"ListItem\",\"position\":1,\"name\":\"Accueil\",\"item\":\"https:\/\/ouvrir-son-coeur.fr\/\"},{\"@type\":\"ListItem\",\"position\":2,\"name\":\"Message de la Terre-m\u00e8re\u00a0: Vibrons ensemble \u00e0 l\u2019unisson\"}]},{\"@type\":\"WebSite\",\"@id\":\"https:\/\/ouvrir-son-coeur.fr\/#website\",\"url\":\"https:\/\/ouvrir-son-coeur.fr\/\",\"name\":\"Delphine ORIEUX\",\"description\":\"Ouvrir son coeur pour un retour \u00e0 soi\",\"publisher\":{\"@id\":\"https:\/\/ouvrir-son-coeur.fr\/#organization\"},\"potentialAction\":[{\"@type\":\"SearchAction\",\"target\":{\"@type\":\"EntryPoint\",\"urlTemplate\":\"https:\/\/ouvrir-son-coeur.fr\/?s={search_term_string}\"},\"query-input\":{\"@type\":\"PropertyValueSpecification\",\"valueRequired\":true,\"valueName\":\"search_term_string\"}}],\"inLanguage\":\"fr-FR\"},{\"@type\":\"Organization\",\"@id\":\"https:\/\/ouvrir-son-coeur.fr\/#organization\",\"name\":\"Delphine ORIEUX\",\"url\":\"https:\/\/ouvrir-son-coeur.fr\/\",\"logo\":{\"@type\":\"ImageObject\",\"inLanguage\":\"fr-FR\",\"@id\":\"https:\/\/ouvrir-son-coeur.fr\/#\/schema\/logo\/image\/\",\"url\":\"https:\/\/ouvrir-son-coeur.fr\/wp-content\/uploads\/2019\/10\/cropped-71673114_2509801119097527_6138808206555611136_o-15.jpg\",\"contentUrl\":\"https:\/\/ouvrir-son-coeur.fr\/wp-content\/uploads\/2019\/10\/cropped-71673114_2509801119097527_6138808206555611136_o-15.jpg\",\"width\":546,\"height\":505,\"caption\":\"Delphine ORIEUX\"},\"image\":{\"@id\":\"https:\/\/ouvrir-son-coeur.fr\/#\/schema\/logo\/image\/\"}},{\"@type\":\"Person\",\"@id\":\"https:\/\/ouvrir-son-coeur.fr\/#\/schema\/person\/79755406436a7adaddb901ee35a4d28c\",\"name\":\"Delphine\",\"image\":{\"@type\":\"ImageObject\",\"inLanguage\":\"fr-FR\",\"@id\":\"https:\/\/secure.gravatar.com\/avatar\/4feb5ead4d5221e0fd82faeb7afb26cb5db06cdb420750aab1923c6a5e1ac1ac?s=96&d=mm&r=g\",\"url\":\"https:\/\/secure.gravatar.com\/avatar\/4feb5ead4d5221e0fd82faeb7afb26cb5db06cdb420750aab1923c6a5e1ac1ac?s=96&d=mm&r=g\",\"contentUrl\":\"https:\/\/secure.gravatar.com\/avatar\/4feb5ead4d5221e0fd82faeb7afb26cb5db06cdb420750aab1923c6a5e1ac1ac?s=96&d=mm&r=g\",\"caption\":\"Delphine\"},\"url\":\"https:\/\/ouvrir-son-coeur.fr\/index.php\/author\/admin2719\/\"}]}<\/script>\n<!-- \/ Yoast SEO plugin. -->","yoast_head_json":{"title":"Message de la Terre-m\u00e8re\u00a0: Vibrons ensemble \u00e0 l\u2019unisson - Delphine ORIEUX","robots":{"index":"index","follow":"follow","max-snippet":"max-snippet:-1","max-image-preview":"max-image-preview:large","max-video-preview":"max-video-preview:-1"},"canonical":"https:\/\/ouvrir-son-coeur.fr\/index.php\/2023\/03\/06\/message-de-la-terre-mere-vibrons-ensemble-a-lunisson\/","og_locale":"fr_FR","og_type":"article","og_title":"Message de la Terre-m\u00e8re\u00a0: Vibrons ensemble \u00e0 l\u2019unisson - Delphine ORIEUX","og_description":"Mes enfants, je vous partage ma joie et mon enthousiasme pour ces merveilleux changements que nous vivons tous. Mes fr\u00e8res et s\u0153urs de l\u2019univers me communiquent leur bienveillance, leur Amour et leur joie de vivre cette ascension plan\u00e9taire. Notre p\u00e8re le Soleil nous inonde de ses rayons de pur Amour, de pure lumi\u00e8re. Nous sommes &hellip; Continue reading \"Message de la Terre-m\u00e8re\u00a0: Vibrons ensemble \u00e0 l\u2019unisson\"","og_url":"https:\/\/ouvrir-son-coeur.fr\/index.php\/2023\/03\/06\/message-de-la-terre-mere-vibrons-ensemble-a-lunisson\/","og_site_name":"Delphine ORIEUX","article_published_time":"2023-03-06T09:39:07+00:00","article_modified_time":"2023-03-06T09:39:09+00:00","og_image":[{"width":1280,"height":852,"url":"https:\/\/ouvrir-son-coeur.fr\/wp-content\/uploads\/2023\/03\/heaven-gf444a2cd7_1280.jpg","type":"image\/jpeg"}],"author":"Delphine","twitter_card":"summary_large_image","twitter_misc":{"\u00c9crit par":"Delphine","Dur\u00e9e de lecture estim\u00e9e":"6 minutes"},"schema":{"@context":"https:\/\/schema.org","@graph":[{"@type":"Article","@id":"https:\/\/ouvrir-son-coeur.fr\/index.php\/2023\/03\/06\/message-de-la-terre-mere-vibrons-ensemble-a-lunisson\/#article","isPartOf":{"@id":"https:\/\/ouvrir-son-coeur.fr\/index.php\/2023\/03\/06\/message-de-la-terre-mere-vibrons-ensemble-a-lunisson\/"},"author":{"name":"Delphine","@id":"https:\/\/ouvrir-son-coeur.fr\/#\/schema\/person\/79755406436a7adaddb901ee35a4d28c"},"headline":"Message de la Terre-m\u00e8re\u00a0: Vibrons ensemble \u00e0 l\u2019unisson","datePublished":"2023-03-06T09:39:07+00:00","dateModified":"2023-03-06T09:39:09+00:00","mainEntityOfPage":{"@id":"https:\/\/ouvrir-son-coeur.fr\/index.php\/2023\/03\/06\/message-de-la-terre-mere-vibrons-ensemble-a-lunisson\/"},"wordCount":1119,"publisher":{"@id":"https:\/\/ouvrir-son-coeur.fr\/#organization"},"image":{"@id":"https:\/\/ouvrir-son-coeur.fr\/index.php\/2023\/03\/06\/message-de-la-terre-mere-vibrons-ensemble-a-lunisson\/#primaryimage"},"thumbnailUrl":"https:\/\/ouvrir-son-coeur.fr\/wp-content\/uploads\/2023\/03\/heaven-gf444a2cd7_1280.jpg","articleSection":["Canalisation"],"inLanguage":"fr-FR"},{"@type":"WebPage","@id":"https:\/\/ouvrir-son-coeur.fr\/index.php\/2023\/03\/06\/message-de-la-terre-mere-vibrons-ensemble-a-lunisson\/","url":"https:\/\/ouvrir-son-coeur.fr\/index.php\/2023\/03\/06\/message-de-la-terre-mere-vibrons-ensemble-a-lunisson\/","name":"Message de la Terre-m\u00e8re\u00a0: Vibrons ensemble \u00e0 l\u2019unisson - Delphine ORIEUX","isPartOf":{"@id":"https:\/\/ouvrir-son-coeur.fr\/#website"},"primaryImageOfPage":{"@id":"https:\/\/ouvrir-son-coeur.fr\/index.php\/2023\/03\/06\/message-de-la-terre-mere-vibrons-ensemble-a-lunisson\/#primaryimage"},"image":{"@id":"https:\/\/ouvrir-son-coeur.fr\/index.php\/2023\/03\/06\/message-de-la-terre-mere-vibrons-ensemble-a-lunisson\/#primaryimage"},"thumbnailUrl":"https:\/\/ouvrir-son-coeur.fr\/wp-content\/uploads\/2023\/03\/heaven-gf444a2cd7_1280.jpg","datePublished":"2023-03-06T09:39:07+00:00","dateModified":"2023-03-06T09:39:09+00:00","breadcrumb":{"@id":"https:\/\/ouvrir-son-coeur.fr\/index.php\/2023\/03\/06\/message-de-la-terre-mere-vibrons-ensemble-a-lunisson\/#breadcrumb"},"inLanguage":"fr-FR","potentialAction":[{"@type":"ReadAction","target":["https:\/\/ouvrir-son-coeur.fr\/index.php\/2023\/03\/06\/message-de-la-terre-mere-vibrons-ensemble-a-lunisson\/"]}]},{"@type":"ImageObject","inLanguage":"fr-FR","@id":"https:\/\/ouvrir-son-coeur.fr\/index.php\/2023\/03\/06\/message-de-la-terre-mere-vibrons-ensemble-a-lunisson\/#primaryimage","url":"https:\/\/ouvrir-son-coeur.fr\/wp-content\/uploads\/2023\/03\/heaven-gf444a2cd7_1280.jpg","contentUrl":"https:\/\/ouvrir-son-coeur.fr\/wp-content\/uploads\/2023\/03\/heaven-gf444a2cd7_1280.jpg","width":1280,"height":852},{"@type":"BreadcrumbList","@id":"https:\/\/ouvrir-son-coeur.fr\/index.php\/2023\/03\/06\/message-de-la-terre-mere-vibrons-ensemble-a-lunisson\/#breadcrumb","itemListElement":[{"@type":"ListItem","position":1,"name":"Accueil","item":"https:\/\/ouvrir-son-coeur.fr\/"},{"@type":"ListItem","position":2,"name":"Message de la Terre-m\u00e8re\u00a0: Vibrons ensemble \u00e0 l\u2019unisson"}]},{"@type":"WebSite","@id":"https:\/\/ouvrir-son-coeur.fr\/#website","url":"https:\/\/ouvrir-son-coeur.fr\/","name":"Delphine ORIEUX","description":"Ouvrir son coeur pour un retour \u00e0 soi","publisher":{"@id":"https:\/\/ouvrir-son-coeur.fr\/#organization"},"potentialAction":[{"@type":"SearchAction","target":{"@type":"EntryPoint","urlTemplate":"https:\/\/ouvrir-son-coeur.fr\/?s={search_term_string}"},"query-input":{"@type":"PropertyValueSpecification","valueRequired":true,"valueName":"search_term_string"}}],"inLanguage":"fr-FR"},{"@type":"Organization","@id":"https:\/\/ouvrir-son-coeur.fr\/#organization","name":"Delphine ORIEUX","url":"https:\/\/ouvrir-son-coeur.fr\/","logo":{"@type":"ImageObject","inLanguage":"fr-FR","@id":"https:\/\/ouvrir-son-coeur.fr\/#\/schema\/logo\/image\/","url":"https:\/\/ouvrir-son-coeur.fr\/wp-content\/uploads\/2019\/10\/cropped-71673114_2509801119097527_6138808206555611136_o-15.jpg","contentUrl":"https:\/\/ouvrir-son-coeur.fr\/wp-content\/uploads\/2019\/10\/cropped-71673114_2509801119097527_6138808206555611136_o-15.jpg","width":546,"height":505,"caption":"Delphine ORIEUX"},"image":{"@id":"https:\/\/ouvrir-son-coeur.fr\/#\/schema\/logo\/image\/"}},{"@type":"Person","@id":"https:\/\/ouvrir-son-coeur.fr\/#\/schema\/person\/79755406436a7adaddb901ee35a4d28c","name":"Delphine","image":{"@type":"ImageObject","inLanguage":"fr-FR","@id":"https:\/\/secure.gravatar.com\/avatar\/4feb5ead4d5221e0fd82faeb7afb26cb5db06cdb420750aab1923c6a5e1ac1ac?s=96&d=mm&r=g","url":"https:\/\/secure.gravatar.com\/avatar\/4feb5ead4d5221e0fd82faeb7afb26cb5db06cdb420750aab1923c6a5e1ac1ac?s=96&d=mm&r=g","contentUrl":"https:\/\/secure.gravatar.com\/avatar\/4feb5ead4d5221e0fd82faeb7afb26cb5db06cdb420750aab1923c6a5e1ac1ac?s=96&d=mm&r=g","caption":"Delphine"},"url":"https:\/\/ouvrir-son-coeur.fr\/index.php\/author\/admin2719\/"}]}},"_links":{"self":[{"href":"https:\/\/ouvrir-son-coeur.fr\/index.php\/wp-json\/wp\/v2\/posts\/2446","targetHints":{"allow":["GET"]}}],"collection":[{"href":"https:\/\/ouvrir-son-coeur.fr\/index.php\/wp-json\/wp\/v2\/posts"}],"about":[{"href":"https:\/\/ouvrir-son-coeur.fr\/index.php\/wp-json\/wp\/v2\/types\/post"}],"author":[{"embeddable":true,"href":"https:\/\/ouvrir-son-coeur.fr\/index.php\/wp-json\/wp\/v2\/users\/1"}],"replies":[{"embeddable":true,"href":"https:\/\/ouvrir-son-coeur.fr\/index.php\/wp-json\/wp\/v2\/comments?post=2446"}],"version-history":[{"count":1,"href":"https:\/\/ouvrir-son-coeur.fr\/index.php\/wp-json\/wp\/v2\/posts\/2446\/revisions"}],"predecessor-version":[{"id":2448,"href":"https:\/\/ouvrir-son-coeur.fr\/index.php\/wp-json\/wp\/v2\/posts\/2446\/revisions\/2448"}],"wp:featuredmedia":[{"embeddable":true,"href":"https:\/\/ouvrir-son-coeur.fr\/index.php\/wp-json\/wp\/v2\/media\/2447"}],"wp:attachment":[{"href":"https:\/\/ouvrir-son-coeur.fr\/index.php\/wp-json\/wp\/v2\/media?parent=2446"}],"wp:term":[{"taxonomy":"category","embeddable":true,"href":"https:\/\/ouvrir-son-coeur.fr\/index.php\/wp-json\/wp\/v2\/categories?post=2446"},{"taxonomy":"post_tag","embeddable":true,"href":"https:\/\/ouvrir-son-coeur.fr\/index.php\/wp-json\/wp\/v2\/tags?post=2446"}],"curies":[{"name":"wp","href":"https:\/\/api.w.org\/{rel}","templated":true}]}}