{"id":2352,"date":"2023-01-09T08:22:36","date_gmt":"2023-01-09T07:22:36","guid":{"rendered":"https:\/\/ouvrir-son-coeur.fr\/?p=2352"},"modified":"2023-01-09T08:28:40","modified_gmt":"2023-01-09T07:28:40","slug":"sunir-activement-pour-enrichir-le-monde","status":"publish","type":"post","link":"https:\/\/ouvrir-son-coeur.fr\/index.php\/2023\/01\/09\/sunir-activement-pour-enrichir-le-monde\/","title":{"rendered":"S\u2019Unir activement pour enrichir le monde"},"content":{"rendered":"<div class=\"wp-block-image\">\n<figure class=\"aligncenter size-large\"><img loading=\"lazy\" decoding=\"async\" width=\"1024\" height=\"724\" src=\"https:\/\/ouvrir-son-coeur.fr\/wp-content\/uploads\/2023\/01\/hands-g9e88438c5_1280-1024x724.jpg\" alt=\"\" class=\"wp-image-2353\" srcset=\"https:\/\/ouvrir-son-coeur.fr\/wp-content\/uploads\/2023\/01\/hands-g9e88438c5_1280-1024x724.jpg 1024w, https:\/\/ouvrir-son-coeur.fr\/wp-content\/uploads\/2023\/01\/hands-g9e88438c5_1280-300x212.jpg 300w, https:\/\/ouvrir-son-coeur.fr\/wp-content\/uploads\/2023\/01\/hands-g9e88438c5_1280-768x543.jpg 768w, https:\/\/ouvrir-son-coeur.fr\/wp-content\/uploads\/2023\/01\/hands-g9e88438c5_1280-1200x848.jpg 1200w, https:\/\/ouvrir-son-coeur.fr\/wp-content\/uploads\/2023\/01\/hands-g9e88438c5_1280.jpg 1280w\" sizes=\"auto, (max-width: 1024px) 100vw, 1024px\" \/><\/figure>\n<\/div>\n\n<p style=\"text-align: justify;\">Chers fr\u00e8res et s\u0153urs de lumi\u00e8re, nous sommes tr\u00e8s honor\u00e9s de venir aupr\u00e8s de vous pour d\u00e9livrer notre Amour, \u00e0 ceux qui sont pr\u00eats \u00e0 le recevoir.<\/p>\n<p style=\"text-align: justify;\">Nous avons toujours \u00e9t\u00e9 activistes dans notre mani\u00e8re de percevoir le monde et dans la fa\u00e7on dont nous partageons nos exp\u00e9riences.<\/p>\n<p style=\"text-align: justify;\">\u00catre activiste sous-entend \u00eatre en activit\u00e9 pour mettre quelque chose en action. Et concernant nos activit\u00e9s cela a toujours \u00e9t\u00e9 depuis notre c\u0153ur.<\/p>\n<p style=\"text-align: justify;\">Nous ne ressentons pas le besoin de nous agiter, d\u2019aller \u00e0 l\u2019encontre de quelqu\u2019un ou de prouver quelque chose. Parce que nous vivons au plus pr\u00e8s de notre \u00eatre sup\u00e9rieur, dans un d\u00e9sir absolu d\u2019\u00eatre au service de celui-ci.<\/p>\n<p style=\"text-align: justify;\">Et notre \u00eatre sup\u00e9rieur a la volont\u00e9 de gu\u00e9rir, de prot\u00e9ger, d\u2019unir et d\u2019aimer. Lorsque nous employons le mot \u00ab\u00a0Aimer\u00a0\u00bb, cela concerne le plan subtil, qui est impr\u00e9gn\u00e9 de l\u2019\u00e9nergie tout Amour, qui permet la coh\u00e9sion en tout \u00eatre et en toute chose.<\/p>\n<p style=\"text-align: justify;\">Pour nous, Aimer revient \u00e0 \u00eatre simplement dans le flux de notre \u00eatre Source, qui nous emplit de la volont\u00e9 de nous unir \u00e0 tout ce qui est et \u00e0 tous ce qui existe au sein de ce qui est.<\/p>\n<p style=\"text-align: justify;\">Vous fa\u00eetes partie de ce qui existe, nous en faisons partie ainsi que tous les \u00eatres que vous aimez et que vous souhaitez tant d\u00e9fendre.<\/p>\n<p style=\"text-align: justify;\">Peut-\u00eatre est-il temps pour vous d\u2019Aimer en vous laissant impr\u00e9gner par cette \u00e9nergie coh\u00e9sive qui unit, par votre volont\u00e9 d\u2019\u00eatre au plus pr\u00e8s de votre Source.<\/p>\n<p style=\"text-align: justify;\">En vous laissant guider par ce flux divin, vous vous lierez par Amour \u00e0 tout ce qui vous entoure et vous permettrez plus de coh\u00e9sion autour de vous et dans votre monde.<\/p>\n<p style=\"text-align: justify;\">Les associations de personnes qui prot\u00e8gent ne sont-elles pas cr\u00e9\u00e9es dans le but d\u2019unir toutes les personnes \u00e0 \u00eatre concern\u00e9es par les causes que vous aimez tant d\u00e9fendre\u00a0?<\/p>\n<p style=\"text-align: justify;\">En vous positionnant sur la d\u00e9fensive, naturellement vous suivez le flow de vos m\u00e9canismes de d\u00e9fense et d\u2019attaque qui d\u00e9noncent, qui guerroient contre quelqu\u2019un ou quelque chose.<\/p>\n<p style=\"text-align: justify;\">En souhaitant unir, vous avez la possibilit\u00e9 d\u2019\u00eatre \u00e0 l\u2019\u00e9coute de tous les \u00eatres concern\u00e9s, pour \u00eatre \u00e0 l\u2019\u00e9coute des v\u00e9ritables causes qui poussent les uns et les autres \u00e0 agir, \u00e0 dire ou \u00e0 penser d\u2019une certaine mani\u00e8re.<\/p>\n<p style=\"text-align: justify;\">\u00catre \u00e0 l\u2019\u00e9coute est la premi\u00e8re \u00e9tape de la reconnaissance d\u2019une cause, puis s\u2019ensuit la reconnaissance des \u00e9motions et blessures qui sont activ\u00e9es par ces causes. Ensuite chaque acteur contribue \u00e0 faire perdurer la cause ou \u00e0 la lib\u00e9rer, pour mettre fin aux cons\u00e9quences.<\/p>\n<p style=\"text-align: justify;\">Dans ce sens, vous pouvez choisir d\u2019\u00eatre v\u00e9ritablement en Amour pour tous ceux qui guerroient, en leur offrant la possibilit\u00e9 de reconna\u00eetre quelles sont les causes qui motivent leurs comportements, au lieu de vouloir leur prouver qu\u2019une autre mani\u00e8re de percevoir est meilleure que la leur et de leur barrer la route. Car cela ne fait qu\u2019inciter \u00e0 continuer \u00e0 guerroyer encore plus.<\/p>\n<p style=\"text-align: justify;\">Vous Unir en tant qu\u2019humains n\u00e9cessite de vous observer, de vous \u00e9couter et de savoir donner la parole, donner une consid\u00e9ration, \u00e0 ceux qui ont besoin d\u2019exprimer quelque chose, pour se lib\u00e9rer et pour offrir au monde ce qu\u2019il y a de meilleur en eux.<\/p>\n<p style=\"text-align: justify;\">Dans ce sens les associations que vous cr\u00e9ez, modifient et modifieront encore plus votre vision du monde, qui \u00e9voluera vers ce que votre Source \u00e9met de plus beau, en vous.<\/p>\n<p style=\"text-align: justify;\">Soyez davantage \u00e0 l\u2019\u00e9coute de vos propres valeurs et ainsi vous transmettrez par votre Amour l\u2019envie de partager leurs valeurs \u00e0 ceux qui vous entourent. Et ensemble, en vous unissant, vous serez tous des activistes du c\u0153ur, qui mettent au service leurs activit\u00e9s d\u2019Amour dans le monde, en consid\u00e9rant chaque Un comme il est.<\/p>\n<p style=\"text-align: justify;\">Nous vous envoyons tout notre Amour, notre soutien et nous vous enveloppons de toute notre bienveillance.<\/p>\n<p style=\"text-align: justify;\">Recevez notre vision du c\u0153ur, comme une offrande de lumi\u00e8re de votre Soi divin.<\/p>\n<p style=\"text-align: justify;\">Vos fr\u00e8res et s\u0153urs de lumi\u00e8re, des Pl\u00e9iades.<\/p>\n<p style=\"text-align: justify;\">Merci, merci, merci<\/p>","protected":false},"excerpt":{"rendered":"<p>Chers fr\u00e8res et s\u0153urs de lumi\u00e8re, nous sommes tr\u00e8s honor\u00e9s de venir aupr\u00e8s de vous pour d\u00e9livrer notre Amour, \u00e0 ceux qui sont pr\u00eats \u00e0 le recevoir. Nous avons toujours \u00e9t\u00e9 activistes dans notre mani\u00e8re de percevoir le monde et dans la fa\u00e7on dont nous partageons nos exp\u00e9riences. \u00catre activiste sous-entend \u00eatre en activit\u00e9 pour &hellip; <\/p>\n<p class=\"link-more\"><a href=\"https:\/\/ouvrir-son-coeur.fr\/index.php\/2023\/01\/09\/sunir-activement-pour-enrichir-le-monde\/\" class=\"more-link\">Continue reading<span class=\"screen-reader-text\"> \u00ab\u00a0S\u2019Unir activement pour enrichir le monde\u00a0\u00bb<\/span><\/a><\/p>\n","protected":false},"author":1,"featured_media":2353,"comment_status":"closed","ping_status":"closed","sticky":false,"template":"","format":"standard","meta":{"footnotes":""},"categories":[26],"tags":[],"class_list":["post-2352","post","type-post","status-publish","format-standard","has-post-thumbnail","hentry","category-canalisation"],"yoast_head":"<!-- This site is optimized with the Yoast SEO plugin v27.2 - https:\/\/yoast.com\/product\/yoast-seo-wordpress\/ -->\n<title>S\u2019Unir activement pour enrichir le monde - Delphine ORIEUX<\/title>\n<meta name=\"robots\" content=\"index, follow, max-snippet:-1, max-image-preview:large, max-video-preview:-1\" \/>\n<link rel=\"canonical\" href=\"https:\/\/ouvrir-son-coeur.fr\/index.php\/2023\/01\/09\/sunir-activement-pour-enrichir-le-monde\/\" \/>\n<meta property=\"og:locale\" content=\"fr_FR\" \/>\n<meta property=\"og:type\" content=\"article\" \/>\n<meta property=\"og:title\" content=\"S\u2019Unir activement pour enrichir le monde - Delphine ORIEUX\" \/>\n<meta property=\"og:description\" content=\"Chers fr\u00e8res et s\u0153urs de lumi\u00e8re, nous sommes tr\u00e8s honor\u00e9s de venir aupr\u00e8s de vous pour d\u00e9livrer notre Amour, \u00e0 ceux qui sont pr\u00eats \u00e0 le recevoir. Nous avons toujours \u00e9t\u00e9 activistes dans notre mani\u00e8re de percevoir le monde et dans la fa\u00e7on dont nous partageons nos exp\u00e9riences. \u00catre activiste sous-entend \u00eatre en activit\u00e9 pour &hellip; Continue reading &quot;S\u2019Unir activement pour enrichir le monde&quot;\" \/>\n<meta property=\"og:url\" content=\"https:\/\/ouvrir-son-coeur.fr\/index.php\/2023\/01\/09\/sunir-activement-pour-enrichir-le-monde\/\" \/>\n<meta property=\"og:site_name\" content=\"Delphine ORIEUX\" \/>\n<meta property=\"article:published_time\" content=\"2023-01-09T07:22:36+00:00\" \/>\n<meta property=\"article:modified_time\" content=\"2023-01-09T07:28:40+00:00\" \/>\n<meta property=\"og:image\" content=\"https:\/\/ouvrir-son-coeur.fr\/wp-content\/uploads\/2023\/01\/hands-g9e88438c5_1280.jpg\" \/>\n\t<meta property=\"og:image:width\" content=\"1280\" \/>\n\t<meta property=\"og:image:height\" content=\"905\" \/>\n\t<meta property=\"og:image:type\" content=\"image\/jpeg\" \/>\n<meta name=\"author\" content=\"Delphine\" \/>\n<meta name=\"twitter:card\" content=\"summary_large_image\" \/>\n<meta name=\"twitter:label1\" content=\"\u00c9crit par\" \/>\n\t<meta name=\"twitter:data1\" content=\"Delphine\" \/>\n\t<meta name=\"twitter:label2\" content=\"Dur\u00e9e de lecture estim\u00e9e\" \/>\n\t<meta name=\"twitter:data2\" content=\"4 minutes\" \/>\n<script type=\"application\/ld+json\" class=\"yoast-schema-graph\">{\"@context\":\"https:\/\/schema.org\",\"@graph\":[{\"@type\":\"Article\",\"@id\":\"https:\/\/ouvrir-son-coeur.fr\/index.php\/2023\/01\/09\/sunir-activement-pour-enrichir-le-monde\/#article\",\"isPartOf\":{\"@id\":\"https:\/\/ouvrir-son-coeur.fr\/index.php\/2023\/01\/09\/sunir-activement-pour-enrichir-le-monde\/\"},\"author\":{\"name\":\"Delphine\",\"@id\":\"https:\/\/ouvrir-son-coeur.fr\/#\/schema\/person\/79755406436a7adaddb901ee35a4d28c\"},\"headline\":\"S\u2019Unir activement pour enrichir le monde\",\"datePublished\":\"2023-01-09T07:22:36+00:00\",\"dateModified\":\"2023-01-09T07:28:40+00:00\",\"mainEntityOfPage\":{\"@id\":\"https:\/\/ouvrir-son-coeur.fr\/index.php\/2023\/01\/09\/sunir-activement-pour-enrichir-le-monde\/\"},\"wordCount\":720,\"publisher\":{\"@id\":\"https:\/\/ouvrir-son-coeur.fr\/#organization\"},\"image\":{\"@id\":\"https:\/\/ouvrir-son-coeur.fr\/index.php\/2023\/01\/09\/sunir-activement-pour-enrichir-le-monde\/#primaryimage\"},\"thumbnailUrl\":\"https:\/\/ouvrir-son-coeur.fr\/wp-content\/uploads\/2023\/01\/hands-g9e88438c5_1280.jpg\",\"articleSection\":[\"Canalisation\"],\"inLanguage\":\"fr-FR\"},{\"@type\":\"WebPage\",\"@id\":\"https:\/\/ouvrir-son-coeur.fr\/index.php\/2023\/01\/09\/sunir-activement-pour-enrichir-le-monde\/\",\"url\":\"https:\/\/ouvrir-son-coeur.fr\/index.php\/2023\/01\/09\/sunir-activement-pour-enrichir-le-monde\/\",\"name\":\"S\u2019Unir activement pour enrichir le monde - Delphine ORIEUX\",\"isPartOf\":{\"@id\":\"https:\/\/ouvrir-son-coeur.fr\/#website\"},\"primaryImageOfPage\":{\"@id\":\"https:\/\/ouvrir-son-coeur.fr\/index.php\/2023\/01\/09\/sunir-activement-pour-enrichir-le-monde\/#primaryimage\"},\"image\":{\"@id\":\"https:\/\/ouvrir-son-coeur.fr\/index.php\/2023\/01\/09\/sunir-activement-pour-enrichir-le-monde\/#primaryimage\"},\"thumbnailUrl\":\"https:\/\/ouvrir-son-coeur.fr\/wp-content\/uploads\/2023\/01\/hands-g9e88438c5_1280.jpg\",\"datePublished\":\"2023-01-09T07:22:36+00:00\",\"dateModified\":\"2023-01-09T07:28:40+00:00\",\"breadcrumb\":{\"@id\":\"https:\/\/ouvrir-son-coeur.fr\/index.php\/2023\/01\/09\/sunir-activement-pour-enrichir-le-monde\/#breadcrumb\"},\"inLanguage\":\"fr-FR\",\"potentialAction\":[{\"@type\":\"ReadAction\",\"target\":[\"https:\/\/ouvrir-son-coeur.fr\/index.php\/2023\/01\/09\/sunir-activement-pour-enrichir-le-monde\/\"]}]},{\"@type\":\"ImageObject\",\"inLanguage\":\"fr-FR\",\"@id\":\"https:\/\/ouvrir-son-coeur.fr\/index.php\/2023\/01\/09\/sunir-activement-pour-enrichir-le-monde\/#primaryimage\",\"url\":\"https:\/\/ouvrir-son-coeur.fr\/wp-content\/uploads\/2023\/01\/hands-g9e88438c5_1280.jpg\",\"contentUrl\":\"https:\/\/ouvrir-son-coeur.fr\/wp-content\/uploads\/2023\/01\/hands-g9e88438c5_1280.jpg\",\"width\":1280,\"height\":905},{\"@type\":\"BreadcrumbList\",\"@id\":\"https:\/\/ouvrir-son-coeur.fr\/index.php\/2023\/01\/09\/sunir-activement-pour-enrichir-le-monde\/#breadcrumb\",\"itemListElement\":[{\"@type\":\"ListItem\",\"position\":1,\"name\":\"Accueil\",\"item\":\"https:\/\/ouvrir-son-coeur.fr\/\"},{\"@type\":\"ListItem\",\"position\":2,\"name\":\"S\u2019Unir activement pour enrichir le monde\"}]},{\"@type\":\"WebSite\",\"@id\":\"https:\/\/ouvrir-son-coeur.fr\/#website\",\"url\":\"https:\/\/ouvrir-son-coeur.fr\/\",\"name\":\"Delphine ORIEUX\",\"description\":\"Ouvrir son coeur pour un retour \u00e0 soi\",\"publisher\":{\"@id\":\"https:\/\/ouvrir-son-coeur.fr\/#organization\"},\"potentialAction\":[{\"@type\":\"SearchAction\",\"target\":{\"@type\":\"EntryPoint\",\"urlTemplate\":\"https:\/\/ouvrir-son-coeur.fr\/?s={search_term_string}\"},\"query-input\":{\"@type\":\"PropertyValueSpecification\",\"valueRequired\":true,\"valueName\":\"search_term_string\"}}],\"inLanguage\":\"fr-FR\"},{\"@type\":\"Organization\",\"@id\":\"https:\/\/ouvrir-son-coeur.fr\/#organization\",\"name\":\"Delphine ORIEUX\",\"url\":\"https:\/\/ouvrir-son-coeur.fr\/\",\"logo\":{\"@type\":\"ImageObject\",\"inLanguage\":\"fr-FR\",\"@id\":\"https:\/\/ouvrir-son-coeur.fr\/#\/schema\/logo\/image\/\",\"url\":\"https:\/\/ouvrir-son-coeur.fr\/wp-content\/uploads\/2019\/10\/cropped-71673114_2509801119097527_6138808206555611136_o-15.jpg\",\"contentUrl\":\"https:\/\/ouvrir-son-coeur.fr\/wp-content\/uploads\/2019\/10\/cropped-71673114_2509801119097527_6138808206555611136_o-15.jpg\",\"width\":546,\"height\":505,\"caption\":\"Delphine ORIEUX\"},\"image\":{\"@id\":\"https:\/\/ouvrir-son-coeur.fr\/#\/schema\/logo\/image\/\"}},{\"@type\":\"Person\",\"@id\":\"https:\/\/ouvrir-son-coeur.fr\/#\/schema\/person\/79755406436a7adaddb901ee35a4d28c\",\"name\":\"Delphine\",\"image\":{\"@type\":\"ImageObject\",\"inLanguage\":\"fr-FR\",\"@id\":\"https:\/\/secure.gravatar.com\/avatar\/4feb5ead4d5221e0fd82faeb7afb26cb5db06cdb420750aab1923c6a5e1ac1ac?s=96&d=mm&r=g\",\"url\":\"https:\/\/secure.gravatar.com\/avatar\/4feb5ead4d5221e0fd82faeb7afb26cb5db06cdb420750aab1923c6a5e1ac1ac?s=96&d=mm&r=g\",\"contentUrl\":\"https:\/\/secure.gravatar.com\/avatar\/4feb5ead4d5221e0fd82faeb7afb26cb5db06cdb420750aab1923c6a5e1ac1ac?s=96&d=mm&r=g\",\"caption\":\"Delphine\"},\"url\":\"https:\/\/ouvrir-son-coeur.fr\/index.php\/author\/admin2719\/\"}]}<\/script>\n<!-- \/ Yoast SEO plugin. -->","yoast_head_json":{"title":"S\u2019Unir activement pour enrichir le monde - Delphine ORIEUX","robots":{"index":"index","follow":"follow","max-snippet":"max-snippet:-1","max-image-preview":"max-image-preview:large","max-video-preview":"max-video-preview:-1"},"canonical":"https:\/\/ouvrir-son-coeur.fr\/index.php\/2023\/01\/09\/sunir-activement-pour-enrichir-le-monde\/","og_locale":"fr_FR","og_type":"article","og_title":"S\u2019Unir activement pour enrichir le monde - Delphine ORIEUX","og_description":"Chers fr\u00e8res et s\u0153urs de lumi\u00e8re, nous sommes tr\u00e8s honor\u00e9s de venir aupr\u00e8s de vous pour d\u00e9livrer notre Amour, \u00e0 ceux qui sont pr\u00eats \u00e0 le recevoir. Nous avons toujours \u00e9t\u00e9 activistes dans notre mani\u00e8re de percevoir le monde et dans la fa\u00e7on dont nous partageons nos exp\u00e9riences. \u00catre activiste sous-entend \u00eatre en activit\u00e9 pour &hellip; Continue reading \"S\u2019Unir activement pour enrichir le monde\"","og_url":"https:\/\/ouvrir-son-coeur.fr\/index.php\/2023\/01\/09\/sunir-activement-pour-enrichir-le-monde\/","og_site_name":"Delphine ORIEUX","article_published_time":"2023-01-09T07:22:36+00:00","article_modified_time":"2023-01-09T07:28:40+00:00","og_image":[{"width":1280,"height":905,"url":"https:\/\/ouvrir-son-coeur.fr\/wp-content\/uploads\/2023\/01\/hands-g9e88438c5_1280.jpg","type":"image\/jpeg"}],"author":"Delphine","twitter_card":"summary_large_image","twitter_misc":{"\u00c9crit par":"Delphine","Dur\u00e9e de lecture estim\u00e9e":"4 minutes"},"schema":{"@context":"https:\/\/schema.org","@graph":[{"@type":"Article","@id":"https:\/\/ouvrir-son-coeur.fr\/index.php\/2023\/01\/09\/sunir-activement-pour-enrichir-le-monde\/#article","isPartOf":{"@id":"https:\/\/ouvrir-son-coeur.fr\/index.php\/2023\/01\/09\/sunir-activement-pour-enrichir-le-monde\/"},"author":{"name":"Delphine","@id":"https:\/\/ouvrir-son-coeur.fr\/#\/schema\/person\/79755406436a7adaddb901ee35a4d28c"},"headline":"S\u2019Unir activement pour enrichir le monde","datePublished":"2023-01-09T07:22:36+00:00","dateModified":"2023-01-09T07:28:40+00:00","mainEntityOfPage":{"@id":"https:\/\/ouvrir-son-coeur.fr\/index.php\/2023\/01\/09\/sunir-activement-pour-enrichir-le-monde\/"},"wordCount":720,"publisher":{"@id":"https:\/\/ouvrir-son-coeur.fr\/#organization"},"image":{"@id":"https:\/\/ouvrir-son-coeur.fr\/index.php\/2023\/01\/09\/sunir-activement-pour-enrichir-le-monde\/#primaryimage"},"thumbnailUrl":"https:\/\/ouvrir-son-coeur.fr\/wp-content\/uploads\/2023\/01\/hands-g9e88438c5_1280.jpg","articleSection":["Canalisation"],"inLanguage":"fr-FR"},{"@type":"WebPage","@id":"https:\/\/ouvrir-son-coeur.fr\/index.php\/2023\/01\/09\/sunir-activement-pour-enrichir-le-monde\/","url":"https:\/\/ouvrir-son-coeur.fr\/index.php\/2023\/01\/09\/sunir-activement-pour-enrichir-le-monde\/","name":"S\u2019Unir activement pour enrichir le monde - Delphine ORIEUX","isPartOf":{"@id":"https:\/\/ouvrir-son-coeur.fr\/#website"},"primaryImageOfPage":{"@id":"https:\/\/ouvrir-son-coeur.fr\/index.php\/2023\/01\/09\/sunir-activement-pour-enrichir-le-monde\/#primaryimage"},"image":{"@id":"https:\/\/ouvrir-son-coeur.fr\/index.php\/2023\/01\/09\/sunir-activement-pour-enrichir-le-monde\/#primaryimage"},"thumbnailUrl":"https:\/\/ouvrir-son-coeur.fr\/wp-content\/uploads\/2023\/01\/hands-g9e88438c5_1280.jpg","datePublished":"2023-01-09T07:22:36+00:00","dateModified":"2023-01-09T07:28:40+00:00","breadcrumb":{"@id":"https:\/\/ouvrir-son-coeur.fr\/index.php\/2023\/01\/09\/sunir-activement-pour-enrichir-le-monde\/#breadcrumb"},"inLanguage":"fr-FR","potentialAction":[{"@type":"ReadAction","target":["https:\/\/ouvrir-son-coeur.fr\/index.php\/2023\/01\/09\/sunir-activement-pour-enrichir-le-monde\/"]}]},{"@type":"ImageObject","inLanguage":"fr-FR","@id":"https:\/\/ouvrir-son-coeur.fr\/index.php\/2023\/01\/09\/sunir-activement-pour-enrichir-le-monde\/#primaryimage","url":"https:\/\/ouvrir-son-coeur.fr\/wp-content\/uploads\/2023\/01\/hands-g9e88438c5_1280.jpg","contentUrl":"https:\/\/ouvrir-son-coeur.fr\/wp-content\/uploads\/2023\/01\/hands-g9e88438c5_1280.jpg","width":1280,"height":905},{"@type":"BreadcrumbList","@id":"https:\/\/ouvrir-son-coeur.fr\/index.php\/2023\/01\/09\/sunir-activement-pour-enrichir-le-monde\/#breadcrumb","itemListElement":[{"@type":"ListItem","position":1,"name":"Accueil","item":"https:\/\/ouvrir-son-coeur.fr\/"},{"@type":"ListItem","position":2,"name":"S\u2019Unir activement pour enrichir le monde"}]},{"@type":"WebSite","@id":"https:\/\/ouvrir-son-coeur.fr\/#website","url":"https:\/\/ouvrir-son-coeur.fr\/","name":"Delphine ORIEUX","description":"Ouvrir son coeur pour un retour \u00e0 soi","publisher":{"@id":"https:\/\/ouvrir-son-coeur.fr\/#organization"},"potentialAction":[{"@type":"SearchAction","target":{"@type":"EntryPoint","urlTemplate":"https:\/\/ouvrir-son-coeur.fr\/?s={search_term_string}"},"query-input":{"@type":"PropertyValueSpecification","valueRequired":true,"valueName":"search_term_string"}}],"inLanguage":"fr-FR"},{"@type":"Organization","@id":"https:\/\/ouvrir-son-coeur.fr\/#organization","name":"Delphine ORIEUX","url":"https:\/\/ouvrir-son-coeur.fr\/","logo":{"@type":"ImageObject","inLanguage":"fr-FR","@id":"https:\/\/ouvrir-son-coeur.fr\/#\/schema\/logo\/image\/","url":"https:\/\/ouvrir-son-coeur.fr\/wp-content\/uploads\/2019\/10\/cropped-71673114_2509801119097527_6138808206555611136_o-15.jpg","contentUrl":"https:\/\/ouvrir-son-coeur.fr\/wp-content\/uploads\/2019\/10\/cropped-71673114_2509801119097527_6138808206555611136_o-15.jpg","width":546,"height":505,"caption":"Delphine ORIEUX"},"image":{"@id":"https:\/\/ouvrir-son-coeur.fr\/#\/schema\/logo\/image\/"}},{"@type":"Person","@id":"https:\/\/ouvrir-son-coeur.fr\/#\/schema\/person\/79755406436a7adaddb901ee35a4d28c","name":"Delphine","image":{"@type":"ImageObject","inLanguage":"fr-FR","@id":"https:\/\/secure.gravatar.com\/avatar\/4feb5ead4d5221e0fd82faeb7afb26cb5db06cdb420750aab1923c6a5e1ac1ac?s=96&d=mm&r=g","url":"https:\/\/secure.gravatar.com\/avatar\/4feb5ead4d5221e0fd82faeb7afb26cb5db06cdb420750aab1923c6a5e1ac1ac?s=96&d=mm&r=g","contentUrl":"https:\/\/secure.gravatar.com\/avatar\/4feb5ead4d5221e0fd82faeb7afb26cb5db06cdb420750aab1923c6a5e1ac1ac?s=96&d=mm&r=g","caption":"Delphine"},"url":"https:\/\/ouvrir-son-coeur.fr\/index.php\/author\/admin2719\/"}]}},"_links":{"self":[{"href":"https:\/\/ouvrir-son-coeur.fr\/index.php\/wp-json\/wp\/v2\/posts\/2352","targetHints":{"allow":["GET"]}}],"collection":[{"href":"https:\/\/ouvrir-son-coeur.fr\/index.php\/wp-json\/wp\/v2\/posts"}],"about":[{"href":"https:\/\/ouvrir-son-coeur.fr\/index.php\/wp-json\/wp\/v2\/types\/post"}],"author":[{"embeddable":true,"href":"https:\/\/ouvrir-son-coeur.fr\/index.php\/wp-json\/wp\/v2\/users\/1"}],"replies":[{"embeddable":true,"href":"https:\/\/ouvrir-son-coeur.fr\/index.php\/wp-json\/wp\/v2\/comments?post=2352"}],"version-history":[{"count":3,"href":"https:\/\/ouvrir-son-coeur.fr\/index.php\/wp-json\/wp\/v2\/posts\/2352\/revisions"}],"predecessor-version":[{"id":2356,"href":"https:\/\/ouvrir-son-coeur.fr\/index.php\/wp-json\/wp\/v2\/posts\/2352\/revisions\/2356"}],"wp:featuredmedia":[{"embeddable":true,"href":"https:\/\/ouvrir-son-coeur.fr\/index.php\/wp-json\/wp\/v2\/media\/2353"}],"wp:attachment":[{"href":"https:\/\/ouvrir-son-coeur.fr\/index.php\/wp-json\/wp\/v2\/media?parent=2352"}],"wp:term":[{"taxonomy":"category","embeddable":true,"href":"https:\/\/ouvrir-son-coeur.fr\/index.php\/wp-json\/wp\/v2\/categories?post=2352"},{"taxonomy":"post_tag","embeddable":true,"href":"https:\/\/ouvrir-son-coeur.fr\/index.php\/wp-json\/wp\/v2\/tags?post=2352"}],"curies":[{"name":"wp","href":"https:\/\/api.w.org\/{rel}","templated":true}]}}