{"id":2309,"date":"2022-12-15T22:19:16","date_gmt":"2022-12-15T21:19:16","guid":{"rendered":"https:\/\/ouvrir-son-coeur.fr\/?p=2309"},"modified":"2022-12-15T22:22:37","modified_gmt":"2022-12-15T21:22:37","slug":"le-transfert-de-conscience","status":"publish","type":"post","link":"https:\/\/ouvrir-son-coeur.fr\/index.php\/2022\/12\/15\/le-transfert-de-conscience\/","title":{"rendered":"Le transfert de conscience"},"content":{"rendered":"<div class=\"wp-block-image\">\n<figure class=\"aligncenter size-large\"><img loading=\"lazy\" decoding=\"async\" width=\"1024\" height=\"627\" src=\"https:\/\/ouvrir-son-coeur.fr\/wp-content\/uploads\/2022\/12\/woman-gc8f6593c0_1280-1024x627.jpg\" alt=\"\" class=\"wp-image-2310\" srcset=\"https:\/\/ouvrir-son-coeur.fr\/wp-content\/uploads\/2022\/12\/woman-gc8f6593c0_1280-1024x627.jpg 1024w, https:\/\/ouvrir-son-coeur.fr\/wp-content\/uploads\/2022\/12\/woman-gc8f6593c0_1280-300x184.jpg 300w, https:\/\/ouvrir-son-coeur.fr\/wp-content\/uploads\/2022\/12\/woman-gc8f6593c0_1280-768x470.jpg 768w, https:\/\/ouvrir-son-coeur.fr\/wp-content\/uploads\/2022\/12\/woman-gc8f6593c0_1280-1200x735.jpg 1200w, https:\/\/ouvrir-son-coeur.fr\/wp-content\/uploads\/2022\/12\/woman-gc8f6593c0_1280.jpg 1280w\" sizes=\"auto, (max-width: 1024px) 100vw, 1024px\" \/><\/figure>\n<\/div>\n\n<p style=\"text-align: justify;\">Lors de revisites d\u2019exp\u00e9riences d\u2019autres pans de mes vies, dans d\u2019autres sph\u00e8res, je me suis vue participer \u00e0 des missions de transfert de conscience, de corps \u00e0 corps. Cette partie de moi qui existe sur d\u2019autres plans, dans plusieurs syst\u00e8mes m\u2019a montr\u00e9 plusieurs exp\u00e9riences, certaines v\u00e9cues dans l\u2019ombre et d\u2019autres v\u00e9cues dans la lumi\u00e8re.<\/p>\n<p style=\"text-align: justify;\">Jusqu\u2019\u00e0 aujourd\u2019hui je ne voyais pas l\u2019int\u00e9r\u00eat de partager ces exp\u00e9riences car d\u00e9voiler l\u2019existence des diff\u00e9rentes technologies provenant de syst\u00e8mes galactiques avec des niveaux de conscience diff\u00e9rents, peut provoquer d\u00e9ni, col\u00e8re et peur chez tout individu qui n\u2019est pas pr\u00eat \u00e0 acc\u00e9der \u00e0 ce genre d\u2019informations, \u00e0 son niveau de conscience.<\/p>\n<p style=\"text-align: justify;\">Et transmettre des informations qui ne sont pas pr\u00eates \u00e0 \u00eatre re\u00e7ues, ne sert pas le plan d\u2019\u00e9volution, voir m\u00eame peut ralentir le processus. Car les chocs cr\u00e9\u00e9s par la peur peuvent \u00eatre longs \u00e0 gu\u00e9rir et \u00e0 d\u00e9passer. C\u2019est d\u2019ailleurs la raison pour laquelle nous ne sommes pas majoritairement encore physiquement en interactions avec nos amis galactiques. Car la diff\u00e9rence de formes et d\u2019aspects peut provoquer des peurs, qui causeraient des difficult\u00e9s.<\/p>\n<p style=\"text-align: justify;\">La sortie du 2<sup>\u00e8me<\/sup> volet d\u2019Avatar a \u00e9t\u00e9 pour moi la r\u00e9v\u00e9lation qui m\u2019a donn\u00e9 une validation et le sentiment que l\u2019humanit\u00e9 \u00e9tait pr\u00eate \u00e0 recevoir ce genre d\u2019informations.<\/p>\n<p style=\"text-align: justify;\">Dans l\u2019ombre j\u2019ai vu des programmes de clonage, dans la constellation d\u2019Orion, et d\u2019autres parties de l\u2019univers, qui jusqu\u2019ici sont \u00a0inconnues sur nos cartes c\u00e9lestes. J\u2019ai vu aussi des programmes de transferts de conscience d\u2019un individu d\u2019un corps \u00e0 un autre.<\/p>\n<p style=\"text-align: justify;\">L\u2019ombre, dans sa pleine puissance, cherche l\u2019immortalit\u00e9, c\u2019est-\u00e0-dire cette \u00e9nergie de lumi\u00e8re dor\u00e9e, provenant du Grand Soleil qui leur a donn\u00e9 vie. Ceci afin de stopper les d\u00e9t\u00e9riorations et les destructions agissant sur leurs vaisseaux (corps individuels et collectifs), qui en \u00e9tant soumis \u00e0 des guerres intempestives, finissent par se d\u00e9truire et leur donnent l\u2019illusion de mort et de n\u00e9ant. Leur niveau de conscience ne permettant pas de faire le lien entre la lumi\u00e8re de la Source et leur existence, ils choisissent de vivre ce qu\u2019ils croient \u00eatre le plein pouvoir par le libre-arbitre en vivant consciemment s\u00e9par\u00e9s de la Source.<\/p>\n<p style=\"text-align: justify;\">Ainsi pour pallier aux difficult\u00e9s qui am\u00e8nent la mort, ils d\u00e9veloppent de nombreuses strat\u00e9gies pour acc\u00e9der \u00e0 cette \u00e9nergie de r\u00e9g\u00e9n\u00e9ration (par exemple le mythe de la fontaine de jouvence) et s\u2019en impr\u00e9gner pour \u00e9chapper \u00e0 ce qu\u2019ils croient \u00eatre la mort.<\/p>\n<p style=\"text-align: justify;\">Ils optent alors pour la strat\u00e9gie du plein pouvoir par la force et la domination, car ils vivent \u00e0 contre-courant de la Source de toute vie, qui aime, qui enveloppe et qui nourrit. Comme s\u2019ils avaient cr\u00e9\u00e9 volontairement ce courant inverse \u00e0 celui de la Source, pour opposer leur choix d\u2019existence \u00e0 ceux qui sont en alignement avec la Source.<\/p>\n<p style=\"text-align: justify;\">Cette opposition ou dualit\u00e9 leur donne l\u2019illusion que toute existence vivant dans le sens du courant de la Source est un ennemi, faible, d\u00e9pendant du pouvoir de la Source et qu\u2019ils pensent avoir r\u00e9cup\u00e9rer en choisissant de s\u2019y opposer fermement pour vivre selon leur propre volont\u00e9.<\/p>\n<p style=\"text-align: justify;\">Dans cet \u00e9tat de conscience, tout ce qui va dans le sens du respect de la vie, des lois naturelles de la vie, est invers\u00e9. Le blanc devient noir et le noir devient blanc. Les modifications de g\u00e9nomes, les manipulations psychiques, g\u00e9n\u00e9tiques et physiques sont la porte ouverte \u00e0 toutes sortes d\u2019exp\u00e9riences, qui leur permet de r\u00e9cup\u00e9rer de l\u2019\u00e9nergie qu\u2019ils ne trouvent pas en eux-m\u00eames et qu\u2019ils sont oblig\u00e9s de prendre \u00e0 autrui, par la force.<\/p>\n<p style=\"text-align: justify;\">Prendre par la force signifie soumettre mais aussi voler, pomper, vampiriser, parasiter, pour r\u00e9cup\u00e9rer toute \u00e9nergie qui circule en des formes de vie qui n\u2019ont pas compl\u00e8tement bloqu\u00e9 le flux d\u2019\u00e9nergie Source en eux et qui en contiennent suffisamment pour les sustenter.<\/p>\n<p style=\"text-align: justify;\">Or, plus les formes de vie ont une conscience \u00e9lev\u00e9e, moins elles sont manipulables et mall\u00e9ables pour que la force de vie qui les traverse, leur soit prise. Le but pour eux est donc d\u2019affaiblir pour maintenir un taux de conscience assez bas pour qu\u2019ils puissent \u00eatre en position de force face \u00e0 ces formes de vie.<\/p>\n<p style=\"text-align: justify;\">\u00catre en force pour eux signifie \u00eatre nombreux. Car dans toute guerre c\u2019est par le nombre et par la puissance de la technologie, que la victoire est assur\u00e9e.<\/p>\n<p style=\"text-align: justify;\">D\u00e9velopper des clones permet de s\u2019assurer le nombre, sans prendre le risque qu\u2019une conscience s\u2019\u00e9veille parmi les soldats et qu\u2019une r\u00e9bellion s\u2019oppose \u00e0 eux.<\/p>\n<p style=\"text-align: justify;\">Ils consacrent ainsi beaucoup de leur \u00e9nergie \u00e0 produire des technologies dont le but est de se multiplier, de devenir plus puissant avec des armes qui ont pour but de d\u00e9truire et de soumettre, mais aussi pour se r\u00e9g\u00e9n\u00e9rer en changeant de corps, lorsque le leur est amen\u00e9 \u00e0 \u00eatre d\u00e9truit. Les horcruxes dans la saga d\u2019Harry Potter en sont un bon exemple.<\/p>\n<p style=\"text-align: justify;\">C\u2019est ainsi qu\u2019ils peuvent changer de corps lorsque leur survie est menac\u00e9e. Ils promettent ainsi l\u2019immortalit\u00e9 \u00e0 tous ceux qui seront engag\u00e9s tels des petits soldats, pour r\u00e9pondre \u00e0 leurs ordres et les soumettre \u00e0 leur volont\u00e9.<\/p>\n<p style=\"text-align: justify;\">D\u00e9tailler leur technologie n\u2019est pas int\u00e9ressant car c\u2019est vers la lumi\u00e8re que j\u2019ai choisis de me diriger. Avoir exp\u00e9riment\u00e9 l\u2019ombre, comme la plupart des individus incarn\u00e9s dans des mondes de dualit\u00e9, permet de prendre conscience que seule la Source nourrit et permet d\u2019atteindre un \u00e9tat de pl\u00e9nitude et ainsi permet de choisir \u00e0 nouveau la Source, apr\u00e8s avoir cru en \u00eatre s\u00e9par\u00e9.<\/p>\n<p style=\"text-align: justify;\">Le Film Avatar repr\u00e9sente bien alors un exemple de ce que pourrait \u00eatre cette technologie. La morale \u00e9tant que la technologie au service de l\u2019Amour du pouvoir sert l\u2019\u00e9go et am\u00e8ne \u00e0 la destruction et que seule la conscience de l\u2019esprit divin reli\u00e9 \u00e0 la Source, permet le maintien et la transformation de la vie car la mort n\u2019existe pas.<\/p>\n<p style=\"text-align: justify;\">La Lumi\u00e8re, dans les diff\u00e9rents endroits de ses multivers, nourrit de multitudes de formes de vie, avec des niveaux de conscience allant du plus \u00e9loign\u00e9 au plus proche de la Source, c\u2019est-\u00e0-dire en tant que conscience d\u2019\u00eatre s\u00e9par\u00e9 ou d\u2019\u00eatre une \u00e9manation de la Source, d\u2019\u00eatre un personnalit\u00e9 ou une d\u00e9it\u00e9.<\/p>\n<p style=\"text-align: justify;\">Dans des niveaux de conscience plus \u00e9lev\u00e9s que le n\u00f4tre, lorsque cela sert l\u2019\u00e9volution, les consciences sont transf\u00e9r\u00e9es d\u2019une forme de vie \u00e0 une autre, sans que la m\u00e9moire et la nature de l\u2019esprit soient alt\u00e9r\u00e9es. Car lorsque ces transferts de conscience ont lieu, cela peut se faire avec des accords respectueux entre formes de vie, qui permettent \u00e0 une forme de vie d\u2019emprunter un corps ayant appartenu \u00e0 une autre conscience, par exemple.<\/p>\n<p style=\"text-align: justify;\">Des transferts de conscience peuvent avoir lieu \u00e0 l\u2019\u00e9chelle d\u2019une masse ou d\u2019un collectif. C\u2019est ce que j\u2019ai per\u00e7u gr\u00e2ce \u00e0 d\u2019autres revisites de mes existences. Tous les individus ayant atteint un niveau de conscience plus \u00e9lev\u00e9, lors de changements plan\u00e9taires qui rendraient le sol de la plan\u00e8te invivable par exemple, sont amen\u00e9s dans un palier\/sas vibratoire ou un vaisseau, peu importe le nom que cela prend, o\u00f9 les corps sont physiquement modifi\u00e9s, voire m\u00eame o\u00f9 les consciences changent de v\u00e9hicule, pour qu\u2019elles deviennent physiquement adapt\u00e9es \u00e0 vivre sur un lieu dans un plan vibratoire plus \u00e9lev\u00e9.<\/p>\n<p style=\"text-align: justify;\">A un certain niveau de conscience, les \u00eatres peuvent se fabriquer un corps adapt\u00e9 au lieu o\u00f9 cela est n\u00e9cessaire de vivre une exp\u00e9rience, qui suit le plan de l\u2019\u00e9volution.<\/p>\n<p style=\"text-align: justify;\">Toutes ces informations sont pour moi un parall\u00e8le que je vis dans le processus de l\u2019\u00e9l\u00e9vation de la conscience \u00e0 l\u2019\u00e9chelle individuelle.<\/p>\n<p style=\"text-align: justify;\">Lorsque nous sommes en sommeil la nuit, notre partie subtile va se rendre, dans son plan, dans diff\u00e9rents lieux, \u00e0 des fins d\u2019enseignements donn\u00e9s par nos guides et notre esprit divin. Nous voyageons ainsi et nous \u00e9changeons les informations avec des parts de notre \u00eatre qui m\u00e8nent une existence sur d\u2019autres plans ou dans d\u2019autres vies. Il nous arrive \u00e9galement de voyager lorsque nous sommes r\u00e9veill\u00e9s mais en veille, dans ces moments o\u00f9 nous avons des absences et o\u00f9 notre conscience se d\u00e9place sur d\u2019autres plans pour les m\u00eames raisons.<\/p>\n<p style=\"text-align: justify;\">Lorsque nous rencontrons nos guides de lumi\u00e8re, et que nous nous sentons en alignement avec notre Soi divin, nous sommes dans un \u00e9tat de pl\u00e9nitude et tout nous parait plus clair. Nous recevons alors des enseignements et nous vivons des initiations qui nous aident \u00e0 comprendre davantage pour \u00e9lever notre conscience. Cela peut se passer la nuit comme dans la journ\u00e9e.<\/p>\n<p style=\"text-align: justify;\">Quand nous r\u00e9int\u00e9grons notre corps physique, au r\u00e9veil ou alors lorsque nous sortons d\u2019une absence pour revenir \u00e0 l\u2019instant pr\u00e9sent ancr\u00e9 dans notre corps, tout nous parait plus lourd et la compr\u00e9hension et la clart\u00e9 de l\u2019enseignement re\u00e7u semblent s\u2019\u00e9loigner, jusqu\u2019\u00e0 l\u2019oubli si les conditions physiques sont trop pesantes.<\/p>\n<p style=\"text-align: justify;\">Notre conscience se d\u00e9place, dans la multidimensionnalit\u00e9 entre diff\u00e9rents \u00e9tats, li\u00e9s \u00e0 diff\u00e9rents plans de notre \u00eatre. Et pourtant tous ces plans sont indissociables car ils sont tous reli\u00e9s au Soi divin, qui lui-m\u00eame est reli\u00e9 \u00e0 la Source divine de tout ce qui est.<\/p>\n<p style=\"text-align: justify;\">Lors du ph\u00e9nom\u00e8ne d\u2019ascension, c\u2019est notre conscience qui s\u2019\u00e9l\u00e8ve \u00e0 nouveau, du plan physique jusqu\u2019\u00e0 la Source divine. Cette remont\u00e9e tout comme la descente est toujours issue de la Source elle-m\u00eame qui expire puis inspire. Lors de l\u2019inspiration le corps physique est absorb\u00e9 par le corps de l\u2019\u00e2me. Et tous les corps de l\u2019\u00e2me sont absorb\u00e9s ensemble du niveau inf\u00e9rieur au niveau sup\u00e9rieur, jusqu\u2019\u00e0 remonter \u00e0 l\u2019esprit divin qui fusionne l\u2019ensemble des niveaux, etc., jusqu\u2019\u00e0 refusionner \u00e0 la Source.<\/p>\n<p style=\"text-align: justify;\">Ainsi la conscience plac\u00e9e dans le corps physique lorsque nous sommes r\u00e9veill\u00e9s, nous met dans un \u00e9tat de confusion, de lourdeur et de souffrance du fait de toutes les \u00e9motions, les pens\u00e9es et douleurs physiques que nous nous sommes inflig\u00e9es et qui se sont cristallis\u00e9es. Lorsque nous dormons ou que nous sommes en veille, nous pouvons \u00e9lever notre conscience au plan de l\u2019\u00e2me qui ne ressent pas ces douleurs et lourdeurs de la m\u00eame fa\u00e7on. Mais lors du processus d\u2019incarnation nous choisissons de venir dans le corps physique pour transcender ces lourdeurs afin de pouvoir fusionner le corps physique et l\u2019\u00e2me.<\/p>\n<p style=\"text-align: justify;\">En \u00e9tant incarn\u00e9 nous ne pouvons rester dans cet \u00e9tat d\u2019entre deux mondes o\u00f9 nous fuyons la lourdeur du corps physique. Si nous sommes l\u00e0 c\u2019est que nous avons re\u00e7u tous les enseignements n\u00e9cessaires pour vivre pleinement ces initiations dans la mati\u00e8re. Pour transcender les peurs, les blessures et les douleurs, nous vivons des exp\u00e9riences qui mettent en sc\u00e8ne d\u2019autres \u00e2mes incarn\u00e9es avec qui nous avons conclu des partenariats avant de naitre, sur une plan\u00e8te avec d\u2019autres r\u00e8gnes.<\/p>\n<p style=\"text-align: justify;\">Lorsque nous prenons conscience de la pr\u00e9sence d\u2019une \u00e9motion, d\u2019une pens\u00e9e, d\u2019une douleur, de souvenirs d\u2019\u00e9motions et de peurs parce que nous les vivons dans notre corps physique, nous sommes face \u00e0 ces lourdeurs et nous pouvons \u00e0 ce moment-l\u00e0 faire remonter notre conscience sur le plan de l\u2019\u00e2me, en alignement avec notre Soi divin et nos guides qui nous accompagnent. Lorsque la conscience, comme \u00e0 l\u2019\u00e9tat de veille va se placer sur ce plan, nous demandons en conscience d\u2019\u00e9clairer la compr\u00e9hension de ces lourdeurs, pour se lib\u00e9rer des attaches \u00e9motionnelles\/mentales\/causales qui nous reliaient \u00e0 elles. Ainsi l\u2019enseignement s\u2019int\u00e8gre dans la mati\u00e8re par l\u2019exp\u00e9rience et la mati\u00e8re s\u2019all\u00e8ge pour s\u2019\u00e9lever au plan de l\u2019\u00e2me. Plus les liens sont lib\u00e9r\u00e9s, plus la mati\u00e8re se transforme en subtil et le corps se modifie, jusqu\u2019\u00e0 fusionner avec le plan subtil int\u00e9gralement.<\/p>\n<p style=\"text-align: justify;\">La r\u00e9surrection se situe l\u00e0, dans la transformation alchimique de la mati\u00e8re en lumi\u00e8re. Au stade des ma\u00eetres, c\u2019est-\u00e0-dire des humains qui ont r\u00e9ussi leur transformation gr\u00e2ce \u00e0 la ma\u00eetrise int\u00e9rieure de leurs pens\u00e9es et \u00e9motions, ils acc\u00e8dent m\u00eame \u00e0 la fusion de toutes les \u00e2mes incarn\u00e9es dans le niveau inf\u00e9rieur de leur esprit divin pour acc\u00e9der au niveau sup\u00e9rieur. Plus la conscience se situe haut dans les niveaux, plus la capacit\u00e9 de transformation est intense et rapide et la maitrise int\u00e9rieure permet des cr\u00e9ations de plus en plus lumineuses jusqu\u2019\u00e0 laisser la lumi\u00e8re transcender int\u00e9gralement le corps pour briller depuis l\u2019int\u00e9rieur.<\/p>\n<p style=\"text-align: justify;\">Ainsi lorsque nous d\u00e9pla\u00e7ons notre conscience sur le plan de l\u2019\u00e2me en alignement avec notre Soi divin, tout en \u00e9tant conscient de notre corps physique nous permettons au processus de transformation d\u2019op\u00e9rer en all\u00e9geant la mati\u00e8re, qui permet la remont\u00e9e vibratoire progressive du corps physique jusqu\u2019au plan subtil.<\/p>\n<p style=\"text-align: justify;\">Si j\u2019\u00e9largis le concept \u00e0 une conscience collective, lorsque nous sommes conscients de ne faire qu\u2019Un avec le reste des humains, de la plan\u00e8te et des autres r\u00e8gnes, c\u2019est que nous pla\u00e7ons notre conscience dans la conscience plan\u00e9taire qui contient les m\u00e9moires de tout ce qui y vit. Lorsque nous sommes connect\u00e9s \u00e0 cette conscience, nous pouvons transcender \u00e0 l\u2019\u00e9chelle collective de la m\u00eame mani\u00e8re.<\/p>\n<p style=\"text-align: justify;\">C\u2019est \u00e0 ce moment-l\u00e0 que je fais le lien avec le film Avatar qui repr\u00e9sente bien ce concept, toute \u00e9nergie qui se transforme d\u00e9place sa conscience ailleurs. Comme tout est reli\u00e9, toute forme de vie peut transf\u00e9rer sa conscience d\u2019un corps \u00e0 un autre si cela sert le plan de l\u2019\u00e9volution, et toute forme de vie reli\u00e9e peut communiquer consciemment par t\u00e9l\u00e9pathie avec toutes les consciences incarn\u00e9es et d\u00e9sincarn\u00e9es, peut pratiquer la t\u00e9l\u00e9kin\u00e9sie, etc., car tout baigne dans la m\u00eame \u00e9nergie.<\/p>\n<p style=\"text-align: justify;\">Bien que la dualit\u00e9 et le conflit soient encore bien trop pr\u00e9sents dans tous les m\u00e9dias qui repr\u00e9sentent ces concepts, \u00e0 mon sens cela est un bon portail pour les consciences qui int\u00e8grent \u00e0 leur rythme cet \u00e9largissement de la conscience.<\/p>\n<p style=\"text-align: justify;\">Plus nous transcenderons la peur en nous lib\u00e9rant des liens par la compr\u00e9hension en alignant notre conscience \u00e0 notre partie subtile, plus nous avancerons sur le chemin de notre remont\u00e9e au divin. Et c\u2019est lorsque nous serons lib\u00e9r\u00e9s de toute peur que nous retrouverons int\u00e9gralement nos amis, nos guides, issus de tous les plans subtils de notre \u00eatre, avec qui nous pourrons vivre de merveilleux moments sur ce plan o\u00f9 nous serons tous connect\u00e9s en conscience.<\/p>\n<p style=\"text-align: justify;\">Merci, merci, merci<\/p>","protected":false},"excerpt":{"rendered":"<p>Lors de revisites d\u2019exp\u00e9riences d\u2019autres pans de mes vies, dans d\u2019autres sph\u00e8res, je me suis vue participer \u00e0 des missions de transfert de conscience, de corps \u00e0 corps. Cette partie de moi qui existe sur d\u2019autres plans, dans plusieurs syst\u00e8mes m\u2019a montr\u00e9 plusieurs exp\u00e9riences, certaines v\u00e9cues dans l\u2019ombre et d\u2019autres v\u00e9cues dans la lumi\u00e8re. Jusqu\u2019\u00e0 &hellip; <\/p>\n<p class=\"link-more\"><a href=\"https:\/\/ouvrir-son-coeur.fr\/index.php\/2022\/12\/15\/le-transfert-de-conscience\/\" class=\"more-link\">Continue reading<span class=\"screen-reader-text\"> \u00ab\u00a0Le transfert de conscience\u00a0\u00bb<\/span><\/a><\/p>\n","protected":false},"author":1,"featured_media":2310,"comment_status":"closed","ping_status":"closed","sticky":false,"template":"","format":"standard","meta":{"footnotes":""},"categories":[5],"tags":[],"class_list":["post-2309","post","type-post","status-publish","format-standard","has-post-thumbnail","hentry","category-evolution-de-conscience"],"yoast_head":"<!-- This site is optimized with the Yoast SEO plugin v27.2 - https:\/\/yoast.com\/product\/yoast-seo-wordpress\/ -->\n<title>Le transfert de conscience - Delphine ORIEUX<\/title>\n<meta name=\"robots\" content=\"index, follow, max-snippet:-1, max-image-preview:large, max-video-preview:-1\" \/>\n<link rel=\"canonical\" href=\"https:\/\/ouvrir-son-coeur.fr\/index.php\/2022\/12\/15\/le-transfert-de-conscience\/\" \/>\n<meta property=\"og:locale\" content=\"fr_FR\" \/>\n<meta property=\"og:type\" content=\"article\" \/>\n<meta property=\"og:title\" content=\"Le transfert de conscience - Delphine ORIEUX\" \/>\n<meta property=\"og:description\" content=\"Lors de revisites d\u2019exp\u00e9riences d\u2019autres pans de mes vies, dans d\u2019autres sph\u00e8res, je me suis vue participer \u00e0 des missions de transfert de conscience, de corps \u00e0 corps. Cette partie de moi qui existe sur d\u2019autres plans, dans plusieurs syst\u00e8mes m\u2019a montr\u00e9 plusieurs exp\u00e9riences, certaines v\u00e9cues dans l\u2019ombre et d\u2019autres v\u00e9cues dans la lumi\u00e8re. Jusqu\u2019\u00e0 &hellip; Continue reading &quot;Le transfert de conscience&quot;\" \/>\n<meta property=\"og:url\" content=\"https:\/\/ouvrir-son-coeur.fr\/index.php\/2022\/12\/15\/le-transfert-de-conscience\/\" \/>\n<meta property=\"og:site_name\" content=\"Delphine ORIEUX\" \/>\n<meta property=\"article:published_time\" content=\"2022-12-15T21:19:16+00:00\" \/>\n<meta property=\"article:modified_time\" content=\"2022-12-15T21:22:37+00:00\" \/>\n<meta property=\"og:image\" content=\"https:\/\/ouvrir-son-coeur.fr\/wp-content\/uploads\/2022\/12\/woman-gc8f6593c0_1280.jpg\" \/>\n\t<meta property=\"og:image:width\" content=\"1280\" \/>\n\t<meta property=\"og:image:height\" content=\"784\" \/>\n\t<meta property=\"og:image:type\" content=\"image\/jpeg\" \/>\n<meta name=\"author\" content=\"Delphine\" \/>\n<meta name=\"twitter:card\" content=\"summary_large_image\" \/>\n<meta name=\"twitter:label1\" content=\"\u00c9crit par\" \/>\n\t<meta name=\"twitter:data1\" content=\"Delphine\" \/>\n\t<meta name=\"twitter:label2\" content=\"Dur\u00e9e de lecture estim\u00e9e\" \/>\n\t<meta name=\"twitter:data2\" content=\"12 minutes\" \/>\n<script type=\"application\/ld+json\" class=\"yoast-schema-graph\">{\"@context\":\"https:\/\/schema.org\",\"@graph\":[{\"@type\":\"Article\",\"@id\":\"https:\/\/ouvrir-son-coeur.fr\/index.php\/2022\/12\/15\/le-transfert-de-conscience\/#article\",\"isPartOf\":{\"@id\":\"https:\/\/ouvrir-son-coeur.fr\/index.php\/2022\/12\/15\/le-transfert-de-conscience\/\"},\"author\":{\"name\":\"Delphine\",\"@id\":\"https:\/\/ouvrir-son-coeur.fr\/#\/schema\/person\/79755406436a7adaddb901ee35a4d28c\"},\"headline\":\"Le transfert de conscience\",\"datePublished\":\"2022-12-15T21:19:16+00:00\",\"dateModified\":\"2022-12-15T21:22:37+00:00\",\"mainEntityOfPage\":{\"@id\":\"https:\/\/ouvrir-son-coeur.fr\/index.php\/2022\/12\/15\/le-transfert-de-conscience\/\"},\"wordCount\":2593,\"publisher\":{\"@id\":\"https:\/\/ouvrir-son-coeur.fr\/#organization\"},\"image\":{\"@id\":\"https:\/\/ouvrir-son-coeur.fr\/index.php\/2022\/12\/15\/le-transfert-de-conscience\/#primaryimage\"},\"thumbnailUrl\":\"https:\/\/ouvrir-son-coeur.fr\/wp-content\/uploads\/2022\/12\/woman-gc8f6593c0_1280.jpg\",\"articleSection\":[\"Evolution de conscience\"],\"inLanguage\":\"fr-FR\"},{\"@type\":\"WebPage\",\"@id\":\"https:\/\/ouvrir-son-coeur.fr\/index.php\/2022\/12\/15\/le-transfert-de-conscience\/\",\"url\":\"https:\/\/ouvrir-son-coeur.fr\/index.php\/2022\/12\/15\/le-transfert-de-conscience\/\",\"name\":\"Le transfert de conscience - Delphine ORIEUX\",\"isPartOf\":{\"@id\":\"https:\/\/ouvrir-son-coeur.fr\/#website\"},\"primaryImageOfPage\":{\"@id\":\"https:\/\/ouvrir-son-coeur.fr\/index.php\/2022\/12\/15\/le-transfert-de-conscience\/#primaryimage\"},\"image\":{\"@id\":\"https:\/\/ouvrir-son-coeur.fr\/index.php\/2022\/12\/15\/le-transfert-de-conscience\/#primaryimage\"},\"thumbnailUrl\":\"https:\/\/ouvrir-son-coeur.fr\/wp-content\/uploads\/2022\/12\/woman-gc8f6593c0_1280.jpg\",\"datePublished\":\"2022-12-15T21:19:16+00:00\",\"dateModified\":\"2022-12-15T21:22:37+00:00\",\"breadcrumb\":{\"@id\":\"https:\/\/ouvrir-son-coeur.fr\/index.php\/2022\/12\/15\/le-transfert-de-conscience\/#breadcrumb\"},\"inLanguage\":\"fr-FR\",\"potentialAction\":[{\"@type\":\"ReadAction\",\"target\":[\"https:\/\/ouvrir-son-coeur.fr\/index.php\/2022\/12\/15\/le-transfert-de-conscience\/\"]}]},{\"@type\":\"ImageObject\",\"inLanguage\":\"fr-FR\",\"@id\":\"https:\/\/ouvrir-son-coeur.fr\/index.php\/2022\/12\/15\/le-transfert-de-conscience\/#primaryimage\",\"url\":\"https:\/\/ouvrir-son-coeur.fr\/wp-content\/uploads\/2022\/12\/woman-gc8f6593c0_1280.jpg\",\"contentUrl\":\"https:\/\/ouvrir-son-coeur.fr\/wp-content\/uploads\/2022\/12\/woman-gc8f6593c0_1280.jpg\",\"width\":1280,\"height\":784},{\"@type\":\"BreadcrumbList\",\"@id\":\"https:\/\/ouvrir-son-coeur.fr\/index.php\/2022\/12\/15\/le-transfert-de-conscience\/#breadcrumb\",\"itemListElement\":[{\"@type\":\"ListItem\",\"position\":1,\"name\":\"Accueil\",\"item\":\"https:\/\/ouvrir-son-coeur.fr\/\"},{\"@type\":\"ListItem\",\"position\":2,\"name\":\"Le transfert de conscience\"}]},{\"@type\":\"WebSite\",\"@id\":\"https:\/\/ouvrir-son-coeur.fr\/#website\",\"url\":\"https:\/\/ouvrir-son-coeur.fr\/\",\"name\":\"Delphine ORIEUX\",\"description\":\"Ouvrir son coeur pour un retour \u00e0 soi\",\"publisher\":{\"@id\":\"https:\/\/ouvrir-son-coeur.fr\/#organization\"},\"potentialAction\":[{\"@type\":\"SearchAction\",\"target\":{\"@type\":\"EntryPoint\",\"urlTemplate\":\"https:\/\/ouvrir-son-coeur.fr\/?s={search_term_string}\"},\"query-input\":{\"@type\":\"PropertyValueSpecification\",\"valueRequired\":true,\"valueName\":\"search_term_string\"}}],\"inLanguage\":\"fr-FR\"},{\"@type\":\"Organization\",\"@id\":\"https:\/\/ouvrir-son-coeur.fr\/#organization\",\"name\":\"Delphine ORIEUX\",\"url\":\"https:\/\/ouvrir-son-coeur.fr\/\",\"logo\":{\"@type\":\"ImageObject\",\"inLanguage\":\"fr-FR\",\"@id\":\"https:\/\/ouvrir-son-coeur.fr\/#\/schema\/logo\/image\/\",\"url\":\"https:\/\/ouvrir-son-coeur.fr\/wp-content\/uploads\/2019\/10\/cropped-71673114_2509801119097527_6138808206555611136_o-15.jpg\",\"contentUrl\":\"https:\/\/ouvrir-son-coeur.fr\/wp-content\/uploads\/2019\/10\/cropped-71673114_2509801119097527_6138808206555611136_o-15.jpg\",\"width\":546,\"height\":505,\"caption\":\"Delphine ORIEUX\"},\"image\":{\"@id\":\"https:\/\/ouvrir-son-coeur.fr\/#\/schema\/logo\/image\/\"}},{\"@type\":\"Person\",\"@id\":\"https:\/\/ouvrir-son-coeur.fr\/#\/schema\/person\/79755406436a7adaddb901ee35a4d28c\",\"name\":\"Delphine\",\"image\":{\"@type\":\"ImageObject\",\"inLanguage\":\"fr-FR\",\"@id\":\"https:\/\/secure.gravatar.com\/avatar\/4feb5ead4d5221e0fd82faeb7afb26cb5db06cdb420750aab1923c6a5e1ac1ac?s=96&d=mm&r=g\",\"url\":\"https:\/\/secure.gravatar.com\/avatar\/4feb5ead4d5221e0fd82faeb7afb26cb5db06cdb420750aab1923c6a5e1ac1ac?s=96&d=mm&r=g\",\"contentUrl\":\"https:\/\/secure.gravatar.com\/avatar\/4feb5ead4d5221e0fd82faeb7afb26cb5db06cdb420750aab1923c6a5e1ac1ac?s=96&d=mm&r=g\",\"caption\":\"Delphine\"},\"url\":\"https:\/\/ouvrir-son-coeur.fr\/index.php\/author\/admin2719\/\"}]}<\/script>\n<!-- \/ Yoast SEO plugin. -->","yoast_head_json":{"title":"Le transfert de conscience - Delphine ORIEUX","robots":{"index":"index","follow":"follow","max-snippet":"max-snippet:-1","max-image-preview":"max-image-preview:large","max-video-preview":"max-video-preview:-1"},"canonical":"https:\/\/ouvrir-son-coeur.fr\/index.php\/2022\/12\/15\/le-transfert-de-conscience\/","og_locale":"fr_FR","og_type":"article","og_title":"Le transfert de conscience - Delphine ORIEUX","og_description":"Lors de revisites d\u2019exp\u00e9riences d\u2019autres pans de mes vies, dans d\u2019autres sph\u00e8res, je me suis vue participer \u00e0 des missions de transfert de conscience, de corps \u00e0 corps. Cette partie de moi qui existe sur d\u2019autres plans, dans plusieurs syst\u00e8mes m\u2019a montr\u00e9 plusieurs exp\u00e9riences, certaines v\u00e9cues dans l\u2019ombre et d\u2019autres v\u00e9cues dans la lumi\u00e8re. Jusqu\u2019\u00e0 &hellip; Continue reading \"Le transfert de conscience\"","og_url":"https:\/\/ouvrir-son-coeur.fr\/index.php\/2022\/12\/15\/le-transfert-de-conscience\/","og_site_name":"Delphine ORIEUX","article_published_time":"2022-12-15T21:19:16+00:00","article_modified_time":"2022-12-15T21:22:37+00:00","og_image":[{"width":1280,"height":784,"url":"https:\/\/ouvrir-son-coeur.fr\/wp-content\/uploads\/2022\/12\/woman-gc8f6593c0_1280.jpg","type":"image\/jpeg"}],"author":"Delphine","twitter_card":"summary_large_image","twitter_misc":{"\u00c9crit par":"Delphine","Dur\u00e9e de lecture estim\u00e9e":"12 minutes"},"schema":{"@context":"https:\/\/schema.org","@graph":[{"@type":"Article","@id":"https:\/\/ouvrir-son-coeur.fr\/index.php\/2022\/12\/15\/le-transfert-de-conscience\/#article","isPartOf":{"@id":"https:\/\/ouvrir-son-coeur.fr\/index.php\/2022\/12\/15\/le-transfert-de-conscience\/"},"author":{"name":"Delphine","@id":"https:\/\/ouvrir-son-coeur.fr\/#\/schema\/person\/79755406436a7adaddb901ee35a4d28c"},"headline":"Le transfert de conscience","datePublished":"2022-12-15T21:19:16+00:00","dateModified":"2022-12-15T21:22:37+00:00","mainEntityOfPage":{"@id":"https:\/\/ouvrir-son-coeur.fr\/index.php\/2022\/12\/15\/le-transfert-de-conscience\/"},"wordCount":2593,"publisher":{"@id":"https:\/\/ouvrir-son-coeur.fr\/#organization"},"image":{"@id":"https:\/\/ouvrir-son-coeur.fr\/index.php\/2022\/12\/15\/le-transfert-de-conscience\/#primaryimage"},"thumbnailUrl":"https:\/\/ouvrir-son-coeur.fr\/wp-content\/uploads\/2022\/12\/woman-gc8f6593c0_1280.jpg","articleSection":["Evolution de conscience"],"inLanguage":"fr-FR"},{"@type":"WebPage","@id":"https:\/\/ouvrir-son-coeur.fr\/index.php\/2022\/12\/15\/le-transfert-de-conscience\/","url":"https:\/\/ouvrir-son-coeur.fr\/index.php\/2022\/12\/15\/le-transfert-de-conscience\/","name":"Le transfert de conscience - Delphine ORIEUX","isPartOf":{"@id":"https:\/\/ouvrir-son-coeur.fr\/#website"},"primaryImageOfPage":{"@id":"https:\/\/ouvrir-son-coeur.fr\/index.php\/2022\/12\/15\/le-transfert-de-conscience\/#primaryimage"},"image":{"@id":"https:\/\/ouvrir-son-coeur.fr\/index.php\/2022\/12\/15\/le-transfert-de-conscience\/#primaryimage"},"thumbnailUrl":"https:\/\/ouvrir-son-coeur.fr\/wp-content\/uploads\/2022\/12\/woman-gc8f6593c0_1280.jpg","datePublished":"2022-12-15T21:19:16+00:00","dateModified":"2022-12-15T21:22:37+00:00","breadcrumb":{"@id":"https:\/\/ouvrir-son-coeur.fr\/index.php\/2022\/12\/15\/le-transfert-de-conscience\/#breadcrumb"},"inLanguage":"fr-FR","potentialAction":[{"@type":"ReadAction","target":["https:\/\/ouvrir-son-coeur.fr\/index.php\/2022\/12\/15\/le-transfert-de-conscience\/"]}]},{"@type":"ImageObject","inLanguage":"fr-FR","@id":"https:\/\/ouvrir-son-coeur.fr\/index.php\/2022\/12\/15\/le-transfert-de-conscience\/#primaryimage","url":"https:\/\/ouvrir-son-coeur.fr\/wp-content\/uploads\/2022\/12\/woman-gc8f6593c0_1280.jpg","contentUrl":"https:\/\/ouvrir-son-coeur.fr\/wp-content\/uploads\/2022\/12\/woman-gc8f6593c0_1280.jpg","width":1280,"height":784},{"@type":"BreadcrumbList","@id":"https:\/\/ouvrir-son-coeur.fr\/index.php\/2022\/12\/15\/le-transfert-de-conscience\/#breadcrumb","itemListElement":[{"@type":"ListItem","position":1,"name":"Accueil","item":"https:\/\/ouvrir-son-coeur.fr\/"},{"@type":"ListItem","position":2,"name":"Le transfert de conscience"}]},{"@type":"WebSite","@id":"https:\/\/ouvrir-son-coeur.fr\/#website","url":"https:\/\/ouvrir-son-coeur.fr\/","name":"Delphine ORIEUX","description":"Ouvrir son coeur pour un retour \u00e0 soi","publisher":{"@id":"https:\/\/ouvrir-son-coeur.fr\/#organization"},"potentialAction":[{"@type":"SearchAction","target":{"@type":"EntryPoint","urlTemplate":"https:\/\/ouvrir-son-coeur.fr\/?s={search_term_string}"},"query-input":{"@type":"PropertyValueSpecification","valueRequired":true,"valueName":"search_term_string"}}],"inLanguage":"fr-FR"},{"@type":"Organization","@id":"https:\/\/ouvrir-son-coeur.fr\/#organization","name":"Delphine ORIEUX","url":"https:\/\/ouvrir-son-coeur.fr\/","logo":{"@type":"ImageObject","inLanguage":"fr-FR","@id":"https:\/\/ouvrir-son-coeur.fr\/#\/schema\/logo\/image\/","url":"https:\/\/ouvrir-son-coeur.fr\/wp-content\/uploads\/2019\/10\/cropped-71673114_2509801119097527_6138808206555611136_o-15.jpg","contentUrl":"https:\/\/ouvrir-son-coeur.fr\/wp-content\/uploads\/2019\/10\/cropped-71673114_2509801119097527_6138808206555611136_o-15.jpg","width":546,"height":505,"caption":"Delphine ORIEUX"},"image":{"@id":"https:\/\/ouvrir-son-coeur.fr\/#\/schema\/logo\/image\/"}},{"@type":"Person","@id":"https:\/\/ouvrir-son-coeur.fr\/#\/schema\/person\/79755406436a7adaddb901ee35a4d28c","name":"Delphine","image":{"@type":"ImageObject","inLanguage":"fr-FR","@id":"https:\/\/secure.gravatar.com\/avatar\/4feb5ead4d5221e0fd82faeb7afb26cb5db06cdb420750aab1923c6a5e1ac1ac?s=96&d=mm&r=g","url":"https:\/\/secure.gravatar.com\/avatar\/4feb5ead4d5221e0fd82faeb7afb26cb5db06cdb420750aab1923c6a5e1ac1ac?s=96&d=mm&r=g","contentUrl":"https:\/\/secure.gravatar.com\/avatar\/4feb5ead4d5221e0fd82faeb7afb26cb5db06cdb420750aab1923c6a5e1ac1ac?s=96&d=mm&r=g","caption":"Delphine"},"url":"https:\/\/ouvrir-son-coeur.fr\/index.php\/author\/admin2719\/"}]}},"_links":{"self":[{"href":"https:\/\/ouvrir-son-coeur.fr\/index.php\/wp-json\/wp\/v2\/posts\/2309","targetHints":{"allow":["GET"]}}],"collection":[{"href":"https:\/\/ouvrir-son-coeur.fr\/index.php\/wp-json\/wp\/v2\/posts"}],"about":[{"href":"https:\/\/ouvrir-son-coeur.fr\/index.php\/wp-json\/wp\/v2\/types\/post"}],"author":[{"embeddable":true,"href":"https:\/\/ouvrir-son-coeur.fr\/index.php\/wp-json\/wp\/v2\/users\/1"}],"replies":[{"embeddable":true,"href":"https:\/\/ouvrir-son-coeur.fr\/index.php\/wp-json\/wp\/v2\/comments?post=2309"}],"version-history":[{"count":2,"href":"https:\/\/ouvrir-son-coeur.fr\/index.php\/wp-json\/wp\/v2\/posts\/2309\/revisions"}],"predecessor-version":[{"id":2313,"href":"https:\/\/ouvrir-son-coeur.fr\/index.php\/wp-json\/wp\/v2\/posts\/2309\/revisions\/2313"}],"wp:featuredmedia":[{"embeddable":true,"href":"https:\/\/ouvrir-son-coeur.fr\/index.php\/wp-json\/wp\/v2\/media\/2310"}],"wp:attachment":[{"href":"https:\/\/ouvrir-son-coeur.fr\/index.php\/wp-json\/wp\/v2\/media?parent=2309"}],"wp:term":[{"taxonomy":"category","embeddable":true,"href":"https:\/\/ouvrir-son-coeur.fr\/index.php\/wp-json\/wp\/v2\/categories?post=2309"},{"taxonomy":"post_tag","embeddable":true,"href":"https:\/\/ouvrir-son-coeur.fr\/index.php\/wp-json\/wp\/v2\/tags?post=2309"}],"curies":[{"name":"wp","href":"https:\/\/api.w.org\/{rel}","templated":true}]}}