{"id":2027,"date":"2022-07-23T12:12:54","date_gmt":"2022-07-23T10:12:54","guid":{"rendered":"https:\/\/ouvrir-son-coeur.fr\/?p=2027"},"modified":"2022-07-25T05:47:12","modified_gmt":"2022-07-25T03:47:12","slug":"les-recifs-coralliens-une-toute-nouvelle-terre-soffre-a-vous","status":"publish","type":"post","link":"https:\/\/ouvrir-son-coeur.fr\/index.php\/2022\/07\/23\/les-recifs-coralliens-une-toute-nouvelle-terre-soffre-a-vous\/","title":{"rendered":"Les r\u00e9cifs coralliens\u00a0: une toute nouvelle Terre s\u2019offre \u00e0 vous"},"content":{"rendered":"<div class=\"wp-block-image\">\n<figure class=\"aligncenter size-large\"><img loading=\"lazy\" decoding=\"async\" width=\"1024\" height=\"768\" src=\"https:\/\/ouvrir-son-coeur.fr\/wp-content\/uploads\/2022\/07\/tortoise-g2c3177bd5_1280-1024x768.jpg\" alt=\"\" class=\"wp-image-2028\" srcset=\"https:\/\/ouvrir-son-coeur.fr\/wp-content\/uploads\/2022\/07\/tortoise-g2c3177bd5_1280-1024x768.jpg 1024w, https:\/\/ouvrir-son-coeur.fr\/wp-content\/uploads\/2022\/07\/tortoise-g2c3177bd5_1280-300x225.jpg 300w, https:\/\/ouvrir-son-coeur.fr\/wp-content\/uploads\/2022\/07\/tortoise-g2c3177bd5_1280-768x576.jpg 768w, https:\/\/ouvrir-son-coeur.fr\/wp-content\/uploads\/2022\/07\/tortoise-g2c3177bd5_1280-1200x900.jpg 1200w, https:\/\/ouvrir-son-coeur.fr\/wp-content\/uploads\/2022\/07\/tortoise-g2c3177bd5_1280.jpg 1280w\" sizes=\"auto, (max-width: 1024px) 100vw, 1024px\" \/><\/figure>\n<\/div>\n\n<p style=\"text-align: justify;\">Nous l&rsquo;intelligence divine animale du collectif des coraux, sommes \u00e9troitement li\u00e9s \u00e0 la matrice de la Terre. Nous nous d\u00e9veloppons \u00e9galement sur une plan\u00e8te de Sirius, l\u00e0 o\u00f9 sont nos origines, sur un plan de conscience plus \u00e9lev\u00e9 que celui de la Terre actuellement.<\/p>\n<p style=\"text-align: justify;\">En raison du changement vibratoire acc\u00e9l\u00e9r\u00e9 depuis 2012, nous vivons sur Terre de tr\u00e8s grandes transformations int\u00e9rieures qui varient en fonction du plan de conscience de la Terre.<\/p>\n<p style=\"text-align: justify;\">En tant qu\u2019\u00eatres architectes b\u00e2tisseurs des sols marins, nous avons recouvert de grandes parties des sols oc\u00e9aniques plus ant\u00e9rieurement dans l\u2019histoire de la Terre et aujourd\u2019hui, en raison de cette transformation, notre zone de vie terrestre s\u2019est consid\u00e9rablement r\u00e9duite.<\/p>\n<p style=\"text-align: justify;\">Nous avons en tant que collectif r\u00e9ussi \u00e0 transmettre aux oc\u00e9ans des vibrations de beaut\u00e9, d\u2019Amour par le beau, par l\u2019Art de construire des formes harmonieuses et vibratoirement \u00e9lev\u00e9es. C\u2019est ce qui provoque ce sentiment de joie, lorsque les humains sensibles \u00e0 notre vibration, ouvrent leur c\u0153ur en nous observant.<\/p>\n<p style=\"text-align: justify;\">Nous sommes repr\u00e9sentants des formes g\u00e9om\u00e9triques sacr\u00e9es parfaites, en notre structure, tout comme de nombreux \u00eatres marins b\u00e2tisseurs, tels que les cnidaires dont nous faisons partie, les \u00e9chinodermes, les mollusques \u00e0 coquilles, les crustac\u00e9s, les \u00e9ponges, les vers marins, les tuniciers, les algues, les herbes marines, qui constituent les fonds marins et qui les habitent.<\/p>\n<p style=\"text-align: justify;\">Nous pouvons ressentir la moindre vibration, le moindre changement, \u00e0 travers nos capteurs, qui nous retransmettent l\u2019\u00e9tat vibratoire d\u2019un endroit. La salinit\u00e9, la temp\u00e9rature, le PH, sont des caract\u00e9ristiques physiques, qui expriment un \u00e9tat de l\u2019eau, sur une zone donn\u00e9e, avec un climat donn\u00e9. Il y a \u00e9galement des changements moins mesurables par les instruments scientifiques humains, dans la vibration de l\u2019eau, qui peut \u00eatre plus ou moins riche en particules m\u00e8res issues de la source, pr\u00e9sentes sur cette partie de la Terre.<\/p>\n<p style=\"text-align: justify;\">Dans de nombreux endroits, sur continent comme dans les oc\u00e9ans, les \u00e9l\u00e9mentaux terrestres qui font le lien entre la mati\u00e8re et le subtil, sur la plan\u00e8te Terre, sont fortement impact\u00e9s par la vibration. Plus les \u00e9l\u00e9mentaux sont \u00e9cart\u00e9s de leur mission d\u2019origine par les vibrations basses, plus ils sont distorsionn\u00e9s, plus ils contribuent \u00e0 la d\u00e9gradation d\u2019un lieu terrestre, par leur vibrations diminu\u00e9es ou parce qu\u2019ils quittent les lieux. Leur mission est de nourrir le plan de la mati\u00e8re par rapport \u00e0 un \u00e9l\u00e9ment de la Terre, en reliance avec les plans subtils, c\u2019est ce qui donne vie \u00e0 la mati\u00e8re, \u00e0 la nature, et lui permet de refl\u00e9ter la beaut\u00e9 de l\u2019Amour de la Source dont elle est issue.<\/p>\n<p style=\"text-align: justify;\">Lorsque des zones, trop impact\u00e9es par les vibrations basses humaines et d\u2019autres plans, voient leurs \u00e9l\u00e9mentaux d\u00e9serter, ces zones meurent, ainsi que les habitants qui les occupent. Alors le taux d\u2019oxyg\u00e8ne diminue, alors les \u00e9l\u00e9ments qui donnent la vie diminuent et si la vibration n\u2019est pas localement rehauss\u00e9e, la zone s\u2019appauvrit jusqu\u2019\u00e0 mourir.<\/p>\n<p style=\"text-align: justify;\">De tr\u00e8s nombreuses zones meurent, partout dans les oc\u00e9ans, en contrepartie de nombreuses autres zones naissent et \u00e9mergent des oc\u00e9ans. C\u2019est le principe des \u00eeles, qui naissent avec des points chauds, qui vivent et qui meurent.<\/p>\n<p style=\"text-align: justify;\">Bient\u00f4t, vous verrez appara\u00eetre de nouvelles zones g\u00e9ographiques oc\u00e9aniques, puis terrestres, parce que tel un Phoenix qui rena\u00eet de ses cendres, la Terre se r\u00e9g\u00e9n\u00e8re \u00e0 plusieurs endroits, apr\u00e8s avoir \u00e9pur\u00e9 sa surface de toutes distorsions et vibrations basses.<\/p>\n<p style=\"text-align: justify;\">Nous, en tant qu\u2019\u00e9l\u00e9ments b\u00e2tisseurs des fonds oc\u00e9aniques, nous renouvellerons dans de nouveaux endroits et parfois renaitrons dans des endroits, qui ne sont pas encore morts, apr\u00e8s avoir \u00e9t\u00e9 \u00e9pur\u00e9s.<\/p>\n<p style=\"text-align: justify;\">Plus la conscience humaine s\u2019\u00e9l\u00e8ve, plus les humains rayonnent et permettent la r\u00e9g\u00e9n\u00e9ration de lieux, gr\u00e2ce \u00e0 leurs vibrations. Les activit\u00e9s humaines \u00e9tant reli\u00e9es \u00e0 leur \u00e9tat vibratoire, si la pression humaine diminue, la pression sur les oc\u00e9ans diminue \u00e9galement et leurs champs vibratoires s\u2019\u00e9tendent \u00e0 nouveau.<\/p>\n<p style=\"text-align: justify;\">C\u2019est ainsi que vous verrez rena\u00eetre la beaut\u00e9 des oc\u00e9ans, tout comme la beaut\u00e9 \u00e0 la surface des continents, sur la Terre.<\/p>\n<p style=\"text-align: justify;\">L\u2019\u00e9l\u00e9vation de la conscience terrestre coupl\u00e9e \u00e0 l\u2019\u00e9l\u00e9vation de la conscience humaine, acc\u00e9l\u00e8rent ce processus. Pour que cela soit visible, cela n\u00e9cessite encore des prises de conscience de l\u2019humanit\u00e9. Ainsi, m\u00eame si nous d\u00e9clinons \u00e0 cet instant, arrivera le moment o\u00f9 nous renaitrons en masse, telle une \u00e9mergence de fleurs marines, comme une apparition de bouquets color\u00e9s, qui refl\u00e8teront la beaut\u00e9 de la Source, sur la surface de la Terre, dans sa nouvelle dimension.<\/p>\n<p style=\"text-align: justify;\">Si aujourd\u2019hui notre d\u00e9clin permet \u00e0 l\u2019humain de prendre conscience de son \u00e9tat vibratoire et du manque d\u2019Amour qu\u2019il renvoie \u00e0 sa Terre, pour lui-m\u00eame et pour tout ce qui lui donne la vie, nous envoyons beaucoup d\u2019Amour \u00e0 ceux qui l\u2019ont oubli\u00e9.<\/p>\n<p style=\"text-align: justify;\">Nous envoyons par nos formes g\u00e9om\u00e9triques, par nos couleurs, et par l\u2019architecture de nos jardins, tout l\u2019Amour que nous sommes et que nous refl\u00e9tons de la Source.<\/p>\n<p style=\"text-align: justify;\">Nous envoyons, par notre Amour gu\u00e9risseur, de nombreuses ondes de formes, \u00e0 tout humain qui re\u00e7oit la beaut\u00e9 de notre \u00eatre et \u00e0 la Terre, qui re\u00e7oit notre soutien vibratoire.<\/p>\n<p style=\"text-align: justify;\">Nous sommes en collaboration avec de nombreux autres collectifs animaux, qui interagissent avec les r\u00e9cifs coralliens, et ensemble nous contribuons \u00e0 ce changement vibratoire, en aidant \u00e0 la prise de conscience des humains.<\/p>\n<p style=\"text-align: justify;\">Nos compagnons collectifs animaux des continents, ont la m\u00eame mission, par rapport aux \u00e9l\u00e9ments dont ils d\u00e9pendent.<\/p>\n<p style=\"text-align: justify;\">Ensemble nous vivons cette ascension, qui nous \u00e9l\u00e8ve nous aussi sur un nouveau plan vibratoire, pour exp\u00e9rimenter de nouvelles formes et de nouvelles couleurs.<\/p>\n<p style=\"text-align: justify;\">Nous vous aimons et vous envoyons toute la beaut\u00e9 que nous refl\u00e9tons.<\/p>\n<p style=\"text-align: justify;\">Nous sommes reconnaissants pour cette exp\u00e9rience, qui nous permet de nous reconna\u00eetre encore plus comme l\u2019\u00e9nergie source, et nous permet de rayonner encore plus de lumi\u00e8re.<\/p>\n<p style=\"text-align: justify;\">Merci, merci, merci<\/p>","protected":false},"excerpt":{"rendered":"<p>Nous l&rsquo;intelligence divine animale du collectif des coraux, sommes \u00e9troitement li\u00e9s \u00e0 la matrice de la Terre. Nous nous d\u00e9veloppons \u00e9galement sur une plan\u00e8te de Sirius, l\u00e0 o\u00f9 sont nos origines, sur un plan de conscience plus \u00e9lev\u00e9 que celui de la Terre actuellement. En raison du changement vibratoire acc\u00e9l\u00e9r\u00e9 depuis 2012, nous vivons sur &hellip; <\/p>\n<p class=\"link-more\"><a href=\"https:\/\/ouvrir-son-coeur.fr\/index.php\/2022\/07\/23\/les-recifs-coralliens-une-toute-nouvelle-terre-soffre-a-vous\/\" class=\"more-link\">Continue reading<span class=\"screen-reader-text\"> \u00ab\u00a0Les r\u00e9cifs coralliens\u00a0: une toute nouvelle Terre s\u2019offre \u00e0 vous\u00a0\u00bb<\/span><\/a><\/p>\n","protected":false},"author":1,"featured_media":2028,"comment_status":"closed","ping_status":"closed","sticky":false,"template":"","format":"standard","meta":{"footnotes":""},"categories":[26],"tags":[],"class_list":["post-2027","post","type-post","status-publish","format-standard","has-post-thumbnail","hentry","category-canalisation"],"yoast_head":"<!-- This site is optimized with the Yoast SEO plugin v27.2 - https:\/\/yoast.com\/product\/yoast-seo-wordpress\/ -->\n<title>Les r\u00e9cifs coralliens\u00a0: une toute nouvelle Terre s\u2019offre \u00e0 vous - Delphine ORIEUX<\/title>\n<meta name=\"robots\" content=\"index, follow, max-snippet:-1, max-image-preview:large, max-video-preview:-1\" \/>\n<link rel=\"canonical\" href=\"https:\/\/ouvrir-son-coeur.fr\/index.php\/2022\/07\/23\/les-recifs-coralliens-une-toute-nouvelle-terre-soffre-a-vous\/\" \/>\n<meta property=\"og:locale\" content=\"fr_FR\" \/>\n<meta property=\"og:type\" content=\"article\" \/>\n<meta property=\"og:title\" content=\"Les r\u00e9cifs coralliens\u00a0: une toute nouvelle Terre s\u2019offre \u00e0 vous - Delphine ORIEUX\" \/>\n<meta property=\"og:description\" content=\"Nous l&rsquo;intelligence divine animale du collectif des coraux, sommes \u00e9troitement li\u00e9s \u00e0 la matrice de la Terre. Nous nous d\u00e9veloppons \u00e9galement sur une plan\u00e8te de Sirius, l\u00e0 o\u00f9 sont nos origines, sur un plan de conscience plus \u00e9lev\u00e9 que celui de la Terre actuellement. En raison du changement vibratoire acc\u00e9l\u00e9r\u00e9 depuis 2012, nous vivons sur &hellip; Continue reading &quot;Les r\u00e9cifs coralliens\u00a0: une toute nouvelle Terre s\u2019offre \u00e0 vous&quot;\" \/>\n<meta property=\"og:url\" content=\"https:\/\/ouvrir-son-coeur.fr\/index.php\/2022\/07\/23\/les-recifs-coralliens-une-toute-nouvelle-terre-soffre-a-vous\/\" \/>\n<meta property=\"og:site_name\" content=\"Delphine ORIEUX\" \/>\n<meta property=\"article:published_time\" content=\"2022-07-23T10:12:54+00:00\" \/>\n<meta property=\"article:modified_time\" content=\"2022-07-25T03:47:12+00:00\" \/>\n<meta property=\"og:image\" content=\"https:\/\/ouvrir-son-coeur.fr\/wp-content\/uploads\/2022\/07\/tortoise-g2c3177bd5_1280-1024x768.jpg\" \/>\n<meta name=\"author\" content=\"Delphine\" \/>\n<meta name=\"twitter:card\" content=\"summary_large_image\" \/>\n<meta name=\"twitter:label1\" content=\"\u00c9crit par\" \/>\n\t<meta name=\"twitter:data1\" content=\"Delphine\" \/>\n\t<meta name=\"twitter:label2\" content=\"Dur\u00e9e de lecture estim\u00e9e\" \/>\n\t<meta name=\"twitter:data2\" content=\"5 minutes\" \/>\n<script type=\"application\/ld+json\" class=\"yoast-schema-graph\">{\"@context\":\"https:\/\/schema.org\",\"@graph\":[{\"@type\":\"Article\",\"@id\":\"https:\/\/ouvrir-son-coeur.fr\/index.php\/2022\/07\/23\/les-recifs-coralliens-une-toute-nouvelle-terre-soffre-a-vous\/#article\",\"isPartOf\":{\"@id\":\"https:\/\/ouvrir-son-coeur.fr\/index.php\/2022\/07\/23\/les-recifs-coralliens-une-toute-nouvelle-terre-soffre-a-vous\/\"},\"author\":{\"name\":\"Delphine\",\"@id\":\"https:\/\/ouvrir-son-coeur.fr\/#\/schema\/person\/79755406436a7adaddb901ee35a4d28c\"},\"headline\":\"Les r\u00e9cifs coralliens\u00a0: une toute nouvelle Terre s\u2019offre \u00e0 vous\",\"datePublished\":\"2022-07-23T10:12:54+00:00\",\"dateModified\":\"2022-07-25T03:47:12+00:00\",\"mainEntityOfPage\":{\"@id\":\"https:\/\/ouvrir-son-coeur.fr\/index.php\/2022\/07\/23\/les-recifs-coralliens-une-toute-nouvelle-terre-soffre-a-vous\/\"},\"wordCount\":1061,\"publisher\":{\"@id\":\"https:\/\/ouvrir-son-coeur.fr\/#organization\"},\"image\":{\"@id\":\"https:\/\/ouvrir-son-coeur.fr\/index.php\/2022\/07\/23\/les-recifs-coralliens-une-toute-nouvelle-terre-soffre-a-vous\/#primaryimage\"},\"thumbnailUrl\":\"https:\/\/ouvrir-son-coeur.fr\/wp-content\/uploads\/2022\/07\/tortoise-g2c3177bd5_1280.jpg\",\"articleSection\":[\"Canalisation\"],\"inLanguage\":\"fr-FR\"},{\"@type\":\"WebPage\",\"@id\":\"https:\/\/ouvrir-son-coeur.fr\/index.php\/2022\/07\/23\/les-recifs-coralliens-une-toute-nouvelle-terre-soffre-a-vous\/\",\"url\":\"https:\/\/ouvrir-son-coeur.fr\/index.php\/2022\/07\/23\/les-recifs-coralliens-une-toute-nouvelle-terre-soffre-a-vous\/\",\"name\":\"Les r\u00e9cifs coralliens\u00a0: une toute nouvelle Terre s\u2019offre \u00e0 vous - Delphine ORIEUX\",\"isPartOf\":{\"@id\":\"https:\/\/ouvrir-son-coeur.fr\/#website\"},\"primaryImageOfPage\":{\"@id\":\"https:\/\/ouvrir-son-coeur.fr\/index.php\/2022\/07\/23\/les-recifs-coralliens-une-toute-nouvelle-terre-soffre-a-vous\/#primaryimage\"},\"image\":{\"@id\":\"https:\/\/ouvrir-son-coeur.fr\/index.php\/2022\/07\/23\/les-recifs-coralliens-une-toute-nouvelle-terre-soffre-a-vous\/#primaryimage\"},\"thumbnailUrl\":\"https:\/\/ouvrir-son-coeur.fr\/wp-content\/uploads\/2022\/07\/tortoise-g2c3177bd5_1280.jpg\",\"datePublished\":\"2022-07-23T10:12:54+00:00\",\"dateModified\":\"2022-07-25T03:47:12+00:00\",\"breadcrumb\":{\"@id\":\"https:\/\/ouvrir-son-coeur.fr\/index.php\/2022\/07\/23\/les-recifs-coralliens-une-toute-nouvelle-terre-soffre-a-vous\/#breadcrumb\"},\"inLanguage\":\"fr-FR\",\"potentialAction\":[{\"@type\":\"ReadAction\",\"target\":[\"https:\/\/ouvrir-son-coeur.fr\/index.php\/2022\/07\/23\/les-recifs-coralliens-une-toute-nouvelle-terre-soffre-a-vous\/\"]}]},{\"@type\":\"ImageObject\",\"inLanguage\":\"fr-FR\",\"@id\":\"https:\/\/ouvrir-son-coeur.fr\/index.php\/2022\/07\/23\/les-recifs-coralliens-une-toute-nouvelle-terre-soffre-a-vous\/#primaryimage\",\"url\":\"https:\/\/ouvrir-son-coeur.fr\/wp-content\/uploads\/2022\/07\/tortoise-g2c3177bd5_1280.jpg\",\"contentUrl\":\"https:\/\/ouvrir-son-coeur.fr\/wp-content\/uploads\/2022\/07\/tortoise-g2c3177bd5_1280.jpg\",\"width\":1280,\"height\":960},{\"@type\":\"BreadcrumbList\",\"@id\":\"https:\/\/ouvrir-son-coeur.fr\/index.php\/2022\/07\/23\/les-recifs-coralliens-une-toute-nouvelle-terre-soffre-a-vous\/#breadcrumb\",\"itemListElement\":[{\"@type\":\"ListItem\",\"position\":1,\"name\":\"Accueil\",\"item\":\"https:\/\/ouvrir-son-coeur.fr\/\"},{\"@type\":\"ListItem\",\"position\":2,\"name\":\"Les r\u00e9cifs coralliens\u00a0: une toute nouvelle Terre s\u2019offre \u00e0 vous\"}]},{\"@type\":\"WebSite\",\"@id\":\"https:\/\/ouvrir-son-coeur.fr\/#website\",\"url\":\"https:\/\/ouvrir-son-coeur.fr\/\",\"name\":\"Delphine ORIEUX\",\"description\":\"Ouvrir son coeur pour un retour \u00e0 soi\",\"publisher\":{\"@id\":\"https:\/\/ouvrir-son-coeur.fr\/#organization\"},\"potentialAction\":[{\"@type\":\"SearchAction\",\"target\":{\"@type\":\"EntryPoint\",\"urlTemplate\":\"https:\/\/ouvrir-son-coeur.fr\/?s={search_term_string}\"},\"query-input\":{\"@type\":\"PropertyValueSpecification\",\"valueRequired\":true,\"valueName\":\"search_term_string\"}}],\"inLanguage\":\"fr-FR\"},{\"@type\":\"Organization\",\"@id\":\"https:\/\/ouvrir-son-coeur.fr\/#organization\",\"name\":\"Delphine ORIEUX\",\"url\":\"https:\/\/ouvrir-son-coeur.fr\/\",\"logo\":{\"@type\":\"ImageObject\",\"inLanguage\":\"fr-FR\",\"@id\":\"https:\/\/ouvrir-son-coeur.fr\/#\/schema\/logo\/image\/\",\"url\":\"https:\/\/ouvrir-son-coeur.fr\/wp-content\/uploads\/2019\/10\/cropped-71673114_2509801119097527_6138808206555611136_o-15.jpg\",\"contentUrl\":\"https:\/\/ouvrir-son-coeur.fr\/wp-content\/uploads\/2019\/10\/cropped-71673114_2509801119097527_6138808206555611136_o-15.jpg\",\"width\":546,\"height\":505,\"caption\":\"Delphine ORIEUX\"},\"image\":{\"@id\":\"https:\/\/ouvrir-son-coeur.fr\/#\/schema\/logo\/image\/\"}},{\"@type\":\"Person\",\"@id\":\"https:\/\/ouvrir-son-coeur.fr\/#\/schema\/person\/79755406436a7adaddb901ee35a4d28c\",\"name\":\"Delphine\",\"image\":{\"@type\":\"ImageObject\",\"inLanguage\":\"fr-FR\",\"@id\":\"https:\/\/secure.gravatar.com\/avatar\/4feb5ead4d5221e0fd82faeb7afb26cb5db06cdb420750aab1923c6a5e1ac1ac?s=96&d=mm&r=g\",\"url\":\"https:\/\/secure.gravatar.com\/avatar\/4feb5ead4d5221e0fd82faeb7afb26cb5db06cdb420750aab1923c6a5e1ac1ac?s=96&d=mm&r=g\",\"contentUrl\":\"https:\/\/secure.gravatar.com\/avatar\/4feb5ead4d5221e0fd82faeb7afb26cb5db06cdb420750aab1923c6a5e1ac1ac?s=96&d=mm&r=g\",\"caption\":\"Delphine\"},\"url\":\"https:\/\/ouvrir-son-coeur.fr\/index.php\/author\/admin2719\/\"}]}<\/script>\n<!-- \/ Yoast SEO plugin. -->","yoast_head_json":{"title":"Les r\u00e9cifs coralliens\u00a0: une toute nouvelle Terre s\u2019offre \u00e0 vous - Delphine ORIEUX","robots":{"index":"index","follow":"follow","max-snippet":"max-snippet:-1","max-image-preview":"max-image-preview:large","max-video-preview":"max-video-preview:-1"},"canonical":"https:\/\/ouvrir-son-coeur.fr\/index.php\/2022\/07\/23\/les-recifs-coralliens-une-toute-nouvelle-terre-soffre-a-vous\/","og_locale":"fr_FR","og_type":"article","og_title":"Les r\u00e9cifs coralliens\u00a0: une toute nouvelle Terre s\u2019offre \u00e0 vous - Delphine ORIEUX","og_description":"Nous l&rsquo;intelligence divine animale du collectif des coraux, sommes \u00e9troitement li\u00e9s \u00e0 la matrice de la Terre. Nous nous d\u00e9veloppons \u00e9galement sur une plan\u00e8te de Sirius, l\u00e0 o\u00f9 sont nos origines, sur un plan de conscience plus \u00e9lev\u00e9 que celui de la Terre actuellement. En raison du changement vibratoire acc\u00e9l\u00e9r\u00e9 depuis 2012, nous vivons sur &hellip; Continue reading \"Les r\u00e9cifs coralliens\u00a0: une toute nouvelle Terre s\u2019offre \u00e0 vous\"","og_url":"https:\/\/ouvrir-son-coeur.fr\/index.php\/2022\/07\/23\/les-recifs-coralliens-une-toute-nouvelle-terre-soffre-a-vous\/","og_site_name":"Delphine ORIEUX","article_published_time":"2022-07-23T10:12:54+00:00","article_modified_time":"2022-07-25T03:47:12+00:00","og_image":[{"url":"https:\/\/ouvrir-son-coeur.fr\/wp-content\/uploads\/2022\/07\/tortoise-g2c3177bd5_1280-1024x768.jpg","type":"","width":"","height":""}],"author":"Delphine","twitter_card":"summary_large_image","twitter_misc":{"\u00c9crit par":"Delphine","Dur\u00e9e de lecture estim\u00e9e":"5 minutes"},"schema":{"@context":"https:\/\/schema.org","@graph":[{"@type":"Article","@id":"https:\/\/ouvrir-son-coeur.fr\/index.php\/2022\/07\/23\/les-recifs-coralliens-une-toute-nouvelle-terre-soffre-a-vous\/#article","isPartOf":{"@id":"https:\/\/ouvrir-son-coeur.fr\/index.php\/2022\/07\/23\/les-recifs-coralliens-une-toute-nouvelle-terre-soffre-a-vous\/"},"author":{"name":"Delphine","@id":"https:\/\/ouvrir-son-coeur.fr\/#\/schema\/person\/79755406436a7adaddb901ee35a4d28c"},"headline":"Les r\u00e9cifs coralliens\u00a0: une toute nouvelle Terre s\u2019offre \u00e0 vous","datePublished":"2022-07-23T10:12:54+00:00","dateModified":"2022-07-25T03:47:12+00:00","mainEntityOfPage":{"@id":"https:\/\/ouvrir-son-coeur.fr\/index.php\/2022\/07\/23\/les-recifs-coralliens-une-toute-nouvelle-terre-soffre-a-vous\/"},"wordCount":1061,"publisher":{"@id":"https:\/\/ouvrir-son-coeur.fr\/#organization"},"image":{"@id":"https:\/\/ouvrir-son-coeur.fr\/index.php\/2022\/07\/23\/les-recifs-coralliens-une-toute-nouvelle-terre-soffre-a-vous\/#primaryimage"},"thumbnailUrl":"https:\/\/ouvrir-son-coeur.fr\/wp-content\/uploads\/2022\/07\/tortoise-g2c3177bd5_1280.jpg","articleSection":["Canalisation"],"inLanguage":"fr-FR"},{"@type":"WebPage","@id":"https:\/\/ouvrir-son-coeur.fr\/index.php\/2022\/07\/23\/les-recifs-coralliens-une-toute-nouvelle-terre-soffre-a-vous\/","url":"https:\/\/ouvrir-son-coeur.fr\/index.php\/2022\/07\/23\/les-recifs-coralliens-une-toute-nouvelle-terre-soffre-a-vous\/","name":"Les r\u00e9cifs coralliens\u00a0: une toute nouvelle Terre s\u2019offre \u00e0 vous - Delphine ORIEUX","isPartOf":{"@id":"https:\/\/ouvrir-son-coeur.fr\/#website"},"primaryImageOfPage":{"@id":"https:\/\/ouvrir-son-coeur.fr\/index.php\/2022\/07\/23\/les-recifs-coralliens-une-toute-nouvelle-terre-soffre-a-vous\/#primaryimage"},"image":{"@id":"https:\/\/ouvrir-son-coeur.fr\/index.php\/2022\/07\/23\/les-recifs-coralliens-une-toute-nouvelle-terre-soffre-a-vous\/#primaryimage"},"thumbnailUrl":"https:\/\/ouvrir-son-coeur.fr\/wp-content\/uploads\/2022\/07\/tortoise-g2c3177bd5_1280.jpg","datePublished":"2022-07-23T10:12:54+00:00","dateModified":"2022-07-25T03:47:12+00:00","breadcrumb":{"@id":"https:\/\/ouvrir-son-coeur.fr\/index.php\/2022\/07\/23\/les-recifs-coralliens-une-toute-nouvelle-terre-soffre-a-vous\/#breadcrumb"},"inLanguage":"fr-FR","potentialAction":[{"@type":"ReadAction","target":["https:\/\/ouvrir-son-coeur.fr\/index.php\/2022\/07\/23\/les-recifs-coralliens-une-toute-nouvelle-terre-soffre-a-vous\/"]}]},{"@type":"ImageObject","inLanguage":"fr-FR","@id":"https:\/\/ouvrir-son-coeur.fr\/index.php\/2022\/07\/23\/les-recifs-coralliens-une-toute-nouvelle-terre-soffre-a-vous\/#primaryimage","url":"https:\/\/ouvrir-son-coeur.fr\/wp-content\/uploads\/2022\/07\/tortoise-g2c3177bd5_1280.jpg","contentUrl":"https:\/\/ouvrir-son-coeur.fr\/wp-content\/uploads\/2022\/07\/tortoise-g2c3177bd5_1280.jpg","width":1280,"height":960},{"@type":"BreadcrumbList","@id":"https:\/\/ouvrir-son-coeur.fr\/index.php\/2022\/07\/23\/les-recifs-coralliens-une-toute-nouvelle-terre-soffre-a-vous\/#breadcrumb","itemListElement":[{"@type":"ListItem","position":1,"name":"Accueil","item":"https:\/\/ouvrir-son-coeur.fr\/"},{"@type":"ListItem","position":2,"name":"Les r\u00e9cifs coralliens\u00a0: une toute nouvelle Terre s\u2019offre \u00e0 vous"}]},{"@type":"WebSite","@id":"https:\/\/ouvrir-son-coeur.fr\/#website","url":"https:\/\/ouvrir-son-coeur.fr\/","name":"Delphine ORIEUX","description":"Ouvrir son coeur pour un retour \u00e0 soi","publisher":{"@id":"https:\/\/ouvrir-son-coeur.fr\/#organization"},"potentialAction":[{"@type":"SearchAction","target":{"@type":"EntryPoint","urlTemplate":"https:\/\/ouvrir-son-coeur.fr\/?s={search_term_string}"},"query-input":{"@type":"PropertyValueSpecification","valueRequired":true,"valueName":"search_term_string"}}],"inLanguage":"fr-FR"},{"@type":"Organization","@id":"https:\/\/ouvrir-son-coeur.fr\/#organization","name":"Delphine ORIEUX","url":"https:\/\/ouvrir-son-coeur.fr\/","logo":{"@type":"ImageObject","inLanguage":"fr-FR","@id":"https:\/\/ouvrir-son-coeur.fr\/#\/schema\/logo\/image\/","url":"https:\/\/ouvrir-son-coeur.fr\/wp-content\/uploads\/2019\/10\/cropped-71673114_2509801119097527_6138808206555611136_o-15.jpg","contentUrl":"https:\/\/ouvrir-son-coeur.fr\/wp-content\/uploads\/2019\/10\/cropped-71673114_2509801119097527_6138808206555611136_o-15.jpg","width":546,"height":505,"caption":"Delphine ORIEUX"},"image":{"@id":"https:\/\/ouvrir-son-coeur.fr\/#\/schema\/logo\/image\/"}},{"@type":"Person","@id":"https:\/\/ouvrir-son-coeur.fr\/#\/schema\/person\/79755406436a7adaddb901ee35a4d28c","name":"Delphine","image":{"@type":"ImageObject","inLanguage":"fr-FR","@id":"https:\/\/secure.gravatar.com\/avatar\/4feb5ead4d5221e0fd82faeb7afb26cb5db06cdb420750aab1923c6a5e1ac1ac?s=96&d=mm&r=g","url":"https:\/\/secure.gravatar.com\/avatar\/4feb5ead4d5221e0fd82faeb7afb26cb5db06cdb420750aab1923c6a5e1ac1ac?s=96&d=mm&r=g","contentUrl":"https:\/\/secure.gravatar.com\/avatar\/4feb5ead4d5221e0fd82faeb7afb26cb5db06cdb420750aab1923c6a5e1ac1ac?s=96&d=mm&r=g","caption":"Delphine"},"url":"https:\/\/ouvrir-son-coeur.fr\/index.php\/author\/admin2719\/"}]}},"_links":{"self":[{"href":"https:\/\/ouvrir-son-coeur.fr\/index.php\/wp-json\/wp\/v2\/posts\/2027","targetHints":{"allow":["GET"]}}],"collection":[{"href":"https:\/\/ouvrir-son-coeur.fr\/index.php\/wp-json\/wp\/v2\/posts"}],"about":[{"href":"https:\/\/ouvrir-son-coeur.fr\/index.php\/wp-json\/wp\/v2\/types\/post"}],"author":[{"embeddable":true,"href":"https:\/\/ouvrir-son-coeur.fr\/index.php\/wp-json\/wp\/v2\/users\/1"}],"replies":[{"embeddable":true,"href":"https:\/\/ouvrir-son-coeur.fr\/index.php\/wp-json\/wp\/v2\/comments?post=2027"}],"version-history":[{"count":3,"href":"https:\/\/ouvrir-son-coeur.fr\/index.php\/wp-json\/wp\/v2\/posts\/2027\/revisions"}],"predecessor-version":[{"id":2033,"href":"https:\/\/ouvrir-son-coeur.fr\/index.php\/wp-json\/wp\/v2\/posts\/2027\/revisions\/2033"}],"wp:featuredmedia":[{"embeddable":true,"href":"https:\/\/ouvrir-son-coeur.fr\/index.php\/wp-json\/wp\/v2\/media\/2028"}],"wp:attachment":[{"href":"https:\/\/ouvrir-son-coeur.fr\/index.php\/wp-json\/wp\/v2\/media?parent=2027"}],"wp:term":[{"taxonomy":"category","embeddable":true,"href":"https:\/\/ouvrir-son-coeur.fr\/index.php\/wp-json\/wp\/v2\/categories?post=2027"},{"taxonomy":"post_tag","embeddable":true,"href":"https:\/\/ouvrir-son-coeur.fr\/index.php\/wp-json\/wp\/v2\/tags?post=2027"}],"curies":[{"name":"wp","href":"https:\/\/api.w.org\/{rel}","templated":true}]}}