{"id":2011,"date":"2022-07-16T13:52:45","date_gmt":"2022-07-16T11:52:45","guid":{"rendered":"https:\/\/ouvrir-son-coeur.fr\/?p=2011"},"modified":"2022-07-16T13:52:46","modified_gmt":"2022-07-16T11:52:46","slug":"collectif-des-tortues-marines-explorez-les-eaux-interieures-de-votre-etre","status":"publish","type":"post","link":"https:\/\/ouvrir-son-coeur.fr\/index.php\/2022\/07\/16\/collectif-des-tortues-marines-explorez-les-eaux-interieures-de-votre-etre\/","title":{"rendered":"Collectif des tortues marines: Explorez les eaux int\u00e9rieures de votre \u00eatre"},"content":{"rendered":"<div class=\"wp-block-image\">\n<figure class=\"aligncenter size-large\"><img loading=\"lazy\" decoding=\"async\" width=\"1024\" height=\"768\" src=\"https:\/\/ouvrir-son-coeur.fr\/wp-content\/uploads\/2022\/07\/sea-ge9ad2af8f_1280-1024x768.jpg\" alt=\"\" class=\"wp-image-2012\" srcset=\"https:\/\/ouvrir-son-coeur.fr\/wp-content\/uploads\/2022\/07\/sea-ge9ad2af8f_1280-1024x768.jpg 1024w, https:\/\/ouvrir-son-coeur.fr\/wp-content\/uploads\/2022\/07\/sea-ge9ad2af8f_1280-300x225.jpg 300w, https:\/\/ouvrir-son-coeur.fr\/wp-content\/uploads\/2022\/07\/sea-ge9ad2af8f_1280-768x576.jpg 768w, https:\/\/ouvrir-son-coeur.fr\/wp-content\/uploads\/2022\/07\/sea-ge9ad2af8f_1280-1200x900.jpg 1200w, https:\/\/ouvrir-son-coeur.fr\/wp-content\/uploads\/2022\/07\/sea-ge9ad2af8f_1280.jpg 1280w\" sizes=\"auto, (max-width: 1024px) 100vw, 1024px\" \/><\/figure>\n<\/div>\n\n<p style=\"text-align: justify;\">Chers \u00eatres humains, compagnons de route ici sur la plan\u00e8te Terre. Nous accordons beaucoup de respect \u00e0 tous ceux qui nous traitent avec respect et nous accordons beaucoup d\u2019Amour \u00e0 tous, y compris \u00e0 ceux qui se sont coup\u00e9s de leur propre Amour et qui n\u2019ont pas conscience de la souffrance qu\u2019ils infligent aux n\u00f4tres.<\/p>\n<p style=\"text-align: justify;\">Nous avons de grandes connaissances des eaux de la plan\u00e8te Terre. Nous explorons et nous nous d\u00e9pla\u00e7ons partout o\u00f9 les ressources sont disponibles pour nous.<\/p>\n<p style=\"text-align: justify;\">Par rapport \u00e0 notre taille et \u00e0 nos diff\u00e9rentes esp\u00e8ces, nous sommes en mesure de nous adapter \u00e0 ce que nous offrent les eaux et au climat des zones que nous sillonnons.<\/p>\n<p style=\"text-align: justify;\">Si certains d\u2019entre vous s\u2019int\u00e9ressent \u00e0 notre fa\u00e7on de voyager et de nous orienter, nous sommes la plupart du temps laiss\u00e9s pour compte, au gr\u00e9 des d\u00e9placements des bateaux et nous ne souhaitons gu\u00e8re avoir des interactions avec les humains, pour la plupart d\u2019entre nous.<\/p>\n<p style=\"text-align: justify;\">Nous avons conscience que l\u2019humanit\u00e9 traverse de nombreuses turbulences, tout comme le reste des collectifs sur Terre et autour de la Terre. Pour autant, nous ne choisissons pas de vivre aupr\u00e8s de vous, en tant que guide physique. Nous agissons plut\u00f4t dans les eaux en vivant l\u2019exploration des fonds marins et des surfaces, tout en \u00e9mettant de nombreux codes de sagesse.<\/p>\n<p style=\"text-align: justify;\">La sagesse est cet \u00e9tat de l\u2019Amour qui, apr\u00e8s avoir v\u00e9cu des exp\u00e9riences dans la dualit\u00e9, donne cet \u00e9quilibre, o\u00f9 tout ce qui arrive est v\u00e9cu comme enseignement de foi, toujours en alignement avec ce qu\u2019il y a de plus grand.<\/p>\n<p style=\"text-align: justify;\">Nous avons un immense Amour pour tous ceux qui sillonnent la m\u00eame route que la n\u00f4tre et nous aimons partager dans notre fa\u00e7on de vivre, cet \u00e9tat de calme et de qui\u00e9tude int\u00e9rieure que l\u2019on retrouve dans les eaux int\u00e9rieures, en contraste avec l\u2019agitation pr\u00e9sente \u00e0 la surface de l\u2019eau. Nous invitions tr\u00e8s souvent les visiteurs \u00e0 descendre sous la surface pour retrouver cet apaisement int\u00e9rieur qu\u2019offrent les eaux de l\u2019oc\u00e9an.<\/p>\n<p style=\"text-align: justify;\">Nos interactions avec vous ne sont donc pas de l\u2019ordre du jeu ou du contact physique, m\u00eame si parfois cela se fait, elles sont plut\u00f4t une invitation \u00e0 explorer les eaux int\u00e9rieures, \u00e0 travers l\u2019oc\u00e9an, pour trouver ce calme serein et profond issu de ce qui est votre partie la plus profonde \u00e0 l\u2019int\u00e9rieur de vous.<\/p>\n<p style=\"text-align: justify;\">De grands ma\u00eetres de sagesses font partie de notre collectif et la plupart s\u2019inscrivent dans des actions de sensibilisation de la nature humaine \u00e0 l\u2019\u00e9tat des oc\u00e9ans, \u00e0 l\u2019\u00e9tat de vos eaux int\u00e9rieures. Pour cela nombreux sont les \u00eatres qui offrent leur vie, de mani\u00e8re souffrante, afin que les humains prennent conscience de l\u2019\u00e9tat de leurs eaux et de la mani\u00e8re dont ils consomment leurs ressources.<\/p>\n<p style=\"text-align: justify;\">Les ressources qu\u2019offre l\u2019eau sont la base de la vie\u00a0: les \u00e9l\u00e9ments pour respirer, pour manger, pour boire, pour communiquer et bien s\u00fbr sont la composition des cellules vivantes. Si les eaux int\u00e9rieures sont perturb\u00e9es par des agents ext\u00e9rieurs transform\u00e9s, qui viennent nuire \u00e0 la vie, un processus d\u2019autodestruction est en route et cela cr\u00e9e toutes les cons\u00e9quences que vous connaissez, jusqu\u2019\u00e0 la mort.<\/p>\n<p style=\"text-align: justify;\">Si vous ne pouvez nous aider en soignant tous les individus touch\u00e9s par ce d\u00e9s\u00e9quilibre, vous pouvez vous aider vous-m\u00eame en r\u00e9gulant ce d\u00e9s\u00e9quilibre dans vos eaux int\u00e9rieures, en partant en exploration de vous-m\u00eame.<\/p>\n<p style=\"text-align: justify;\">Aller explorer ses eaux en profondeur, n\u00e9cessite d\u2019avoir le courage de descendre depuis la surface jusqu\u2019aux plus profondes abysses, pour y d\u00e9couvrir ses aspects les plus sombres tout comme les plus lumineux. Et une fois d\u00e9couvert tout ce qui a besoin d\u2019\u00eatre vu, cela permet d\u2019avoir une meilleure compr\u00e9hension de ce qu\u2019offre la vie, de ce qu\u2019est la vie et de par quoi est r\u00e9gie la vie. Ainsi l\u2019\u00e9quilibre peut se r\u00e9tablir, avec une meilleure circulation de l\u2019eau, \u00e0 tous les \u00e9tages, et an ayant une vision plus globale, en se lib\u00e9rant de tout \u00e9l\u00e9ment toxique, dans ses eaux.<\/p>\n<p style=\"text-align: justify;\">Nos petits naissent sur des plages, dans l\u2019\u00e9l\u00e9ment Terre, car notre famille a besoin de soleil, pour r\u00e9guler la temp\u00e9rature de nos corps et permettre l\u2019\u00e9closion de la vie. C\u2019est pourquoi nous revenons et restons en surface pour nous laisser impr\u00e9gner de la chaleur qu\u2019apporte le soleil. Cela permet \u00e0 nos cellules de distribuer toutes les particules solaires, sources de la vie, dans nos corps et ensuite de les redistribuer lorsque nous naviguons dans les eaux, \u00e0 travers l\u2019\u00e9l\u00e9ment eau.<\/p>\n<p style=\"text-align: justify;\">Nous avons choisi de mettre en Terre nombreux de nos \u0153ufs pour laisser en \u00e9vidence la trace de notre passage et surtout pour donner la possibilit\u00e9 \u00e0 la vie d\u2019\u00e9clore, au vu de tous les obstacles qu\u2019elle rencontre sur son chemin.<\/p>\n<p style=\"text-align: justify;\">C\u2019est pour cela qu\u2019apr\u00e8s tant de p\u00e9riodes pass\u00e9es sur Terre, nous sommes dans cette phase o\u00f9 les obstacles et les forteresses construits par l\u2019\u00e9go humain, ainsi que toutes les perturbations de la circulation des eaux int\u00e9rieures que cela cr\u00e9e, nuisent \u00e0 l\u2019\u00e9closion de la vie, par manque de place \u00e0 l\u2019Amour. L\u2019humain s\u2019\u00e9tant construit tant de barri\u00e8res mentales, qu\u2019il n\u2019est plus en mesure de laisser la vie \u00e9clore dans ses eaux int\u00e9rieures et se laisse envahir par toutes les cons\u00e9quences de ses exp\u00e9riences v\u00e9cues.<\/p>\n<p style=\"text-align: justify;\">Cela conduit \u00e0 la mort et \u00e0 l\u2019extinction de tous ses principes de vie qui jusqu\u2019ici n\u2019\u00e9taient pas align\u00e9s \u00e0 l\u2019\u00e9nergie d\u2019Amour universelle. Nous repr\u00e9sentants de la famille des grands sages, aidons l\u2019humanit\u00e9 \u00e0 comprendre les cons\u00e9quences et ainsi \u00e0 prendre conscience que le changement est in\u00e9vitable, sous peine d\u2019impossibilit\u00e9 de continuer \u00e0 vivre dans ces conditions.<\/p>\n<p style=\"text-align: justify;\">Nous faisons partie de cette famille galactique que certains nomment les grands ma\u00eetres du syst\u00e8me de Lakumay. Nous sommes reli\u00e9s \u00e0 Sirius, aux dauphins, aux r\u00e9cifs coralliens, aux grands poissons provenant de notre dimension et \u00e0 tous ceux qui constituent les gardiens de notre dimension. Nous aidons \u00e0 la conservation des sols marins dans les zones \u00e9clair\u00e9es par le soleil, car la vie dans nos corps d\u00e9pendent des rayons du soleil et de l\u2019air.<\/p>\n<p style=\"text-align: justify;\">Nous apportons stabilit\u00e9 et prot\u00e9geons nos amis les dauphins, qui diffusent l\u2019\u00e9nergie de l\u2019Un, comme des remparts face aux multiples attaques qu\u2019ils essuient, de par leur mission d\u2019\u00e9l\u00e9vation de la conscience, par le rayon christique.<\/p>\n<p style=\"text-align: justify;\">Face \u00e0 l\u2019\u00e9l\u00e9vation de la conscience, nombreux sont ceux qui r\u00e9sistent et choisissent le chemin inverse, c\u2019est le principe de la dualit\u00e9. Pour cela tous les vecteurs de cette \u00e9l\u00e9vation sont pris pour cible par ceux qui s\u2019y opposent. Le r\u00e8gne animal, tout comme les r\u00e8gnes v\u00e9g\u00e9tal, min\u00e9ral et humain, en vivent les cons\u00e9quences. Cela fait partie du chemin d\u2019\u00e9volution.<\/p>\n<p style=\"text-align: justify;\">C\u2019est ainsi que l\u2019\u00e9volution est en marche depuis la cr\u00e9ation m\u00eame de la Terre et que chaque lumi\u00e8re et chaque opposant jouent les missions qui composent cette merveilleuse ascension de la conscience collective, \u00e0 la surface de la plan\u00e8te Terre.<\/p>\n<p style=\"text-align: justify;\">Nous sommes parfois en marge des humains dans nos activit\u00e9s quotidiennes, car les missions que nous avons ont un r\u00f4le pr\u00e9pond\u00e9rant comme pour chaque \u00e9l\u00e9ment de l\u2019ensemble du plan de l\u2019\u00e9volution et il est n\u00e9cessaire pour nous de nous prot\u00e9ger au mieux des impacts.<\/p>\n<p style=\"text-align: justify;\">Nous portons toute notre gratitude \u00e0 ceux qui par l\u2019ouverture de leur c\u0153ur, soignent ceux des n\u00f4tres qui sont bless\u00e9s, et nous savons que ces actions collectives ont un impact sur la prise de conscience de l\u2019\u00e9tat actuel de vos eaux int\u00e9rieures.<\/p>\n<p style=\"text-align: justify;\">Nous vous envoyons tout notre Amour et notre gratitude \u00e0 ceux qui ouvrent la voie de l\u2019Amour \u00e0 leurs cong\u00e9n\u00e8res.<\/p>\n<p style=\"text-align: justify;\">Le collectif des tortues marines \u00e0 la surface de la Terre.<\/p>\n<p style=\"text-align: justify;\">Merci, merci, merci<\/p>","protected":false},"excerpt":{"rendered":"<p>Chers \u00eatres humains, compagnons de route ici sur la plan\u00e8te Terre. Nous accordons beaucoup de respect \u00e0 tous ceux qui nous traitent avec respect et nous accordons beaucoup d\u2019Amour \u00e0 tous, y compris \u00e0 ceux qui se sont coup\u00e9s de leur propre Amour et qui n\u2019ont pas conscience de la souffrance qu\u2019ils infligent aux n\u00f4tres. &hellip; <\/p>\n<p class=\"link-more\"><a href=\"https:\/\/ouvrir-son-coeur.fr\/index.php\/2022\/07\/16\/collectif-des-tortues-marines-explorez-les-eaux-interieures-de-votre-etre\/\" class=\"more-link\">Continue reading<span class=\"screen-reader-text\"> \u00ab\u00a0Collectif des tortues marines: Explorez les eaux int\u00e9rieures de votre \u00eatre\u00a0\u00bb<\/span><\/a><\/p>\n","protected":false},"author":1,"featured_media":2012,"comment_status":"closed","ping_status":"closed","sticky":false,"template":"","format":"standard","meta":{"footnotes":""},"categories":[26,5],"tags":[],"class_list":["post-2011","post","type-post","status-publish","format-standard","has-post-thumbnail","hentry","category-canalisation","category-evolution-de-conscience"],"yoast_head":"<!-- This site is optimized with the Yoast SEO plugin v27.2 - https:\/\/yoast.com\/product\/yoast-seo-wordpress\/ -->\n<title>Collectif des tortues marines: Explorez les eaux int\u00e9rieures de votre \u00eatre - Delphine ORIEUX<\/title>\n<meta name=\"robots\" content=\"index, follow, max-snippet:-1, max-image-preview:large, max-video-preview:-1\" \/>\n<link rel=\"canonical\" href=\"https:\/\/ouvrir-son-coeur.fr\/index.php\/2022\/07\/16\/collectif-des-tortues-marines-explorez-les-eaux-interieures-de-votre-etre\/\" \/>\n<meta property=\"og:locale\" content=\"fr_FR\" \/>\n<meta property=\"og:type\" content=\"article\" \/>\n<meta property=\"og:title\" content=\"Collectif des tortues marines: Explorez les eaux int\u00e9rieures de votre \u00eatre - Delphine ORIEUX\" \/>\n<meta property=\"og:description\" content=\"Chers \u00eatres humains, compagnons de route ici sur la plan\u00e8te Terre. Nous accordons beaucoup de respect \u00e0 tous ceux qui nous traitent avec respect et nous accordons beaucoup d\u2019Amour \u00e0 tous, y compris \u00e0 ceux qui se sont coup\u00e9s de leur propre Amour et qui n\u2019ont pas conscience de la souffrance qu\u2019ils infligent aux n\u00f4tres. &hellip; Continue reading &quot;Collectif des tortues marines: Explorez les eaux int\u00e9rieures de votre \u00eatre&quot;\" \/>\n<meta property=\"og:url\" content=\"https:\/\/ouvrir-son-coeur.fr\/index.php\/2022\/07\/16\/collectif-des-tortues-marines-explorez-les-eaux-interieures-de-votre-etre\/\" \/>\n<meta property=\"og:site_name\" content=\"Delphine ORIEUX\" \/>\n<meta property=\"article:published_time\" content=\"2022-07-16T11:52:45+00:00\" \/>\n<meta property=\"article:modified_time\" content=\"2022-07-16T11:52:46+00:00\" \/>\n<meta property=\"og:image\" content=\"https:\/\/ouvrir-son-coeur.fr\/wp-content\/uploads\/2022\/07\/sea-ge9ad2af8f_1280-1024x768.jpg\" \/>\n<meta name=\"author\" content=\"Delphine\" \/>\n<meta name=\"twitter:card\" content=\"summary_large_image\" \/>\n<meta name=\"twitter:label1\" content=\"\u00c9crit par\" \/>\n\t<meta name=\"twitter:data1\" content=\"Delphine\" \/>\n\t<meta name=\"twitter:label2\" content=\"Dur\u00e9e de lecture estim\u00e9e\" \/>\n\t<meta name=\"twitter:data2\" content=\"7 minutes\" \/>\n<script type=\"application\/ld+json\" class=\"yoast-schema-graph\">{\"@context\":\"https:\/\/schema.org\",\"@graph\":[{\"@type\":\"Article\",\"@id\":\"https:\/\/ouvrir-son-coeur.fr\/index.php\/2022\/07\/16\/collectif-des-tortues-marines-explorez-les-eaux-interieures-de-votre-etre\/#article\",\"isPartOf\":{\"@id\":\"https:\/\/ouvrir-son-coeur.fr\/index.php\/2022\/07\/16\/collectif-des-tortues-marines-explorez-les-eaux-interieures-de-votre-etre\/\"},\"author\":{\"name\":\"Delphine\",\"@id\":\"https:\/\/ouvrir-son-coeur.fr\/#\/schema\/person\/79755406436a7adaddb901ee35a4d28c\"},\"headline\":\"Collectif des tortues marines: Explorez les eaux int\u00e9rieures de votre \u00eatre\",\"datePublished\":\"2022-07-16T11:52:45+00:00\",\"dateModified\":\"2022-07-16T11:52:46+00:00\",\"mainEntityOfPage\":{\"@id\":\"https:\/\/ouvrir-son-coeur.fr\/index.php\/2022\/07\/16\/collectif-des-tortues-marines-explorez-les-eaux-interieures-de-votre-etre\/\"},\"wordCount\":1405,\"publisher\":{\"@id\":\"https:\/\/ouvrir-son-coeur.fr\/#organization\"},\"image\":{\"@id\":\"https:\/\/ouvrir-son-coeur.fr\/index.php\/2022\/07\/16\/collectif-des-tortues-marines-explorez-les-eaux-interieures-de-votre-etre\/#primaryimage\"},\"thumbnailUrl\":\"https:\/\/ouvrir-son-coeur.fr\/wp-content\/uploads\/2022\/07\/sea-ge9ad2af8f_1280.jpg\",\"articleSection\":[\"Canalisation\",\"Evolution de conscience\"],\"inLanguage\":\"fr-FR\"},{\"@type\":\"WebPage\",\"@id\":\"https:\/\/ouvrir-son-coeur.fr\/index.php\/2022\/07\/16\/collectif-des-tortues-marines-explorez-les-eaux-interieures-de-votre-etre\/\",\"url\":\"https:\/\/ouvrir-son-coeur.fr\/index.php\/2022\/07\/16\/collectif-des-tortues-marines-explorez-les-eaux-interieures-de-votre-etre\/\",\"name\":\"Collectif des tortues marines: Explorez les eaux int\u00e9rieures de votre \u00eatre - Delphine ORIEUX\",\"isPartOf\":{\"@id\":\"https:\/\/ouvrir-son-coeur.fr\/#website\"},\"primaryImageOfPage\":{\"@id\":\"https:\/\/ouvrir-son-coeur.fr\/index.php\/2022\/07\/16\/collectif-des-tortues-marines-explorez-les-eaux-interieures-de-votre-etre\/#primaryimage\"},\"image\":{\"@id\":\"https:\/\/ouvrir-son-coeur.fr\/index.php\/2022\/07\/16\/collectif-des-tortues-marines-explorez-les-eaux-interieures-de-votre-etre\/#primaryimage\"},\"thumbnailUrl\":\"https:\/\/ouvrir-son-coeur.fr\/wp-content\/uploads\/2022\/07\/sea-ge9ad2af8f_1280.jpg\",\"datePublished\":\"2022-07-16T11:52:45+00:00\",\"dateModified\":\"2022-07-16T11:52:46+00:00\",\"breadcrumb\":{\"@id\":\"https:\/\/ouvrir-son-coeur.fr\/index.php\/2022\/07\/16\/collectif-des-tortues-marines-explorez-les-eaux-interieures-de-votre-etre\/#breadcrumb\"},\"inLanguage\":\"fr-FR\",\"potentialAction\":[{\"@type\":\"ReadAction\",\"target\":[\"https:\/\/ouvrir-son-coeur.fr\/index.php\/2022\/07\/16\/collectif-des-tortues-marines-explorez-les-eaux-interieures-de-votre-etre\/\"]}]},{\"@type\":\"ImageObject\",\"inLanguage\":\"fr-FR\",\"@id\":\"https:\/\/ouvrir-son-coeur.fr\/index.php\/2022\/07\/16\/collectif-des-tortues-marines-explorez-les-eaux-interieures-de-votre-etre\/#primaryimage\",\"url\":\"https:\/\/ouvrir-son-coeur.fr\/wp-content\/uploads\/2022\/07\/sea-ge9ad2af8f_1280.jpg\",\"contentUrl\":\"https:\/\/ouvrir-son-coeur.fr\/wp-content\/uploads\/2022\/07\/sea-ge9ad2af8f_1280.jpg\",\"width\":1280,\"height\":960},{\"@type\":\"BreadcrumbList\",\"@id\":\"https:\/\/ouvrir-son-coeur.fr\/index.php\/2022\/07\/16\/collectif-des-tortues-marines-explorez-les-eaux-interieures-de-votre-etre\/#breadcrumb\",\"itemListElement\":[{\"@type\":\"ListItem\",\"position\":1,\"name\":\"Accueil\",\"item\":\"https:\/\/ouvrir-son-coeur.fr\/\"},{\"@type\":\"ListItem\",\"position\":2,\"name\":\"Collectif des tortues marines: Explorez les eaux int\u00e9rieures de votre \u00eatre\"}]},{\"@type\":\"WebSite\",\"@id\":\"https:\/\/ouvrir-son-coeur.fr\/#website\",\"url\":\"https:\/\/ouvrir-son-coeur.fr\/\",\"name\":\"Delphine ORIEUX\",\"description\":\"Ouvrir son coeur pour un retour \u00e0 soi\",\"publisher\":{\"@id\":\"https:\/\/ouvrir-son-coeur.fr\/#organization\"},\"potentialAction\":[{\"@type\":\"SearchAction\",\"target\":{\"@type\":\"EntryPoint\",\"urlTemplate\":\"https:\/\/ouvrir-son-coeur.fr\/?s={search_term_string}\"},\"query-input\":{\"@type\":\"PropertyValueSpecification\",\"valueRequired\":true,\"valueName\":\"search_term_string\"}}],\"inLanguage\":\"fr-FR\"},{\"@type\":\"Organization\",\"@id\":\"https:\/\/ouvrir-son-coeur.fr\/#organization\",\"name\":\"Delphine ORIEUX\",\"url\":\"https:\/\/ouvrir-son-coeur.fr\/\",\"logo\":{\"@type\":\"ImageObject\",\"inLanguage\":\"fr-FR\",\"@id\":\"https:\/\/ouvrir-son-coeur.fr\/#\/schema\/logo\/image\/\",\"url\":\"https:\/\/ouvrir-son-coeur.fr\/wp-content\/uploads\/2019\/10\/cropped-71673114_2509801119097527_6138808206555611136_o-15.jpg\",\"contentUrl\":\"https:\/\/ouvrir-son-coeur.fr\/wp-content\/uploads\/2019\/10\/cropped-71673114_2509801119097527_6138808206555611136_o-15.jpg\",\"width\":546,\"height\":505,\"caption\":\"Delphine ORIEUX\"},\"image\":{\"@id\":\"https:\/\/ouvrir-son-coeur.fr\/#\/schema\/logo\/image\/\"}},{\"@type\":\"Person\",\"@id\":\"https:\/\/ouvrir-son-coeur.fr\/#\/schema\/person\/79755406436a7adaddb901ee35a4d28c\",\"name\":\"Delphine\",\"image\":{\"@type\":\"ImageObject\",\"inLanguage\":\"fr-FR\",\"@id\":\"https:\/\/secure.gravatar.com\/avatar\/4feb5ead4d5221e0fd82faeb7afb26cb5db06cdb420750aab1923c6a5e1ac1ac?s=96&d=mm&r=g\",\"url\":\"https:\/\/secure.gravatar.com\/avatar\/4feb5ead4d5221e0fd82faeb7afb26cb5db06cdb420750aab1923c6a5e1ac1ac?s=96&d=mm&r=g\",\"contentUrl\":\"https:\/\/secure.gravatar.com\/avatar\/4feb5ead4d5221e0fd82faeb7afb26cb5db06cdb420750aab1923c6a5e1ac1ac?s=96&d=mm&r=g\",\"caption\":\"Delphine\"},\"url\":\"https:\/\/ouvrir-son-coeur.fr\/index.php\/author\/admin2719\/\"}]}<\/script>\n<!-- \/ Yoast SEO plugin. -->","yoast_head_json":{"title":"Collectif des tortues marines: Explorez les eaux int\u00e9rieures de votre \u00eatre - Delphine ORIEUX","robots":{"index":"index","follow":"follow","max-snippet":"max-snippet:-1","max-image-preview":"max-image-preview:large","max-video-preview":"max-video-preview:-1"},"canonical":"https:\/\/ouvrir-son-coeur.fr\/index.php\/2022\/07\/16\/collectif-des-tortues-marines-explorez-les-eaux-interieures-de-votre-etre\/","og_locale":"fr_FR","og_type":"article","og_title":"Collectif des tortues marines: Explorez les eaux int\u00e9rieures de votre \u00eatre - Delphine ORIEUX","og_description":"Chers \u00eatres humains, compagnons de route ici sur la plan\u00e8te Terre. Nous accordons beaucoup de respect \u00e0 tous ceux qui nous traitent avec respect et nous accordons beaucoup d\u2019Amour \u00e0 tous, y compris \u00e0 ceux qui se sont coup\u00e9s de leur propre Amour et qui n\u2019ont pas conscience de la souffrance qu\u2019ils infligent aux n\u00f4tres. &hellip; Continue reading \"Collectif des tortues marines: Explorez les eaux int\u00e9rieures de votre \u00eatre\"","og_url":"https:\/\/ouvrir-son-coeur.fr\/index.php\/2022\/07\/16\/collectif-des-tortues-marines-explorez-les-eaux-interieures-de-votre-etre\/","og_site_name":"Delphine ORIEUX","article_published_time":"2022-07-16T11:52:45+00:00","article_modified_time":"2022-07-16T11:52:46+00:00","og_image":[{"url":"https:\/\/ouvrir-son-coeur.fr\/wp-content\/uploads\/2022\/07\/sea-ge9ad2af8f_1280-1024x768.jpg","type":"","width":"","height":""}],"author":"Delphine","twitter_card":"summary_large_image","twitter_misc":{"\u00c9crit par":"Delphine","Dur\u00e9e de lecture estim\u00e9e":"7 minutes"},"schema":{"@context":"https:\/\/schema.org","@graph":[{"@type":"Article","@id":"https:\/\/ouvrir-son-coeur.fr\/index.php\/2022\/07\/16\/collectif-des-tortues-marines-explorez-les-eaux-interieures-de-votre-etre\/#article","isPartOf":{"@id":"https:\/\/ouvrir-son-coeur.fr\/index.php\/2022\/07\/16\/collectif-des-tortues-marines-explorez-les-eaux-interieures-de-votre-etre\/"},"author":{"name":"Delphine","@id":"https:\/\/ouvrir-son-coeur.fr\/#\/schema\/person\/79755406436a7adaddb901ee35a4d28c"},"headline":"Collectif des tortues marines: Explorez les eaux int\u00e9rieures de votre \u00eatre","datePublished":"2022-07-16T11:52:45+00:00","dateModified":"2022-07-16T11:52:46+00:00","mainEntityOfPage":{"@id":"https:\/\/ouvrir-son-coeur.fr\/index.php\/2022\/07\/16\/collectif-des-tortues-marines-explorez-les-eaux-interieures-de-votre-etre\/"},"wordCount":1405,"publisher":{"@id":"https:\/\/ouvrir-son-coeur.fr\/#organization"},"image":{"@id":"https:\/\/ouvrir-son-coeur.fr\/index.php\/2022\/07\/16\/collectif-des-tortues-marines-explorez-les-eaux-interieures-de-votre-etre\/#primaryimage"},"thumbnailUrl":"https:\/\/ouvrir-son-coeur.fr\/wp-content\/uploads\/2022\/07\/sea-ge9ad2af8f_1280.jpg","articleSection":["Canalisation","Evolution de conscience"],"inLanguage":"fr-FR"},{"@type":"WebPage","@id":"https:\/\/ouvrir-son-coeur.fr\/index.php\/2022\/07\/16\/collectif-des-tortues-marines-explorez-les-eaux-interieures-de-votre-etre\/","url":"https:\/\/ouvrir-son-coeur.fr\/index.php\/2022\/07\/16\/collectif-des-tortues-marines-explorez-les-eaux-interieures-de-votre-etre\/","name":"Collectif des tortues marines: Explorez les eaux int\u00e9rieures de votre \u00eatre - Delphine ORIEUX","isPartOf":{"@id":"https:\/\/ouvrir-son-coeur.fr\/#website"},"primaryImageOfPage":{"@id":"https:\/\/ouvrir-son-coeur.fr\/index.php\/2022\/07\/16\/collectif-des-tortues-marines-explorez-les-eaux-interieures-de-votre-etre\/#primaryimage"},"image":{"@id":"https:\/\/ouvrir-son-coeur.fr\/index.php\/2022\/07\/16\/collectif-des-tortues-marines-explorez-les-eaux-interieures-de-votre-etre\/#primaryimage"},"thumbnailUrl":"https:\/\/ouvrir-son-coeur.fr\/wp-content\/uploads\/2022\/07\/sea-ge9ad2af8f_1280.jpg","datePublished":"2022-07-16T11:52:45+00:00","dateModified":"2022-07-16T11:52:46+00:00","breadcrumb":{"@id":"https:\/\/ouvrir-son-coeur.fr\/index.php\/2022\/07\/16\/collectif-des-tortues-marines-explorez-les-eaux-interieures-de-votre-etre\/#breadcrumb"},"inLanguage":"fr-FR","potentialAction":[{"@type":"ReadAction","target":["https:\/\/ouvrir-son-coeur.fr\/index.php\/2022\/07\/16\/collectif-des-tortues-marines-explorez-les-eaux-interieures-de-votre-etre\/"]}]},{"@type":"ImageObject","inLanguage":"fr-FR","@id":"https:\/\/ouvrir-son-coeur.fr\/index.php\/2022\/07\/16\/collectif-des-tortues-marines-explorez-les-eaux-interieures-de-votre-etre\/#primaryimage","url":"https:\/\/ouvrir-son-coeur.fr\/wp-content\/uploads\/2022\/07\/sea-ge9ad2af8f_1280.jpg","contentUrl":"https:\/\/ouvrir-son-coeur.fr\/wp-content\/uploads\/2022\/07\/sea-ge9ad2af8f_1280.jpg","width":1280,"height":960},{"@type":"BreadcrumbList","@id":"https:\/\/ouvrir-son-coeur.fr\/index.php\/2022\/07\/16\/collectif-des-tortues-marines-explorez-les-eaux-interieures-de-votre-etre\/#breadcrumb","itemListElement":[{"@type":"ListItem","position":1,"name":"Accueil","item":"https:\/\/ouvrir-son-coeur.fr\/"},{"@type":"ListItem","position":2,"name":"Collectif des tortues marines: Explorez les eaux int\u00e9rieures de votre \u00eatre"}]},{"@type":"WebSite","@id":"https:\/\/ouvrir-son-coeur.fr\/#website","url":"https:\/\/ouvrir-son-coeur.fr\/","name":"Delphine ORIEUX","description":"Ouvrir son coeur pour un retour \u00e0 soi","publisher":{"@id":"https:\/\/ouvrir-son-coeur.fr\/#organization"},"potentialAction":[{"@type":"SearchAction","target":{"@type":"EntryPoint","urlTemplate":"https:\/\/ouvrir-son-coeur.fr\/?s={search_term_string}"},"query-input":{"@type":"PropertyValueSpecification","valueRequired":true,"valueName":"search_term_string"}}],"inLanguage":"fr-FR"},{"@type":"Organization","@id":"https:\/\/ouvrir-son-coeur.fr\/#organization","name":"Delphine ORIEUX","url":"https:\/\/ouvrir-son-coeur.fr\/","logo":{"@type":"ImageObject","inLanguage":"fr-FR","@id":"https:\/\/ouvrir-son-coeur.fr\/#\/schema\/logo\/image\/","url":"https:\/\/ouvrir-son-coeur.fr\/wp-content\/uploads\/2019\/10\/cropped-71673114_2509801119097527_6138808206555611136_o-15.jpg","contentUrl":"https:\/\/ouvrir-son-coeur.fr\/wp-content\/uploads\/2019\/10\/cropped-71673114_2509801119097527_6138808206555611136_o-15.jpg","width":546,"height":505,"caption":"Delphine ORIEUX"},"image":{"@id":"https:\/\/ouvrir-son-coeur.fr\/#\/schema\/logo\/image\/"}},{"@type":"Person","@id":"https:\/\/ouvrir-son-coeur.fr\/#\/schema\/person\/79755406436a7adaddb901ee35a4d28c","name":"Delphine","image":{"@type":"ImageObject","inLanguage":"fr-FR","@id":"https:\/\/secure.gravatar.com\/avatar\/4feb5ead4d5221e0fd82faeb7afb26cb5db06cdb420750aab1923c6a5e1ac1ac?s=96&d=mm&r=g","url":"https:\/\/secure.gravatar.com\/avatar\/4feb5ead4d5221e0fd82faeb7afb26cb5db06cdb420750aab1923c6a5e1ac1ac?s=96&d=mm&r=g","contentUrl":"https:\/\/secure.gravatar.com\/avatar\/4feb5ead4d5221e0fd82faeb7afb26cb5db06cdb420750aab1923c6a5e1ac1ac?s=96&d=mm&r=g","caption":"Delphine"},"url":"https:\/\/ouvrir-son-coeur.fr\/index.php\/author\/admin2719\/"}]}},"_links":{"self":[{"href":"https:\/\/ouvrir-son-coeur.fr\/index.php\/wp-json\/wp\/v2\/posts\/2011","targetHints":{"allow":["GET"]}}],"collection":[{"href":"https:\/\/ouvrir-son-coeur.fr\/index.php\/wp-json\/wp\/v2\/posts"}],"about":[{"href":"https:\/\/ouvrir-son-coeur.fr\/index.php\/wp-json\/wp\/v2\/types\/post"}],"author":[{"embeddable":true,"href":"https:\/\/ouvrir-son-coeur.fr\/index.php\/wp-json\/wp\/v2\/users\/1"}],"replies":[{"embeddable":true,"href":"https:\/\/ouvrir-son-coeur.fr\/index.php\/wp-json\/wp\/v2\/comments?post=2011"}],"version-history":[{"count":1,"href":"https:\/\/ouvrir-son-coeur.fr\/index.php\/wp-json\/wp\/v2\/posts\/2011\/revisions"}],"predecessor-version":[{"id":2013,"href":"https:\/\/ouvrir-son-coeur.fr\/index.php\/wp-json\/wp\/v2\/posts\/2011\/revisions\/2013"}],"wp:featuredmedia":[{"embeddable":true,"href":"https:\/\/ouvrir-son-coeur.fr\/index.php\/wp-json\/wp\/v2\/media\/2012"}],"wp:attachment":[{"href":"https:\/\/ouvrir-son-coeur.fr\/index.php\/wp-json\/wp\/v2\/media?parent=2011"}],"wp:term":[{"taxonomy":"category","embeddable":true,"href":"https:\/\/ouvrir-son-coeur.fr\/index.php\/wp-json\/wp\/v2\/categories?post=2011"},{"taxonomy":"post_tag","embeddable":true,"href":"https:\/\/ouvrir-son-coeur.fr\/index.php\/wp-json\/wp\/v2\/tags?post=2011"}],"curies":[{"name":"wp","href":"https:\/\/api.w.org\/{rel}","templated":true}]}}