{"id":2002,"date":"2022-07-14T10:02:25","date_gmt":"2022-07-14T08:02:25","guid":{"rendered":"https:\/\/ouvrir-son-coeur.fr\/?p=2002"},"modified":"2022-07-14T10:07:08","modified_gmt":"2022-07-14T08:07:08","slug":"letape-1-de-la-vie","status":"publish","type":"post","link":"https:\/\/ouvrir-son-coeur.fr\/index.php\/2022\/07\/14\/letape-1-de-la-vie\/","title":{"rendered":"L&rsquo; \u00e9tape 1 de la vie"},"content":{"rendered":"<div class=\"wp-block-image\">\n<figure class=\"aligncenter size-large\"><img loading=\"lazy\" decoding=\"async\" width=\"1024\" height=\"683\" src=\"https:\/\/ouvrir-son-coeur.fr\/wp-content\/uploads\/2022\/07\/hike-g470dd8b74_1280-1024x683.jpg\" alt=\"\" class=\"wp-image-2003\" srcset=\"https:\/\/ouvrir-son-coeur.fr\/wp-content\/uploads\/2022\/07\/hike-g470dd8b74_1280-1024x683.jpg 1024w, https:\/\/ouvrir-son-coeur.fr\/wp-content\/uploads\/2022\/07\/hike-g470dd8b74_1280-300x200.jpg 300w, https:\/\/ouvrir-son-coeur.fr\/wp-content\/uploads\/2022\/07\/hike-g470dd8b74_1280-768x512.jpg 768w, https:\/\/ouvrir-son-coeur.fr\/wp-content\/uploads\/2022\/07\/hike-g470dd8b74_1280-1200x801.jpg 1200w, https:\/\/ouvrir-son-coeur.fr\/wp-content\/uploads\/2022\/07\/hike-g470dd8b74_1280.jpg 1280w\" sizes=\"auto, (max-width: 1024px) 100vw, 1024px\" \/><\/figure>\n<\/div>\n\n<p style=\"text-align: justify;\">L\u2019Amour Un Source est le point de d\u00e9part de toute forme d\u2019\u00e9tat. C\u2019est l\u2019\u00e9nergie originelle, de par laquelle tout peut \u00eatre cr\u00e9\u00e9.<\/p>\n<p style=\"text-align: justify;\">Dans les \u00e9tapes de cr\u00e9ation, l\u2019\u00e9nergie source est fortement concentr\u00e9e et unifi\u00e9e, puis s\u2019individualise au fur et \u00e0 mesure que se cr\u00e9ent des formes.<\/p>\n<p style=\"text-align: justify;\">L\u2019individualisation est tr\u00e8s progressive et prend forme dans le processus d\u2019incarnation, avec la mise en place de cycles qui vont induire une suite \u00e9volutive par la vie dans des mondes plus ou moins denses, plus ou moins mati\u00e8re, par une descente vibratoire puis une remont\u00e9e.<\/p>\n<p style=\"text-align: justify;\">Quand la mati\u00e8re est tr\u00e8s dense, lors des cycles d\u2019incarnation il y a d\u00e9sunification, ce qui signifie une diminution de la conscience d\u2019\u00eatre, au point que la vie dans une forme a oubli\u00e9 qu\u2019elle descendait de l\u2019\u00e9nergie Une. Dans ce long processus de perte d\u2019identit\u00e9, l\u2019exp\u00e9rience dans la forme et la non forme entra\u00eene une descente vibratoire, qui cr\u00e9e des amas vibratoires et de la mati\u00e8re plus ou moins dense qui induisent des turbulences impactant l\u2019ensemble de l\u2019individu qui les porte.<\/p>\n<p style=\"text-align: justify;\">Les plan\u00e8tes, les syst\u00e8mes stellaires, les soleils sont issus d\u2019\u00e9nergies unifi\u00e9es fortement concentr\u00e9es, et sont uniques en fonction de la r\u00e9gion de l\u2019espace dans laquelle ils ont \u00e9t\u00e9 cr\u00e9\u00e9s.<\/p>\n<p style=\"text-align: justify;\">L\u2019espace est ce vide source cr\u00e9ateur \u00e9tendu et porteur d\u2019infinies informations qui donnent des aspects, des couleurs, des sons et des formes diff\u00e9rentes, en fonction de chaque fr\u00e9quence et de chaque m\u00e9lange de fr\u00e9quences, dont sont issues les consciences des vies dans la forme et la non forme, qui occupent ces espaces.<\/p>\n<p style=\"text-align: justify;\">La complexit\u00e9 de la vie et de l\u2019existence est reli\u00e9e \u00e0 la conscience d\u2019appartenir \u00e0 cette \u00e9nergie source Une et d\u2019en \u00eatre issu, en tant qu\u2019individu, puis en tant que collectifs, puis en tant qu\u2019espace de vie, puis en tant que la source elle-m\u00eame, comme un rayon qui s\u2019\u00e9tire depuis un soleil et qui a l\u2019impression d\u2019\u00eatre individualis\u00e9 au milieu d\u2019un espace sombre, puis revient se fondre dans le soleil. Le rayon n\u2019est jamais s\u00e9par\u00e9 du soleil, il n\u2019est qu\u2019une projection de sa lumi\u00e8re, dans un d\u00e9cor plus sombre qui le met en \u00e9vidence.<\/p>\n<p style=\"text-align: justify;\">L\u2019individu d\u00e9sunifi\u00e9, apr\u00e8s avoir exp\u00e9riment\u00e9 la vie jusqu\u2019aux limites de la destruction de la forme et de la fragmentation dans la non forme, prend \u00e0 nouveau conscience qu\u2019il est plus que sa forme et se fraie un chemin pour retrouver son identit\u00e9 et la conscience de son appartenance \u00e0 l\u2019\u00e9nergie source&nbsp;: il entame sa remont\u00e9e vibratoire.<\/p>\n<p style=\"text-align: justify;\">Lorsqu\u2019apr\u00e8s s\u2019\u00eatre \u00e0 nouveau unifi\u00e9 en lui, par la conscience d\u2019\u00eatre reli\u00e9 par la m\u00eame \u00e9nergie \u00e0 tout ce qui est autour de lui, l\u2019individu red\u00e9veloppe sa conscience du collectif et petit \u00e0 petit, par l\u2019exp\u00e9rimentation sur diff\u00e9rents paliers vibratoires et dans diff\u00e9rentes r\u00e9gions de l\u2019espace source, se rapproche de plus en plus de la conscience d\u2019\u00eatre issu de la source. L\u2019individu est de nouveau fondu \u00e0 des collectifs et les collectifs sont fondus entre eux, pour unifier la conscience jusqu\u2019\u00e0 se refondre \u00e0 la source.<\/p>\n<p style=\"text-align: justify;\">Cette explication imag\u00e9e et simplifi\u00e9e est une notion vague et d\u00e9form\u00e9e par le mental, de ce que peut \u00eatre la conscience issue de la source. Et seul le d\u00e9veloppement de sa propre conscience permet d\u2019acc\u00e9der petit \u00e0 petit \u00e0 ce que sont r\u00e9ellement les diff\u00e9rentes \u00e9tapes de la cr\u00e9ation Source originelle.<\/p>\n<p style=\"text-align: justify;\">Ce qui est important c\u2019est de comprendre que toute involution et \u00e9volution ont un sens pour le d\u00e9veloppement de la conscience collective et individuelle. Aller se connecter \u00e0 ce sens permet au mental de d\u00e9dramatiser toutes circonstances \u00e9volutives, m\u00eame si celles-ci mettent en p\u00e9ril la vie dans la forme.<\/p>\n<p style=\"text-align: justify;\">D\u00e9velopper sa conscience en s\u2019unifiant dans sa forme et sa non-forme est le sens \u00e0 donner \u00e0 son existence. S\u2019en rappeler permet de se d\u00e9passer lorsque toute perturbation fait surface.<\/p>\n<p style=\"text-align: justify;\">S\u2019unifier passe par la connexion \u00e0 l\u2019\u00e9tape 1 de sa vie, soit le rayon issu de la source, qui a individualis\u00e9 notre conscience et nous a permis de rentrer dans ces diff\u00e9rents cycles \u00e9volutifs dans la non forme et la forme.<\/p>","protected":false},"excerpt":{"rendered":"<p>L\u2019Amour Un Source est le point de d\u00e9part de toute forme d\u2019\u00e9tat. C\u2019est l\u2019\u00e9nergie originelle, de par laquelle tout peut \u00eatre cr\u00e9\u00e9. Dans les \u00e9tapes de cr\u00e9ation, l\u2019\u00e9nergie source est fortement concentr\u00e9e et unifi\u00e9e, puis s\u2019individualise au fur et \u00e0 mesure que se cr\u00e9ent des formes. L\u2019individualisation est tr\u00e8s progressive et prend forme dans le &hellip; <\/p>\n<p class=\"link-more\"><a href=\"https:\/\/ouvrir-son-coeur.fr\/index.php\/2022\/07\/14\/letape-1-de-la-vie\/\" class=\"more-link\">Continue reading<span class=\"screen-reader-text\"> \u00ab\u00a0L&rsquo; \u00e9tape 1 de la vie\u00a0\u00bb<\/span><\/a><\/p>\n","protected":false},"author":1,"featured_media":2003,"comment_status":"closed","ping_status":"closed","sticky":false,"template":"","format":"standard","meta":{"footnotes":""},"categories":[5],"tags":[],"class_list":["post-2002","post","type-post","status-publish","format-standard","has-post-thumbnail","hentry","category-evolution-de-conscience"],"yoast_head":"<!-- This site is optimized with the Yoast SEO plugin v27.2 - https:\/\/yoast.com\/product\/yoast-seo-wordpress\/ -->\n<title>L&#039; \u00e9tape 1 de la vie - Delphine ORIEUX<\/title>\n<meta name=\"robots\" content=\"index, follow, max-snippet:-1, max-image-preview:large, max-video-preview:-1\" \/>\n<link rel=\"canonical\" href=\"https:\/\/ouvrir-son-coeur.fr\/index.php\/2022\/07\/14\/letape-1-de-la-vie\/\" \/>\n<meta property=\"og:locale\" content=\"fr_FR\" \/>\n<meta property=\"og:type\" content=\"article\" \/>\n<meta property=\"og:title\" content=\"L&#039; \u00e9tape 1 de la vie - Delphine ORIEUX\" \/>\n<meta property=\"og:description\" content=\"L\u2019Amour Un Source est le point de d\u00e9part de toute forme d\u2019\u00e9tat. C\u2019est l\u2019\u00e9nergie originelle, de par laquelle tout peut \u00eatre cr\u00e9\u00e9. Dans les \u00e9tapes de cr\u00e9ation, l\u2019\u00e9nergie source est fortement concentr\u00e9e et unifi\u00e9e, puis s\u2019individualise au fur et \u00e0 mesure que se cr\u00e9ent des formes. L\u2019individualisation est tr\u00e8s progressive et prend forme dans le &hellip; Continue reading &quot;L&rsquo; \u00e9tape 1 de la vie&quot;\" \/>\n<meta property=\"og:url\" content=\"https:\/\/ouvrir-son-coeur.fr\/index.php\/2022\/07\/14\/letape-1-de-la-vie\/\" \/>\n<meta property=\"og:site_name\" content=\"Delphine ORIEUX\" \/>\n<meta property=\"article:published_time\" content=\"2022-07-14T08:02:25+00:00\" \/>\n<meta property=\"article:modified_time\" content=\"2022-07-14T08:07:08+00:00\" \/>\n<meta property=\"og:image\" content=\"https:\/\/ouvrir-son-coeur.fr\/wp-content\/uploads\/2022\/07\/hike-g470dd8b74_1280-1024x683.jpg\" \/>\n<meta name=\"author\" content=\"Delphine\" \/>\n<meta name=\"twitter:card\" content=\"summary_large_image\" \/>\n<meta name=\"twitter:label1\" content=\"\u00c9crit par\" \/>\n\t<meta name=\"twitter:data1\" content=\"Delphine\" \/>\n\t<meta name=\"twitter:label2\" content=\"Dur\u00e9e de lecture estim\u00e9e\" \/>\n\t<meta name=\"twitter:data2\" content=\"4 minutes\" \/>\n<script type=\"application\/ld+json\" class=\"yoast-schema-graph\">{\"@context\":\"https:\/\/schema.org\",\"@graph\":[{\"@type\":\"Article\",\"@id\":\"https:\/\/ouvrir-son-coeur.fr\/index.php\/2022\/07\/14\/letape-1-de-la-vie\/#article\",\"isPartOf\":{\"@id\":\"https:\/\/ouvrir-son-coeur.fr\/index.php\/2022\/07\/14\/letape-1-de-la-vie\/\"},\"author\":{\"name\":\"Delphine\",\"@id\":\"https:\/\/ouvrir-son-coeur.fr\/#\/schema\/person\/79755406436a7adaddb901ee35a4d28c\"},\"headline\":\"L&rsquo; \u00e9tape 1 de la vie\",\"datePublished\":\"2022-07-14T08:02:25+00:00\",\"dateModified\":\"2022-07-14T08:07:08+00:00\",\"mainEntityOfPage\":{\"@id\":\"https:\/\/ouvrir-son-coeur.fr\/index.php\/2022\/07\/14\/letape-1-de-la-vie\/\"},\"wordCount\":757,\"publisher\":{\"@id\":\"https:\/\/ouvrir-son-coeur.fr\/#organization\"},\"image\":{\"@id\":\"https:\/\/ouvrir-son-coeur.fr\/index.php\/2022\/07\/14\/letape-1-de-la-vie\/#primaryimage\"},\"thumbnailUrl\":\"https:\/\/ouvrir-son-coeur.fr\/wp-content\/uploads\/2022\/07\/hike-g470dd8b74_1280.jpg\",\"articleSection\":[\"Evolution de conscience\"],\"inLanguage\":\"fr-FR\"},{\"@type\":\"WebPage\",\"@id\":\"https:\/\/ouvrir-son-coeur.fr\/index.php\/2022\/07\/14\/letape-1-de-la-vie\/\",\"url\":\"https:\/\/ouvrir-son-coeur.fr\/index.php\/2022\/07\/14\/letape-1-de-la-vie\/\",\"name\":\"L' \u00e9tape 1 de la vie - Delphine ORIEUX\",\"isPartOf\":{\"@id\":\"https:\/\/ouvrir-son-coeur.fr\/#website\"},\"primaryImageOfPage\":{\"@id\":\"https:\/\/ouvrir-son-coeur.fr\/index.php\/2022\/07\/14\/letape-1-de-la-vie\/#primaryimage\"},\"image\":{\"@id\":\"https:\/\/ouvrir-son-coeur.fr\/index.php\/2022\/07\/14\/letape-1-de-la-vie\/#primaryimage\"},\"thumbnailUrl\":\"https:\/\/ouvrir-son-coeur.fr\/wp-content\/uploads\/2022\/07\/hike-g470dd8b74_1280.jpg\",\"datePublished\":\"2022-07-14T08:02:25+00:00\",\"dateModified\":\"2022-07-14T08:07:08+00:00\",\"breadcrumb\":{\"@id\":\"https:\/\/ouvrir-son-coeur.fr\/index.php\/2022\/07\/14\/letape-1-de-la-vie\/#breadcrumb\"},\"inLanguage\":\"fr-FR\",\"potentialAction\":[{\"@type\":\"ReadAction\",\"target\":[\"https:\/\/ouvrir-son-coeur.fr\/index.php\/2022\/07\/14\/letape-1-de-la-vie\/\"]}]},{\"@type\":\"ImageObject\",\"inLanguage\":\"fr-FR\",\"@id\":\"https:\/\/ouvrir-son-coeur.fr\/index.php\/2022\/07\/14\/letape-1-de-la-vie\/#primaryimage\",\"url\":\"https:\/\/ouvrir-son-coeur.fr\/wp-content\/uploads\/2022\/07\/hike-g470dd8b74_1280.jpg\",\"contentUrl\":\"https:\/\/ouvrir-son-coeur.fr\/wp-content\/uploads\/2022\/07\/hike-g470dd8b74_1280.jpg\",\"width\":1280,\"height\":854},{\"@type\":\"BreadcrumbList\",\"@id\":\"https:\/\/ouvrir-son-coeur.fr\/index.php\/2022\/07\/14\/letape-1-de-la-vie\/#breadcrumb\",\"itemListElement\":[{\"@type\":\"ListItem\",\"position\":1,\"name\":\"Accueil\",\"item\":\"https:\/\/ouvrir-son-coeur.fr\/\"},{\"@type\":\"ListItem\",\"position\":2,\"name\":\"L&rsquo; \u00e9tape 1 de la vie\"}]},{\"@type\":\"WebSite\",\"@id\":\"https:\/\/ouvrir-son-coeur.fr\/#website\",\"url\":\"https:\/\/ouvrir-son-coeur.fr\/\",\"name\":\"Delphine ORIEUX\",\"description\":\"Ouvrir son coeur pour un retour \u00e0 soi\",\"publisher\":{\"@id\":\"https:\/\/ouvrir-son-coeur.fr\/#organization\"},\"potentialAction\":[{\"@type\":\"SearchAction\",\"target\":{\"@type\":\"EntryPoint\",\"urlTemplate\":\"https:\/\/ouvrir-son-coeur.fr\/?s={search_term_string}\"},\"query-input\":{\"@type\":\"PropertyValueSpecification\",\"valueRequired\":true,\"valueName\":\"search_term_string\"}}],\"inLanguage\":\"fr-FR\"},{\"@type\":\"Organization\",\"@id\":\"https:\/\/ouvrir-son-coeur.fr\/#organization\",\"name\":\"Delphine ORIEUX\",\"url\":\"https:\/\/ouvrir-son-coeur.fr\/\",\"logo\":{\"@type\":\"ImageObject\",\"inLanguage\":\"fr-FR\",\"@id\":\"https:\/\/ouvrir-son-coeur.fr\/#\/schema\/logo\/image\/\",\"url\":\"https:\/\/ouvrir-son-coeur.fr\/wp-content\/uploads\/2019\/10\/cropped-71673114_2509801119097527_6138808206555611136_o-15.jpg\",\"contentUrl\":\"https:\/\/ouvrir-son-coeur.fr\/wp-content\/uploads\/2019\/10\/cropped-71673114_2509801119097527_6138808206555611136_o-15.jpg\",\"width\":546,\"height\":505,\"caption\":\"Delphine ORIEUX\"},\"image\":{\"@id\":\"https:\/\/ouvrir-son-coeur.fr\/#\/schema\/logo\/image\/\"}},{\"@type\":\"Person\",\"@id\":\"https:\/\/ouvrir-son-coeur.fr\/#\/schema\/person\/79755406436a7adaddb901ee35a4d28c\",\"name\":\"Delphine\",\"image\":{\"@type\":\"ImageObject\",\"inLanguage\":\"fr-FR\",\"@id\":\"https:\/\/secure.gravatar.com\/avatar\/4feb5ead4d5221e0fd82faeb7afb26cb5db06cdb420750aab1923c6a5e1ac1ac?s=96&d=mm&r=g\",\"url\":\"https:\/\/secure.gravatar.com\/avatar\/4feb5ead4d5221e0fd82faeb7afb26cb5db06cdb420750aab1923c6a5e1ac1ac?s=96&d=mm&r=g\",\"contentUrl\":\"https:\/\/secure.gravatar.com\/avatar\/4feb5ead4d5221e0fd82faeb7afb26cb5db06cdb420750aab1923c6a5e1ac1ac?s=96&d=mm&r=g\",\"caption\":\"Delphine\"},\"url\":\"https:\/\/ouvrir-son-coeur.fr\/index.php\/author\/admin2719\/\"}]}<\/script>\n<!-- \/ Yoast SEO plugin. -->","yoast_head_json":{"title":"L' \u00e9tape 1 de la vie - Delphine ORIEUX","robots":{"index":"index","follow":"follow","max-snippet":"max-snippet:-1","max-image-preview":"max-image-preview:large","max-video-preview":"max-video-preview:-1"},"canonical":"https:\/\/ouvrir-son-coeur.fr\/index.php\/2022\/07\/14\/letape-1-de-la-vie\/","og_locale":"fr_FR","og_type":"article","og_title":"L' \u00e9tape 1 de la vie - Delphine ORIEUX","og_description":"L\u2019Amour Un Source est le point de d\u00e9part de toute forme d\u2019\u00e9tat. C\u2019est l\u2019\u00e9nergie originelle, de par laquelle tout peut \u00eatre cr\u00e9\u00e9. Dans les \u00e9tapes de cr\u00e9ation, l\u2019\u00e9nergie source est fortement concentr\u00e9e et unifi\u00e9e, puis s\u2019individualise au fur et \u00e0 mesure que se cr\u00e9ent des formes. L\u2019individualisation est tr\u00e8s progressive et prend forme dans le &hellip; Continue reading \"L&rsquo; \u00e9tape 1 de la vie\"","og_url":"https:\/\/ouvrir-son-coeur.fr\/index.php\/2022\/07\/14\/letape-1-de-la-vie\/","og_site_name":"Delphine ORIEUX","article_published_time":"2022-07-14T08:02:25+00:00","article_modified_time":"2022-07-14T08:07:08+00:00","og_image":[{"url":"https:\/\/ouvrir-son-coeur.fr\/wp-content\/uploads\/2022\/07\/hike-g470dd8b74_1280-1024x683.jpg","type":"","width":"","height":""}],"author":"Delphine","twitter_card":"summary_large_image","twitter_misc":{"\u00c9crit par":"Delphine","Dur\u00e9e de lecture estim\u00e9e":"4 minutes"},"schema":{"@context":"https:\/\/schema.org","@graph":[{"@type":"Article","@id":"https:\/\/ouvrir-son-coeur.fr\/index.php\/2022\/07\/14\/letape-1-de-la-vie\/#article","isPartOf":{"@id":"https:\/\/ouvrir-son-coeur.fr\/index.php\/2022\/07\/14\/letape-1-de-la-vie\/"},"author":{"name":"Delphine","@id":"https:\/\/ouvrir-son-coeur.fr\/#\/schema\/person\/79755406436a7adaddb901ee35a4d28c"},"headline":"L&rsquo; \u00e9tape 1 de la vie","datePublished":"2022-07-14T08:02:25+00:00","dateModified":"2022-07-14T08:07:08+00:00","mainEntityOfPage":{"@id":"https:\/\/ouvrir-son-coeur.fr\/index.php\/2022\/07\/14\/letape-1-de-la-vie\/"},"wordCount":757,"publisher":{"@id":"https:\/\/ouvrir-son-coeur.fr\/#organization"},"image":{"@id":"https:\/\/ouvrir-son-coeur.fr\/index.php\/2022\/07\/14\/letape-1-de-la-vie\/#primaryimage"},"thumbnailUrl":"https:\/\/ouvrir-son-coeur.fr\/wp-content\/uploads\/2022\/07\/hike-g470dd8b74_1280.jpg","articleSection":["Evolution de conscience"],"inLanguage":"fr-FR"},{"@type":"WebPage","@id":"https:\/\/ouvrir-son-coeur.fr\/index.php\/2022\/07\/14\/letape-1-de-la-vie\/","url":"https:\/\/ouvrir-son-coeur.fr\/index.php\/2022\/07\/14\/letape-1-de-la-vie\/","name":"L' \u00e9tape 1 de la vie - Delphine ORIEUX","isPartOf":{"@id":"https:\/\/ouvrir-son-coeur.fr\/#website"},"primaryImageOfPage":{"@id":"https:\/\/ouvrir-son-coeur.fr\/index.php\/2022\/07\/14\/letape-1-de-la-vie\/#primaryimage"},"image":{"@id":"https:\/\/ouvrir-son-coeur.fr\/index.php\/2022\/07\/14\/letape-1-de-la-vie\/#primaryimage"},"thumbnailUrl":"https:\/\/ouvrir-son-coeur.fr\/wp-content\/uploads\/2022\/07\/hike-g470dd8b74_1280.jpg","datePublished":"2022-07-14T08:02:25+00:00","dateModified":"2022-07-14T08:07:08+00:00","breadcrumb":{"@id":"https:\/\/ouvrir-son-coeur.fr\/index.php\/2022\/07\/14\/letape-1-de-la-vie\/#breadcrumb"},"inLanguage":"fr-FR","potentialAction":[{"@type":"ReadAction","target":["https:\/\/ouvrir-son-coeur.fr\/index.php\/2022\/07\/14\/letape-1-de-la-vie\/"]}]},{"@type":"ImageObject","inLanguage":"fr-FR","@id":"https:\/\/ouvrir-son-coeur.fr\/index.php\/2022\/07\/14\/letape-1-de-la-vie\/#primaryimage","url":"https:\/\/ouvrir-son-coeur.fr\/wp-content\/uploads\/2022\/07\/hike-g470dd8b74_1280.jpg","contentUrl":"https:\/\/ouvrir-son-coeur.fr\/wp-content\/uploads\/2022\/07\/hike-g470dd8b74_1280.jpg","width":1280,"height":854},{"@type":"BreadcrumbList","@id":"https:\/\/ouvrir-son-coeur.fr\/index.php\/2022\/07\/14\/letape-1-de-la-vie\/#breadcrumb","itemListElement":[{"@type":"ListItem","position":1,"name":"Accueil","item":"https:\/\/ouvrir-son-coeur.fr\/"},{"@type":"ListItem","position":2,"name":"L&rsquo; \u00e9tape 1 de la vie"}]},{"@type":"WebSite","@id":"https:\/\/ouvrir-son-coeur.fr\/#website","url":"https:\/\/ouvrir-son-coeur.fr\/","name":"Delphine ORIEUX","description":"Ouvrir son coeur pour un retour \u00e0 soi","publisher":{"@id":"https:\/\/ouvrir-son-coeur.fr\/#organization"},"potentialAction":[{"@type":"SearchAction","target":{"@type":"EntryPoint","urlTemplate":"https:\/\/ouvrir-son-coeur.fr\/?s={search_term_string}"},"query-input":{"@type":"PropertyValueSpecification","valueRequired":true,"valueName":"search_term_string"}}],"inLanguage":"fr-FR"},{"@type":"Organization","@id":"https:\/\/ouvrir-son-coeur.fr\/#organization","name":"Delphine ORIEUX","url":"https:\/\/ouvrir-son-coeur.fr\/","logo":{"@type":"ImageObject","inLanguage":"fr-FR","@id":"https:\/\/ouvrir-son-coeur.fr\/#\/schema\/logo\/image\/","url":"https:\/\/ouvrir-son-coeur.fr\/wp-content\/uploads\/2019\/10\/cropped-71673114_2509801119097527_6138808206555611136_o-15.jpg","contentUrl":"https:\/\/ouvrir-son-coeur.fr\/wp-content\/uploads\/2019\/10\/cropped-71673114_2509801119097527_6138808206555611136_o-15.jpg","width":546,"height":505,"caption":"Delphine ORIEUX"},"image":{"@id":"https:\/\/ouvrir-son-coeur.fr\/#\/schema\/logo\/image\/"}},{"@type":"Person","@id":"https:\/\/ouvrir-son-coeur.fr\/#\/schema\/person\/79755406436a7adaddb901ee35a4d28c","name":"Delphine","image":{"@type":"ImageObject","inLanguage":"fr-FR","@id":"https:\/\/secure.gravatar.com\/avatar\/4feb5ead4d5221e0fd82faeb7afb26cb5db06cdb420750aab1923c6a5e1ac1ac?s=96&d=mm&r=g","url":"https:\/\/secure.gravatar.com\/avatar\/4feb5ead4d5221e0fd82faeb7afb26cb5db06cdb420750aab1923c6a5e1ac1ac?s=96&d=mm&r=g","contentUrl":"https:\/\/secure.gravatar.com\/avatar\/4feb5ead4d5221e0fd82faeb7afb26cb5db06cdb420750aab1923c6a5e1ac1ac?s=96&d=mm&r=g","caption":"Delphine"},"url":"https:\/\/ouvrir-son-coeur.fr\/index.php\/author\/admin2719\/"}]}},"_links":{"self":[{"href":"https:\/\/ouvrir-son-coeur.fr\/index.php\/wp-json\/wp\/v2\/posts\/2002","targetHints":{"allow":["GET"]}}],"collection":[{"href":"https:\/\/ouvrir-son-coeur.fr\/index.php\/wp-json\/wp\/v2\/posts"}],"about":[{"href":"https:\/\/ouvrir-son-coeur.fr\/index.php\/wp-json\/wp\/v2\/types\/post"}],"author":[{"embeddable":true,"href":"https:\/\/ouvrir-son-coeur.fr\/index.php\/wp-json\/wp\/v2\/users\/1"}],"replies":[{"embeddable":true,"href":"https:\/\/ouvrir-son-coeur.fr\/index.php\/wp-json\/wp\/v2\/comments?post=2002"}],"version-history":[{"count":2,"href":"https:\/\/ouvrir-son-coeur.fr\/index.php\/wp-json\/wp\/v2\/posts\/2002\/revisions"}],"predecessor-version":[{"id":2005,"href":"https:\/\/ouvrir-son-coeur.fr\/index.php\/wp-json\/wp\/v2\/posts\/2002\/revisions\/2005"}],"wp:featuredmedia":[{"embeddable":true,"href":"https:\/\/ouvrir-son-coeur.fr\/index.php\/wp-json\/wp\/v2\/media\/2003"}],"wp:attachment":[{"href":"https:\/\/ouvrir-son-coeur.fr\/index.php\/wp-json\/wp\/v2\/media?parent=2002"}],"wp:term":[{"taxonomy":"category","embeddable":true,"href":"https:\/\/ouvrir-son-coeur.fr\/index.php\/wp-json\/wp\/v2\/categories?post=2002"},{"taxonomy":"post_tag","embeddable":true,"href":"https:\/\/ouvrir-son-coeur.fr\/index.php\/wp-json\/wp\/v2\/tags?post=2002"}],"curies":[{"name":"wp","href":"https:\/\/api.w.org\/{rel}","templated":true}]}}