{"id":1931,"date":"2022-06-02T21:58:41","date_gmt":"2022-06-02T19:58:41","guid":{"rendered":"https:\/\/ouvrir-son-coeur.fr\/?p=1931"},"modified":"2022-06-02T22:03:51","modified_gmt":"2022-06-02T20:03:51","slug":"message-des-cetaces-la-vie-porte-les-fruits-des-graines-que-vous-avez-semez","status":"publish","type":"post","link":"https:\/\/ouvrir-son-coeur.fr\/index.php\/2022\/06\/02\/message-des-cetaces-la-vie-porte-les-fruits-des-graines-que-vous-avez-semez\/","title":{"rendered":"Message des c\u00e9tac\u00e9s\u00a0: La vie porte les fruits des graines que vous avez sem\u00e9es"},"content":{"rendered":"\n<div class=\"wp-block-image\"><figure class=\"aligncenter size-large\"><img loading=\"lazy\" decoding=\"async\" width=\"1024\" height=\"683\" src=\"https:\/\/ouvrir-son-coeur.fr\/wp-content\/uploads\/2022\/06\/IMG_8909-1024x683.jpg\" alt=\"\" class=\"wp-image-1932\" srcset=\"https:\/\/ouvrir-son-coeur.fr\/wp-content\/uploads\/2022\/06\/IMG_8909-1024x683.jpg 1024w, https:\/\/ouvrir-son-coeur.fr\/wp-content\/uploads\/2022\/06\/IMG_8909-300x200.jpg 300w, https:\/\/ouvrir-son-coeur.fr\/wp-content\/uploads\/2022\/06\/IMG_8909-768x512.jpg 768w, https:\/\/ouvrir-son-coeur.fr\/wp-content\/uploads\/2022\/06\/IMG_8909-1536x1024.jpg 1536w, https:\/\/ouvrir-son-coeur.fr\/wp-content\/uploads\/2022\/06\/IMG_8909-2048x1365.jpg 2048w, https:\/\/ouvrir-son-coeur.fr\/wp-content\/uploads\/2022\/06\/IMG_8909-1200x800.jpg 1200w\" sizes=\"auto, (max-width: 1024px) 100vw, 1024px\" \/><\/figure><\/div>\n\n\n<p style=\"text-align: justify;\">Chers fr\u00e8res et s\u0153urs humains, nous sommes si heureux et si honor\u00e9s d\u2019\u00eatre proches de vous en ces temps de transformation int\u00e9rieure.<\/p>\n<p style=\"text-align: justify;\">Vous, tout comme nous les dauphins et plus largement les c\u00e9tac\u00e9s, portons ce germe christique, souffle de paix et de lumi\u00e8re, dans le c\u0153ur de nos cellules.<\/p>\n<p style=\"text-align: justify;\">Nous aimons notre prochain, comme nous aimons l\u2019univers, comme nous aimons toute forme d\u2019\u00e9nergie au-del\u00e0 de la forme.<\/p>\n<p style=\"text-align: justify;\">Les brins d\u2019ADN que nous avons dans nos corps, que vous avez dans les v\u00f4tres, portent ces portions de lumi\u00e8re, plut\u00f4t comme des noyaux, qui grandissent et qui op\u00e8rent selon le cycle de vie pour chaque individu qui incarne la vie.<\/p>\n<p style=\"text-align: justify;\">Nous \u00e9manons par notre souffle, par nos vibrations sonores, par les ondes \u00e9mises par notre \u00ab&nbsp;sonar&nbsp;\u00bb int\u00e9rieur, des rayons de cette lumi\u00e8re, des \u00e9manations de souffle christique, provenant de la source Une, celle de la lumi\u00e8re originelle.<\/p>\n<p style=\"text-align: justify;\">Si vous vous connectez \u00e0 nous, par la pens\u00e9e, en \u00e9coutant nos sons, en ressentant notre pr\u00e9sence dans vos eaux, alors vous sentirez cette lumi\u00e8re, qui apporte joie, l\u00e9g\u00e8ret\u00e9, et qui vous transporte dans la nature de votre essence, \u00e0 l\u2019int\u00e9rieur de votre \u00eatre profond.<\/p>\n<p style=\"text-align: justify;\">Vous repr\u00e9sentez l\u2019espoir, pour le r\u00e8gne animal, qui par ces temps si changeants, perdent parfois corps, par la mort et par le sentiment d\u2019impuissance face \u00e0 tant de souffrance. En m\u00eame temps acteurs de ces changements et spectateurs, vous apportez la force int\u00e9rieure, celle qui montre que tout est possible, dans le champ de l\u2019expansion de conscience. Vous leur montrez que tout n\u2019est pas vain et qu\u2019apr\u00e8s tant de cycles d\u2019existences, pr\u00e8s de vous, ils voient enfin les fruits des graines qu\u2019ils ont sem\u00e9 et que vous avez semez. La vie les porte et soutient l\u2019\u00e9volution, de la graine au fruit, et ce jusqu\u2019\u00e0 la mort, puis la renaissance.<\/p>\n<p style=\"text-align: justify;\">Les codons que vous avez dans vos g\u00e8nes, sont porteurs de grandes connaissances, de grands savoirs de l\u2019univers. Et plus la lumi\u00e8re grandit en vous, plus vous mesurez l\u2019ampleur de ces informations, en vous. Et lorsque vous r\u00e9alisez \u00e0 quel point la lumi\u00e8re est grande, profonde, infinie, vous baignez dans la conscience que la lumi\u00e8re unit tout et qu\u2019elle est le liant, comme ce qui est li\u00e9, et que tout appartient au m\u00eame bain, celui de La grande \u00e9nergie source.<\/p>\n<p style=\"text-align: justify;\">\u00c9coutez sagement ce que cette connaissance vous r\u00e9v\u00e8le et fait remonter en vous, car c\u2019est elle le chemin de l\u2019ascension de la conscience. Soignez vos paroles, vos pens\u00e9es, votre corps, qui vous apprennent ce que vous avez \u00e0 savoir sur vous, ce sont les r\u00e9v\u00e9lateurs de ce que vous avez \u00e0 exprimer et \u00e0 transmuter.<\/p>\n<p style=\"text-align: justify;\">Dans nos sons, vous trouverez des r\u00e9activateurs de m\u00e9moires, des chemins qui vous conduisent \u00e0 cette connaissance \u00e0 l\u2019int\u00e9rieur de vous. Les \u00e9clats de lumi\u00e8re percent la coque opaque de vos cellules tant endurcies par l\u2019ignorance de l\u2019\u00e9go et tant malmen\u00e9es par vos \u00e9motions alt\u00e9r\u00e9es. La lumi\u00e8re rayonn\u00e9e transperce toute particule dense et permet \u00e0 la lumi\u00e8re de prendre place, de grandir et de se frayer son chemin, dans les amas de cellules, pour lib\u00e9rer les codons et leur permettre \u00e0 nouveau de rayonner pour mieux synth\u00e9tiser.<\/p>\n<p style=\"text-align: justify;\">Bient\u00f4t vous acc\u00e8derez \u00e0 la r\u00e9g\u00e9n\u00e9ration cellulaire, par la lumi\u00e8re, et vous constaterez que la connaissance est d\u00e9j\u00e0 \u00e0 l\u2019int\u00e9rieur de vous. Celle-ci se manifeste d\u00e9j\u00e0 chez ceux qui ont la foi et le maintien d\u2019une vibration \u00e9lev\u00e9e, \u00e9l\u00e9mentaire pour que les codons puissent synth\u00e9tiser l\u2019intelligence lumi\u00e8re, dans une parfaite harmonie cellulaire.<\/p>\n<p style=\"text-align: justify;\">Les technologies atlantes et savoirs l\u00e9muriens ne sont pas la r\u00e9ponse \u00e0 vos carences scientifiques, c\u2019est votre foi et la lumi\u00e8re que vous laissez p\u00e9n\u00e9trer dans vos cellules, qui vous permettront de retrouver toute la connaissance, dont vous avez besoin.<\/p>\n<p style=\"text-align: justify;\">Nous savons que de plus en plus de cristaux, d\u2019arches, de portes et de passages sont volontairement retrouv\u00e9s, r\u00e9activ\u00e9s et r\u00e9v\u00e9l\u00e9s, et cela contribue \u00e0 la r\u00e9activation progressive des savoirs que vous avez \u00e0 l\u2019int\u00e9rieur de vous. Aussi rapidement que vous retrouvez la m\u00e9moire, vous retrouvez des traces physiques sur Terre des anciens savoirs des civilisations d\u2019antan et parall\u00e8les, seulement endormies pour certaines.<\/p>\n<p style=\"text-align: justify;\">C\u2019est un ensemble de synchronisations qui expriment le r\u00e9veil d\u2019une Terre, de peuples, de races, de r\u00e8gnes et d\u2019\u00e9l\u00e9mentaux, qui jusqu\u2019ici commen\u00e7aient \u00e0 peine \u00e0 \u00e9merger de leur sommeil. Maintenant vient le temps d\u2019ouvrir les yeux, les oreilles, les sens internes que tout \u00eatre a par d\u00e9faut, en incarnant la vie.<\/p>\n<p style=\"text-align: justify;\">Nous nous sentons si pr\u00e8s du but en vous disant que tout est d\u00e9j\u00e0 en place dans les plans plus \u00e9lev\u00e9s, pour que tout ici sur Terre puisse grandement et rapidement \u00e9voluer.<\/p>\n<p style=\"text-align: justify;\">Dans l\u2019astral, dans le causal, se manifestent tout ce qui doit \u00eatre radi\u00e9, \u00e9pur\u00e9, par la lumi\u00e8re, et ces manifestations agitent et malm\u00e8nent toute vie qui re\u00e7oit un soin \u00e9nerg\u00e9tique, en sentant la lumi\u00e8re faire des perc\u00e9es dans l\u2019ombre.<\/p>\n<p style=\"text-align: justify;\">L\u2019ombre exprime tout le tort, la souffrance que l\u2019\u00eatre d\u00e9chu a re\u00e7u, comme une cons\u00e9quence de l\u2019exp\u00e9rience de la perte de reliance \u00e0 la lumi\u00e8re. Cette perte lui aura rappel\u00e9 \u00e0 quel point son appartenance \u00e0 la lumi\u00e8re le rend si paisible, en harmonie avec le tout et que l\u2019AMOUR LUMIERE EST TOUT. Il aura nourrit tout son \u00eatre de ces vils exp\u00e9riences, par cette transcendance, que lui aura permis le retour de la lumi\u00e8re en lui, par son berger le christ qui l\u2019a illumin\u00e9 dans ses nuits.<\/p>\n<p style=\"text-align: justify;\">Nous ressentons un Amour profond pour vous et nous assistons tout \u00eatre humain, animal, v\u00e9g\u00e9tal, min\u00e9ral et \u00e9l\u00e9mental, tout comme chaque Un dans nos communaut\u00e9s de dauphins et de baleines, qui en a besoin.<\/p>\n<p style=\"text-align: justify;\">Nous sommes une grande famille et nous aimons vivre ces exp\u00e9riences aupr\u00e8s de vous.<\/p>\n<p style=\"text-align: justify;\">Recevez tout notre amour et la lumi\u00e8re d\u00e9livr\u00e9e par nos soins. Nos sonars savent \u00e9mettre la lumi\u00e8re christ Une qui anime chaque Une des vies et nous vous invitons grandement \u00e0 vous connecter \u00e0 ces soins, pour faire grandir la lumi\u00e8re en vous.<\/p>\n<p style=\"text-align: justify;\">Nous vous aimons et vous enveloppons de notre son.<\/p>\n<p style=\"text-align: justify;\">A bient\u00f4t,<\/p>\n<p style=\"text-align: justify;\">Merci, merci, merci<\/p>","protected":false},"excerpt":{"rendered":"<p>Chers fr\u00e8res et s\u0153urs humains, nous sommes si heureux et si honor\u00e9s d\u2019\u00eatre proches de vous en ces temps de transformation int\u00e9rieure. Vous, tout comme nous les dauphins et plus largement les c\u00e9tac\u00e9s, portons ce germe christique, souffle de paix et de lumi\u00e8re, dans le c\u0153ur de nos cellules. Nous aimons notre prochain, comme nous &hellip; <\/p>\n<p class=\"link-more\"><a href=\"https:\/\/ouvrir-son-coeur.fr\/index.php\/2022\/06\/02\/message-des-cetaces-la-vie-porte-les-fruits-des-graines-que-vous-avez-semez\/\" class=\"more-link\">Continue reading<span class=\"screen-reader-text\"> \u00ab\u00a0Message des c\u00e9tac\u00e9s\u00a0: La vie porte les fruits des graines que vous avez sem\u00e9es\u00a0\u00bb<\/span><\/a><\/p>\n","protected":false},"author":1,"featured_media":1932,"comment_status":"closed","ping_status":"closed","sticky":false,"template":"","format":"standard","meta":{"footnotes":""},"categories":[26],"tags":[],"class_list":["post-1931","post","type-post","status-publish","format-standard","has-post-thumbnail","hentry","category-canalisation"],"yoast_head":"<!-- This site is optimized with the Yoast SEO plugin v27.2 - https:\/\/yoast.com\/product\/yoast-seo-wordpress\/ -->\n<title>Message des c\u00e9tac\u00e9s\u00a0: La vie porte les fruits des graines que vous avez sem\u00e9es - Delphine ORIEUX<\/title>\n<meta name=\"robots\" content=\"index, follow, max-snippet:-1, max-image-preview:large, max-video-preview:-1\" \/>\n<link rel=\"canonical\" href=\"https:\/\/ouvrir-son-coeur.fr\/index.php\/2022\/06\/02\/message-des-cetaces-la-vie-porte-les-fruits-des-graines-que-vous-avez-semez\/\" \/>\n<meta property=\"og:locale\" content=\"fr_FR\" \/>\n<meta property=\"og:type\" content=\"article\" \/>\n<meta property=\"og:title\" content=\"Message des c\u00e9tac\u00e9s\u00a0: La vie porte les fruits des graines que vous avez sem\u00e9es - Delphine ORIEUX\" \/>\n<meta property=\"og:description\" content=\"Chers fr\u00e8res et s\u0153urs humains, nous sommes si heureux et si honor\u00e9s d\u2019\u00eatre proches de vous en ces temps de transformation int\u00e9rieure. Vous, tout comme nous les dauphins et plus largement les c\u00e9tac\u00e9s, portons ce germe christique, souffle de paix et de lumi\u00e8re, dans le c\u0153ur de nos cellules. Nous aimons notre prochain, comme nous &hellip; Continue reading &quot;Message des c\u00e9tac\u00e9s\u00a0: La vie porte les fruits des graines que vous avez sem\u00e9es&quot;\" \/>\n<meta property=\"og:url\" content=\"https:\/\/ouvrir-son-coeur.fr\/index.php\/2022\/06\/02\/message-des-cetaces-la-vie-porte-les-fruits-des-graines-que-vous-avez-semez\/\" \/>\n<meta property=\"og:site_name\" content=\"Delphine ORIEUX\" \/>\n<meta property=\"article:published_time\" content=\"2022-06-02T19:58:41+00:00\" \/>\n<meta property=\"article:modified_time\" content=\"2022-06-02T20:03:51+00:00\" \/>\n<meta property=\"og:image\" content=\"https:\/\/ouvrir-son-coeur.fr\/wp-content\/uploads\/2022\/06\/IMG_8909-1024x683.jpg\" \/>\n<meta name=\"author\" content=\"Delphine\" \/>\n<meta name=\"twitter:card\" content=\"summary_large_image\" \/>\n<meta name=\"twitter:label1\" content=\"\u00c9crit par\" \/>\n\t<meta name=\"twitter:data1\" content=\"Delphine\" \/>\n\t<meta name=\"twitter:label2\" content=\"Dur\u00e9e de lecture estim\u00e9e\" \/>\n\t<meta name=\"twitter:data2\" content=\"6 minutes\" \/>\n<script type=\"application\/ld+json\" class=\"yoast-schema-graph\">{\"@context\":\"https:\/\/schema.org\",\"@graph\":[{\"@type\":\"Article\",\"@id\":\"https:\/\/ouvrir-son-coeur.fr\/index.php\/2022\/06\/02\/message-des-cetaces-la-vie-porte-les-fruits-des-graines-que-vous-avez-semez\/#article\",\"isPartOf\":{\"@id\":\"https:\/\/ouvrir-son-coeur.fr\/index.php\/2022\/06\/02\/message-des-cetaces-la-vie-porte-les-fruits-des-graines-que-vous-avez-semez\/\"},\"author\":{\"name\":\"Delphine\",\"@id\":\"https:\/\/ouvrir-son-coeur.fr\/#\/schema\/person\/79755406436a7adaddb901ee35a4d28c\"},\"headline\":\"Message des c\u00e9tac\u00e9s\u00a0: La vie porte les fruits des graines que vous avez sem\u00e9es\",\"datePublished\":\"2022-06-02T19:58:41+00:00\",\"dateModified\":\"2022-06-02T20:03:51+00:00\",\"mainEntityOfPage\":{\"@id\":\"https:\/\/ouvrir-son-coeur.fr\/index.php\/2022\/06\/02\/message-des-cetaces-la-vie-porte-les-fruits-des-graines-que-vous-avez-semez\/\"},\"wordCount\":1140,\"publisher\":{\"@id\":\"https:\/\/ouvrir-son-coeur.fr\/#organization\"},\"image\":{\"@id\":\"https:\/\/ouvrir-son-coeur.fr\/index.php\/2022\/06\/02\/message-des-cetaces-la-vie-porte-les-fruits-des-graines-que-vous-avez-semez\/#primaryimage\"},\"thumbnailUrl\":\"https:\/\/ouvrir-son-coeur.fr\/wp-content\/uploads\/2022\/06\/IMG_8909-scaled.jpg\",\"articleSection\":[\"Canalisation\"],\"inLanguage\":\"fr-FR\"},{\"@type\":\"WebPage\",\"@id\":\"https:\/\/ouvrir-son-coeur.fr\/index.php\/2022\/06\/02\/message-des-cetaces-la-vie-porte-les-fruits-des-graines-que-vous-avez-semez\/\",\"url\":\"https:\/\/ouvrir-son-coeur.fr\/index.php\/2022\/06\/02\/message-des-cetaces-la-vie-porte-les-fruits-des-graines-que-vous-avez-semez\/\",\"name\":\"Message des c\u00e9tac\u00e9s\u00a0: La vie porte les fruits des graines que vous avez sem\u00e9es - Delphine ORIEUX\",\"isPartOf\":{\"@id\":\"https:\/\/ouvrir-son-coeur.fr\/#website\"},\"primaryImageOfPage\":{\"@id\":\"https:\/\/ouvrir-son-coeur.fr\/index.php\/2022\/06\/02\/message-des-cetaces-la-vie-porte-les-fruits-des-graines-que-vous-avez-semez\/#primaryimage\"},\"image\":{\"@id\":\"https:\/\/ouvrir-son-coeur.fr\/index.php\/2022\/06\/02\/message-des-cetaces-la-vie-porte-les-fruits-des-graines-que-vous-avez-semez\/#primaryimage\"},\"thumbnailUrl\":\"https:\/\/ouvrir-son-coeur.fr\/wp-content\/uploads\/2022\/06\/IMG_8909-scaled.jpg\",\"datePublished\":\"2022-06-02T19:58:41+00:00\",\"dateModified\":\"2022-06-02T20:03:51+00:00\",\"breadcrumb\":{\"@id\":\"https:\/\/ouvrir-son-coeur.fr\/index.php\/2022\/06\/02\/message-des-cetaces-la-vie-porte-les-fruits-des-graines-que-vous-avez-semez\/#breadcrumb\"},\"inLanguage\":\"fr-FR\",\"potentialAction\":[{\"@type\":\"ReadAction\",\"target\":[\"https:\/\/ouvrir-son-coeur.fr\/index.php\/2022\/06\/02\/message-des-cetaces-la-vie-porte-les-fruits-des-graines-que-vous-avez-semez\/\"]}]},{\"@type\":\"ImageObject\",\"inLanguage\":\"fr-FR\",\"@id\":\"https:\/\/ouvrir-son-coeur.fr\/index.php\/2022\/06\/02\/message-des-cetaces-la-vie-porte-les-fruits-des-graines-que-vous-avez-semez\/#primaryimage\",\"url\":\"https:\/\/ouvrir-son-coeur.fr\/wp-content\/uploads\/2022\/06\/IMG_8909-scaled.jpg\",\"contentUrl\":\"https:\/\/ouvrir-son-coeur.fr\/wp-content\/uploads\/2022\/06\/IMG_8909-scaled.jpg\",\"width\":2560,\"height\":1707},{\"@type\":\"BreadcrumbList\",\"@id\":\"https:\/\/ouvrir-son-coeur.fr\/index.php\/2022\/06\/02\/message-des-cetaces-la-vie-porte-les-fruits-des-graines-que-vous-avez-semez\/#breadcrumb\",\"itemListElement\":[{\"@type\":\"ListItem\",\"position\":1,\"name\":\"Accueil\",\"item\":\"https:\/\/ouvrir-son-coeur.fr\/\"},{\"@type\":\"ListItem\",\"position\":2,\"name\":\"Message des c\u00e9tac\u00e9s\u00a0: La vie porte les fruits des graines que vous avez sem\u00e9es\"}]},{\"@type\":\"WebSite\",\"@id\":\"https:\/\/ouvrir-son-coeur.fr\/#website\",\"url\":\"https:\/\/ouvrir-son-coeur.fr\/\",\"name\":\"Delphine ORIEUX\",\"description\":\"Ouvrir son coeur pour un retour \u00e0 soi\",\"publisher\":{\"@id\":\"https:\/\/ouvrir-son-coeur.fr\/#organization\"},\"potentialAction\":[{\"@type\":\"SearchAction\",\"target\":{\"@type\":\"EntryPoint\",\"urlTemplate\":\"https:\/\/ouvrir-son-coeur.fr\/?s={search_term_string}\"},\"query-input\":{\"@type\":\"PropertyValueSpecification\",\"valueRequired\":true,\"valueName\":\"search_term_string\"}}],\"inLanguage\":\"fr-FR\"},{\"@type\":\"Organization\",\"@id\":\"https:\/\/ouvrir-son-coeur.fr\/#organization\",\"name\":\"Delphine ORIEUX\",\"url\":\"https:\/\/ouvrir-son-coeur.fr\/\",\"logo\":{\"@type\":\"ImageObject\",\"inLanguage\":\"fr-FR\",\"@id\":\"https:\/\/ouvrir-son-coeur.fr\/#\/schema\/logo\/image\/\",\"url\":\"https:\/\/ouvrir-son-coeur.fr\/wp-content\/uploads\/2019\/10\/cropped-71673114_2509801119097527_6138808206555611136_o-15.jpg\",\"contentUrl\":\"https:\/\/ouvrir-son-coeur.fr\/wp-content\/uploads\/2019\/10\/cropped-71673114_2509801119097527_6138808206555611136_o-15.jpg\",\"width\":546,\"height\":505,\"caption\":\"Delphine ORIEUX\"},\"image\":{\"@id\":\"https:\/\/ouvrir-son-coeur.fr\/#\/schema\/logo\/image\/\"}},{\"@type\":\"Person\",\"@id\":\"https:\/\/ouvrir-son-coeur.fr\/#\/schema\/person\/79755406436a7adaddb901ee35a4d28c\",\"name\":\"Delphine\",\"image\":{\"@type\":\"ImageObject\",\"inLanguage\":\"fr-FR\",\"@id\":\"https:\/\/secure.gravatar.com\/avatar\/4feb5ead4d5221e0fd82faeb7afb26cb5db06cdb420750aab1923c6a5e1ac1ac?s=96&d=mm&r=g\",\"url\":\"https:\/\/secure.gravatar.com\/avatar\/4feb5ead4d5221e0fd82faeb7afb26cb5db06cdb420750aab1923c6a5e1ac1ac?s=96&d=mm&r=g\",\"contentUrl\":\"https:\/\/secure.gravatar.com\/avatar\/4feb5ead4d5221e0fd82faeb7afb26cb5db06cdb420750aab1923c6a5e1ac1ac?s=96&d=mm&r=g\",\"caption\":\"Delphine\"},\"url\":\"https:\/\/ouvrir-son-coeur.fr\/index.php\/author\/admin2719\/\"}]}<\/script>\n<!-- \/ Yoast SEO plugin. -->","yoast_head_json":{"title":"Message des c\u00e9tac\u00e9s\u00a0: La vie porte les fruits des graines que vous avez sem\u00e9es - Delphine ORIEUX","robots":{"index":"index","follow":"follow","max-snippet":"max-snippet:-1","max-image-preview":"max-image-preview:large","max-video-preview":"max-video-preview:-1"},"canonical":"https:\/\/ouvrir-son-coeur.fr\/index.php\/2022\/06\/02\/message-des-cetaces-la-vie-porte-les-fruits-des-graines-que-vous-avez-semez\/","og_locale":"fr_FR","og_type":"article","og_title":"Message des c\u00e9tac\u00e9s\u00a0: La vie porte les fruits des graines que vous avez sem\u00e9es - Delphine ORIEUX","og_description":"Chers fr\u00e8res et s\u0153urs humains, nous sommes si heureux et si honor\u00e9s d\u2019\u00eatre proches de vous en ces temps de transformation int\u00e9rieure. Vous, tout comme nous les dauphins et plus largement les c\u00e9tac\u00e9s, portons ce germe christique, souffle de paix et de lumi\u00e8re, dans le c\u0153ur de nos cellules. Nous aimons notre prochain, comme nous &hellip; Continue reading \"Message des c\u00e9tac\u00e9s\u00a0: La vie porte les fruits des graines que vous avez sem\u00e9es\"","og_url":"https:\/\/ouvrir-son-coeur.fr\/index.php\/2022\/06\/02\/message-des-cetaces-la-vie-porte-les-fruits-des-graines-que-vous-avez-semez\/","og_site_name":"Delphine ORIEUX","article_published_time":"2022-06-02T19:58:41+00:00","article_modified_time":"2022-06-02T20:03:51+00:00","og_image":[{"url":"https:\/\/ouvrir-son-coeur.fr\/wp-content\/uploads\/2022\/06\/IMG_8909-1024x683.jpg","type":"","width":"","height":""}],"author":"Delphine","twitter_card":"summary_large_image","twitter_misc":{"\u00c9crit par":"Delphine","Dur\u00e9e de lecture estim\u00e9e":"6 minutes"},"schema":{"@context":"https:\/\/schema.org","@graph":[{"@type":"Article","@id":"https:\/\/ouvrir-son-coeur.fr\/index.php\/2022\/06\/02\/message-des-cetaces-la-vie-porte-les-fruits-des-graines-que-vous-avez-semez\/#article","isPartOf":{"@id":"https:\/\/ouvrir-son-coeur.fr\/index.php\/2022\/06\/02\/message-des-cetaces-la-vie-porte-les-fruits-des-graines-que-vous-avez-semez\/"},"author":{"name":"Delphine","@id":"https:\/\/ouvrir-son-coeur.fr\/#\/schema\/person\/79755406436a7adaddb901ee35a4d28c"},"headline":"Message des c\u00e9tac\u00e9s\u00a0: La vie porte les fruits des graines que vous avez sem\u00e9es","datePublished":"2022-06-02T19:58:41+00:00","dateModified":"2022-06-02T20:03:51+00:00","mainEntityOfPage":{"@id":"https:\/\/ouvrir-son-coeur.fr\/index.php\/2022\/06\/02\/message-des-cetaces-la-vie-porte-les-fruits-des-graines-que-vous-avez-semez\/"},"wordCount":1140,"publisher":{"@id":"https:\/\/ouvrir-son-coeur.fr\/#organization"},"image":{"@id":"https:\/\/ouvrir-son-coeur.fr\/index.php\/2022\/06\/02\/message-des-cetaces-la-vie-porte-les-fruits-des-graines-que-vous-avez-semez\/#primaryimage"},"thumbnailUrl":"https:\/\/ouvrir-son-coeur.fr\/wp-content\/uploads\/2022\/06\/IMG_8909-scaled.jpg","articleSection":["Canalisation"],"inLanguage":"fr-FR"},{"@type":"WebPage","@id":"https:\/\/ouvrir-son-coeur.fr\/index.php\/2022\/06\/02\/message-des-cetaces-la-vie-porte-les-fruits-des-graines-que-vous-avez-semez\/","url":"https:\/\/ouvrir-son-coeur.fr\/index.php\/2022\/06\/02\/message-des-cetaces-la-vie-porte-les-fruits-des-graines-que-vous-avez-semez\/","name":"Message des c\u00e9tac\u00e9s\u00a0: La vie porte les fruits des graines que vous avez sem\u00e9es - Delphine ORIEUX","isPartOf":{"@id":"https:\/\/ouvrir-son-coeur.fr\/#website"},"primaryImageOfPage":{"@id":"https:\/\/ouvrir-son-coeur.fr\/index.php\/2022\/06\/02\/message-des-cetaces-la-vie-porte-les-fruits-des-graines-que-vous-avez-semez\/#primaryimage"},"image":{"@id":"https:\/\/ouvrir-son-coeur.fr\/index.php\/2022\/06\/02\/message-des-cetaces-la-vie-porte-les-fruits-des-graines-que-vous-avez-semez\/#primaryimage"},"thumbnailUrl":"https:\/\/ouvrir-son-coeur.fr\/wp-content\/uploads\/2022\/06\/IMG_8909-scaled.jpg","datePublished":"2022-06-02T19:58:41+00:00","dateModified":"2022-06-02T20:03:51+00:00","breadcrumb":{"@id":"https:\/\/ouvrir-son-coeur.fr\/index.php\/2022\/06\/02\/message-des-cetaces-la-vie-porte-les-fruits-des-graines-que-vous-avez-semez\/#breadcrumb"},"inLanguage":"fr-FR","potentialAction":[{"@type":"ReadAction","target":["https:\/\/ouvrir-son-coeur.fr\/index.php\/2022\/06\/02\/message-des-cetaces-la-vie-porte-les-fruits-des-graines-que-vous-avez-semez\/"]}]},{"@type":"ImageObject","inLanguage":"fr-FR","@id":"https:\/\/ouvrir-son-coeur.fr\/index.php\/2022\/06\/02\/message-des-cetaces-la-vie-porte-les-fruits-des-graines-que-vous-avez-semez\/#primaryimage","url":"https:\/\/ouvrir-son-coeur.fr\/wp-content\/uploads\/2022\/06\/IMG_8909-scaled.jpg","contentUrl":"https:\/\/ouvrir-son-coeur.fr\/wp-content\/uploads\/2022\/06\/IMG_8909-scaled.jpg","width":2560,"height":1707},{"@type":"BreadcrumbList","@id":"https:\/\/ouvrir-son-coeur.fr\/index.php\/2022\/06\/02\/message-des-cetaces-la-vie-porte-les-fruits-des-graines-que-vous-avez-semez\/#breadcrumb","itemListElement":[{"@type":"ListItem","position":1,"name":"Accueil","item":"https:\/\/ouvrir-son-coeur.fr\/"},{"@type":"ListItem","position":2,"name":"Message des c\u00e9tac\u00e9s\u00a0: La vie porte les fruits des graines que vous avez sem\u00e9es"}]},{"@type":"WebSite","@id":"https:\/\/ouvrir-son-coeur.fr\/#website","url":"https:\/\/ouvrir-son-coeur.fr\/","name":"Delphine ORIEUX","description":"Ouvrir son coeur pour un retour \u00e0 soi","publisher":{"@id":"https:\/\/ouvrir-son-coeur.fr\/#organization"},"potentialAction":[{"@type":"SearchAction","target":{"@type":"EntryPoint","urlTemplate":"https:\/\/ouvrir-son-coeur.fr\/?s={search_term_string}"},"query-input":{"@type":"PropertyValueSpecification","valueRequired":true,"valueName":"search_term_string"}}],"inLanguage":"fr-FR"},{"@type":"Organization","@id":"https:\/\/ouvrir-son-coeur.fr\/#organization","name":"Delphine ORIEUX","url":"https:\/\/ouvrir-son-coeur.fr\/","logo":{"@type":"ImageObject","inLanguage":"fr-FR","@id":"https:\/\/ouvrir-son-coeur.fr\/#\/schema\/logo\/image\/","url":"https:\/\/ouvrir-son-coeur.fr\/wp-content\/uploads\/2019\/10\/cropped-71673114_2509801119097527_6138808206555611136_o-15.jpg","contentUrl":"https:\/\/ouvrir-son-coeur.fr\/wp-content\/uploads\/2019\/10\/cropped-71673114_2509801119097527_6138808206555611136_o-15.jpg","width":546,"height":505,"caption":"Delphine ORIEUX"},"image":{"@id":"https:\/\/ouvrir-son-coeur.fr\/#\/schema\/logo\/image\/"}},{"@type":"Person","@id":"https:\/\/ouvrir-son-coeur.fr\/#\/schema\/person\/79755406436a7adaddb901ee35a4d28c","name":"Delphine","image":{"@type":"ImageObject","inLanguage":"fr-FR","@id":"https:\/\/secure.gravatar.com\/avatar\/4feb5ead4d5221e0fd82faeb7afb26cb5db06cdb420750aab1923c6a5e1ac1ac?s=96&d=mm&r=g","url":"https:\/\/secure.gravatar.com\/avatar\/4feb5ead4d5221e0fd82faeb7afb26cb5db06cdb420750aab1923c6a5e1ac1ac?s=96&d=mm&r=g","contentUrl":"https:\/\/secure.gravatar.com\/avatar\/4feb5ead4d5221e0fd82faeb7afb26cb5db06cdb420750aab1923c6a5e1ac1ac?s=96&d=mm&r=g","caption":"Delphine"},"url":"https:\/\/ouvrir-son-coeur.fr\/index.php\/author\/admin2719\/"}]}},"_links":{"self":[{"href":"https:\/\/ouvrir-son-coeur.fr\/index.php\/wp-json\/wp\/v2\/posts\/1931","targetHints":{"allow":["GET"]}}],"collection":[{"href":"https:\/\/ouvrir-son-coeur.fr\/index.php\/wp-json\/wp\/v2\/posts"}],"about":[{"href":"https:\/\/ouvrir-son-coeur.fr\/index.php\/wp-json\/wp\/v2\/types\/post"}],"author":[{"embeddable":true,"href":"https:\/\/ouvrir-son-coeur.fr\/index.php\/wp-json\/wp\/v2\/users\/1"}],"replies":[{"embeddable":true,"href":"https:\/\/ouvrir-son-coeur.fr\/index.php\/wp-json\/wp\/v2\/comments?post=1931"}],"version-history":[{"count":3,"href":"https:\/\/ouvrir-son-coeur.fr\/index.php\/wp-json\/wp\/v2\/posts\/1931\/revisions"}],"predecessor-version":[{"id":1935,"href":"https:\/\/ouvrir-son-coeur.fr\/index.php\/wp-json\/wp\/v2\/posts\/1931\/revisions\/1935"}],"wp:featuredmedia":[{"embeddable":true,"href":"https:\/\/ouvrir-son-coeur.fr\/index.php\/wp-json\/wp\/v2\/media\/1932"}],"wp:attachment":[{"href":"https:\/\/ouvrir-son-coeur.fr\/index.php\/wp-json\/wp\/v2\/media?parent=1931"}],"wp:term":[{"taxonomy":"category","embeddable":true,"href":"https:\/\/ouvrir-son-coeur.fr\/index.php\/wp-json\/wp\/v2\/categories?post=1931"},{"taxonomy":"post_tag","embeddable":true,"href":"https:\/\/ouvrir-son-coeur.fr\/index.php\/wp-json\/wp\/v2\/tags?post=1931"}],"curies":[{"name":"wp","href":"https:\/\/api.w.org\/{rel}","templated":true}]}}