{"id":1875,"date":"2022-04-04T16:59:56","date_gmt":"2022-04-04T14:59:56","guid":{"rendered":"https:\/\/ouvrir-son-coeur.fr\/?p=1875"},"modified":"2022-04-04T16:59:58","modified_gmt":"2022-04-04T14:59:58","slug":"et-si-le-monde-nous-amenait-la-ou-nous-devons-etre-que-se-passerait-il","status":"publish","type":"post","link":"https:\/\/ouvrir-son-coeur.fr\/index.php\/2022\/04\/04\/et-si-le-monde-nous-amenait-la-ou-nous-devons-etre-que-se-passerait-il\/","title":{"rendered":"Et si le monde nous amenait l\u00e0 o\u00f9 nous devons \u00eatre, que se passerait-il\u00a0?"},"content":{"rendered":"\n<div class=\"wp-block-image\"><figure class=\"aligncenter size-large\"><img loading=\"lazy\" decoding=\"async\" width=\"768\" height=\"1024\" src=\"https:\/\/ouvrir-son-coeur.fr\/wp-content\/uploads\/2022\/04\/spiral-staircase-gae5e8722d_1280-768x1024.jpg\" alt=\"\" class=\"wp-image-1876\" srcset=\"https:\/\/ouvrir-son-coeur.fr\/wp-content\/uploads\/2022\/04\/spiral-staircase-gae5e8722d_1280-768x1024.jpg 768w, https:\/\/ouvrir-son-coeur.fr\/wp-content\/uploads\/2022\/04\/spiral-staircase-gae5e8722d_1280-225x300.jpg 225w, https:\/\/ouvrir-son-coeur.fr\/wp-content\/uploads\/2022\/04\/spiral-staircase-gae5e8722d_1280-900x1200.jpg 900w, https:\/\/ouvrir-son-coeur.fr\/wp-content\/uploads\/2022\/04\/spiral-staircase-gae5e8722d_1280.jpg 960w\" sizes=\"auto, (max-width: 768px) 100vw, 768px\" \/><\/figure><\/div>\n\n\n<p style=\"text-align: justify;\">Bienvenue dans cet espace vibratoire, o\u00f9 nous \u00eatres de lumi\u00e8re servant le collectif, nous trouvons et vibrons afin de maintenir une stabilit\u00e9, au sein de l\u2019humanit\u00e9, qui vit de grands changements.<\/p>\n<p style=\"text-align: justify;\">Nous aidons par notre vibration qui \u0153uvre au service du grand Tout, de la source divine, p\u00e8re\/m\u00e8re de ce monde.<\/p>\n<p style=\"text-align: justify;\">Nous transmettons l\u2019amour que nous recevons et nous le restituons en direction des strates plus individualis\u00e9es, en particulier vers celles avec qui nous avons des liens, qui servent notre propre chemin d\u2019\u00e9volution.<\/p>\n<p style=\"text-align: justify;\">Nous attirons de par notre vibration l\u2019amour source, qui par notre \u00e9nergie s\u2019adapte \u00e0 une fr\u00e9quence plus assimilable par les strates plus densifi\u00e9es que la n\u00f4tre. Nous renvoyons ensuite cette \u00e9nergie plus adapt\u00e9e aux \u00e9nergies plus densifi\u00e9es qui la re\u00e7oivent.<\/p>\n<p style=\"text-align: justify;\">Si nous \u00e9tions fusionn\u00e9s, cela voudrait dire que la source aurait fondu toutes les limites que sont les diff\u00e9rentes strates densifi\u00e9es et aucunes manifestations de vie telles que la conscience humaine ou plan\u00e9taire les connaissent n\u2019existeraient. Ce qui signifie que les strates de densification permettent de manifester d\u2019infinies cr\u00e9ations, sous d\u2019innombrables formes, afin de d\u00e9couvrir comment l\u2019\u00e9nergie source peut se manifester.<\/p>\n<p style=\"text-align: justify;\">Nous sommes si aimants envers chacun des \u00eatres qui vivent, qui existent, dans chacune des formes et dans chaque plan o\u00f9 ils se trouvent.<\/p>\n<p style=\"text-align: justify;\">C\u2019est dans cet espace d\u2019amour que chacun est \u00e0 l\u2019\u00e9tat de conscience plus \u00e9lev\u00e9e. C\u2019est dans cet \u00e9tat o\u00f9 nous relions chaque strate \u00e9nerg\u00e9tique que la compr\u00e9hension appara\u00eet. C\u2019est dans ce lien d\u2019amour que toute manifestation atteint le point de d\u00e9couverte de sens \u00e0 tout ce qui est.<\/p>\n<p style=\"text-align: justify;\">Nous sommes envoyeurs de packs \u00e9nerg\u00e9tiques qui aident \u00e0 la compr\u00e9hension, qui aident \u00e0 la reliance et qui permettent \u00e0 toute manifestation de se rendre l\u00e0 o\u00f9 elle a besoin d\u2019aller pour \u00e9voluer et retourner \u00e0 un \u00e9tat d\u2019amour plus grand, o\u00f9 l\u2019amour est disponible en elle.<\/p>\n<p style=\"text-align: justify;\">Si quelque chose se produit, si des manifestations prennent corps, si des \u00e9nergies se transforment, ce sont des cons\u00e9quences du changement induites par l\u2019\u00e9volution de toute chose.<\/p>\n<p style=\"text-align: justify;\">Bien que peu de manifestations dont la conscience reste coinc\u00e9e \u00e0 l\u2019\u00e9tat d\u2019isolement et d\u2019\u00e9garement dans la qu\u00eate de sens \u00e0 ce qui est, sont en mesure de sortir du labyrinthe qu\u2019elles se sont cr\u00e9\u00e9es. Il arrive \u00e0 un moment donn\u00e9 o\u00f9 la sortie est trouv\u00e9e, o\u00f9 la lumi\u00e8re devient plus visible, o\u00f9 toutes les sensations li\u00e9es \u00e0 la souffrance disparaissent. Cet instant est celui o\u00f9 la conscience a pris de la hauteur, o\u00f9 l\u2019attention n\u2019est plus focalis\u00e9e uniquement sur le plan horizontal, et prend en compte le plan vertical, qui cr\u00e9e la multidimensionnalit\u00e9.<\/p>\n<p style=\"text-align: justify;\">L\u2019instant existe et se vit de mani\u00e8re lin\u00e9aire jusqu\u2019\u00e0 ce que, plus haut dans sa conscience, la manifestation vive l\u2019instant en bondissant de hauteur en hauteur, pour mieux percevoir ce qui se passe, jusqu\u2019\u00e0 vivre tout en m\u00eame temps dans son plan d\u2019ensemble.<\/p>\n<p style=\"text-align: justify;\">Plus la conscience est \u00e9lev\u00e9e, plus l\u2019instant est v\u00e9cu dans sa globalit\u00e9. Les perceptions, les sensations, les manifestations s\u2019all\u00e8gent et deviennent de plus en plus fondues au plan de la cr\u00e9ation, dans cet espace o\u00f9 la compr\u00e9hension de tout le plan induit un \u00e9tat de paix.<\/p>\n<p style=\"text-align: justify;\">C\u2019est l\u00e0 que se trouve la destination pour chacun, dans cet espace grandissant qui am\u00e8ne \u00e0 la paix de l\u2019\u00eatre.<\/p>\n<p style=\"text-align: justify;\">Bien entendu, toute manifestation ayant un sens, le d\u00e9roulement des \u00e9v\u00e8nements conduit \u00e0 la r\u00e9alisation du plan global. Pour que celui-ci atteigne son apog\u00e9e, chaque manifestation r\u00e9alise pleinement son plan, dans son horizontalit\u00e9, tout comme dans sa verticalit\u00e9, en manifestant les cr\u00e9ations vers lesquelles l\u2019\u00e9nergie est appel\u00e9e \u00e0 aller.<\/p>\n<p style=\"text-align: justify;\">Pour que le plan soit r\u00e9alis\u00e9, tout se fait, tout prend corps gr\u00e2ce \u00e0 l\u2019\u00e9nergie du plan global qui guide, tel un architecte, les ouvriers de sa cr\u00e9ation, en construisant son \u00e9difice \u00e9tape par \u00e9tape, dans le d\u00e9roul\u00e9 des op\u00e9rations.<\/p>\n<p style=\"text-align: justify;\">Voil\u00e0 ce que chaque manifestation vit ou cr\u00e9e\u00a0: les \u00e9tapes de cr\u00e9ation qui am\u00e8nent \u00e0 la construction d\u2019un monde d\u00e9j\u00e0 \u00e9tabli par le plan global du cr\u00e9ateur.<\/p>\n<p style=\"text-align: justify;\">Pour faciliter la construction et la notion de temps qui passe, dans le d\u00e9roul\u00e9 des op\u00e9rations, nous invitons grandement les manifestations \u00e0 \u00e9couter le guide int\u00e9rieur, qui les oriente dans les plans justes pour elles, afin de les aider \u00e0 suivre chaque \u00e9tape, en \u00e9tant dans leur verticalit\u00e9.<\/p>\n<p style=\"text-align: justify;\">Nous envoyons \u00e0 toutes \u00e9nergies qui re\u00e7oivent nos packs \u00e9nerg\u00e9tiques modul\u00e9s, des\u00a0 moyens pour retrouver en elles, le chemin de la verticalit\u00e9, pour les ramener \u00e0 \u00eatre \u00e0 leur juste place pour r\u00e9aliser pleinement et le plus agr\u00e9ablement possible pour elles, le plan.<\/p>\n<p style=\"text-align: justify;\">Nous aimons toutes les cr\u00e9ations et sommes toujours l\u00e0 o\u00f9 l\u2019Amour est.<\/p>\n<p style=\"text-align: justify;\">Merci, merci, merci<\/p>","protected":false},"excerpt":{"rendered":"<p>Bienvenue dans cet espace vibratoire, o\u00f9 nous \u00eatres de lumi\u00e8re servant le collectif, nous trouvons et vibrons afin de maintenir une stabilit\u00e9, au sein de l\u2019humanit\u00e9, qui vit de grands changements. Nous aidons par notre vibration qui \u0153uvre au service du grand Tout, de la source divine, p\u00e8re\/m\u00e8re de ce monde. Nous transmettons l\u2019amour que &hellip; <\/p>\n<p class=\"link-more\"><a href=\"https:\/\/ouvrir-son-coeur.fr\/index.php\/2022\/04\/04\/et-si-le-monde-nous-amenait-la-ou-nous-devons-etre-que-se-passerait-il\/\" class=\"more-link\">Continue reading<span class=\"screen-reader-text\"> \u00ab\u00a0Et si le monde nous amenait l\u00e0 o\u00f9 nous devons \u00eatre, que se passerait-il\u00a0?\u00a0\u00bb<\/span><\/a><\/p>\n","protected":false},"author":1,"featured_media":1876,"comment_status":"closed","ping_status":"closed","sticky":false,"template":"","format":"standard","meta":{"footnotes":""},"categories":[5],"tags":[],"class_list":["post-1875","post","type-post","status-publish","format-standard","has-post-thumbnail","hentry","category-evolution-de-conscience"],"yoast_head":"<!-- This site is optimized with the Yoast SEO plugin v27.2 - https:\/\/yoast.com\/product\/yoast-seo-wordpress\/ -->\n<title>Et si le monde nous amenait l\u00e0 o\u00f9 nous devons \u00eatre, que se passerait-il\u00a0? - Delphine ORIEUX<\/title>\n<meta name=\"robots\" content=\"index, follow, max-snippet:-1, max-image-preview:large, max-video-preview:-1\" \/>\n<link rel=\"canonical\" href=\"https:\/\/ouvrir-son-coeur.fr\/index.php\/2022\/04\/04\/et-si-le-monde-nous-amenait-la-ou-nous-devons-etre-que-se-passerait-il\/\" \/>\n<meta property=\"og:locale\" content=\"fr_FR\" \/>\n<meta property=\"og:type\" content=\"article\" \/>\n<meta property=\"og:title\" content=\"Et si le monde nous amenait l\u00e0 o\u00f9 nous devons \u00eatre, que se passerait-il\u00a0? - Delphine ORIEUX\" \/>\n<meta property=\"og:description\" content=\"Bienvenue dans cet espace vibratoire, o\u00f9 nous \u00eatres de lumi\u00e8re servant le collectif, nous trouvons et vibrons afin de maintenir une stabilit\u00e9, au sein de l\u2019humanit\u00e9, qui vit de grands changements. Nous aidons par notre vibration qui \u0153uvre au service du grand Tout, de la source divine, p\u00e8re\/m\u00e8re de ce monde. Nous transmettons l\u2019amour que &hellip; Continue reading &quot;Et si le monde nous amenait l\u00e0 o\u00f9 nous devons \u00eatre, que se passerait-il\u00a0?&quot;\" \/>\n<meta property=\"og:url\" content=\"https:\/\/ouvrir-son-coeur.fr\/index.php\/2022\/04\/04\/et-si-le-monde-nous-amenait-la-ou-nous-devons-etre-que-se-passerait-il\/\" \/>\n<meta property=\"og:site_name\" content=\"Delphine ORIEUX\" \/>\n<meta property=\"article:published_time\" content=\"2022-04-04T14:59:56+00:00\" \/>\n<meta property=\"article:modified_time\" content=\"2022-04-04T14:59:58+00:00\" \/>\n<meta property=\"og:image\" content=\"https:\/\/ouvrir-son-coeur.fr\/wp-content\/uploads\/2022\/04\/spiral-staircase-gae5e8722d_1280-768x1024.jpg\" \/>\n<meta name=\"author\" content=\"Delphine\" \/>\n<meta name=\"twitter:card\" content=\"summary_large_image\" \/>\n<meta name=\"twitter:label1\" content=\"\u00c9crit par\" \/>\n\t<meta name=\"twitter:data1\" content=\"Delphine\" \/>\n\t<meta name=\"twitter:label2\" content=\"Dur\u00e9e de lecture estim\u00e9e\" \/>\n\t<meta name=\"twitter:data2\" content=\"5 minutes\" \/>\n<script type=\"application\/ld+json\" class=\"yoast-schema-graph\">{\"@context\":\"https:\/\/schema.org\",\"@graph\":[{\"@type\":\"Article\",\"@id\":\"https:\/\/ouvrir-son-coeur.fr\/index.php\/2022\/04\/04\/et-si-le-monde-nous-amenait-la-ou-nous-devons-etre-que-se-passerait-il\/#article\",\"isPartOf\":{\"@id\":\"https:\/\/ouvrir-son-coeur.fr\/index.php\/2022\/04\/04\/et-si-le-monde-nous-amenait-la-ou-nous-devons-etre-que-se-passerait-il\/\"},\"author\":{\"name\":\"Delphine\",\"@id\":\"https:\/\/ouvrir-son-coeur.fr\/#\/schema\/person\/79755406436a7adaddb901ee35a4d28c\"},\"headline\":\"Et si le monde nous amenait l\u00e0 o\u00f9 nous devons \u00eatre, que se passerait-il\u00a0?\",\"datePublished\":\"2022-04-04T14:59:56+00:00\",\"dateModified\":\"2022-04-04T14:59:58+00:00\",\"mainEntityOfPage\":{\"@id\":\"https:\/\/ouvrir-son-coeur.fr\/index.php\/2022\/04\/04\/et-si-le-monde-nous-amenait-la-ou-nous-devons-etre-que-se-passerait-il\/\"},\"wordCount\":852,\"publisher\":{\"@id\":\"https:\/\/ouvrir-son-coeur.fr\/#organization\"},\"image\":{\"@id\":\"https:\/\/ouvrir-son-coeur.fr\/index.php\/2022\/04\/04\/et-si-le-monde-nous-amenait-la-ou-nous-devons-etre-que-se-passerait-il\/#primaryimage\"},\"thumbnailUrl\":\"https:\/\/ouvrir-son-coeur.fr\/wp-content\/uploads\/2022\/04\/spiral-staircase-gae5e8722d_1280.jpg\",\"articleSection\":[\"Evolution de conscience\"],\"inLanguage\":\"fr-FR\"},{\"@type\":\"WebPage\",\"@id\":\"https:\/\/ouvrir-son-coeur.fr\/index.php\/2022\/04\/04\/et-si-le-monde-nous-amenait-la-ou-nous-devons-etre-que-se-passerait-il\/\",\"url\":\"https:\/\/ouvrir-son-coeur.fr\/index.php\/2022\/04\/04\/et-si-le-monde-nous-amenait-la-ou-nous-devons-etre-que-se-passerait-il\/\",\"name\":\"Et si le monde nous amenait l\u00e0 o\u00f9 nous devons \u00eatre, que se passerait-il\u00a0? - Delphine ORIEUX\",\"isPartOf\":{\"@id\":\"https:\/\/ouvrir-son-coeur.fr\/#website\"},\"primaryImageOfPage\":{\"@id\":\"https:\/\/ouvrir-son-coeur.fr\/index.php\/2022\/04\/04\/et-si-le-monde-nous-amenait-la-ou-nous-devons-etre-que-se-passerait-il\/#primaryimage\"},\"image\":{\"@id\":\"https:\/\/ouvrir-son-coeur.fr\/index.php\/2022\/04\/04\/et-si-le-monde-nous-amenait-la-ou-nous-devons-etre-que-se-passerait-il\/#primaryimage\"},\"thumbnailUrl\":\"https:\/\/ouvrir-son-coeur.fr\/wp-content\/uploads\/2022\/04\/spiral-staircase-gae5e8722d_1280.jpg\",\"datePublished\":\"2022-04-04T14:59:56+00:00\",\"dateModified\":\"2022-04-04T14:59:58+00:00\",\"breadcrumb\":{\"@id\":\"https:\/\/ouvrir-son-coeur.fr\/index.php\/2022\/04\/04\/et-si-le-monde-nous-amenait-la-ou-nous-devons-etre-que-se-passerait-il\/#breadcrumb\"},\"inLanguage\":\"fr-FR\",\"potentialAction\":[{\"@type\":\"ReadAction\",\"target\":[\"https:\/\/ouvrir-son-coeur.fr\/index.php\/2022\/04\/04\/et-si-le-monde-nous-amenait-la-ou-nous-devons-etre-que-se-passerait-il\/\"]}]},{\"@type\":\"ImageObject\",\"inLanguage\":\"fr-FR\",\"@id\":\"https:\/\/ouvrir-son-coeur.fr\/index.php\/2022\/04\/04\/et-si-le-monde-nous-amenait-la-ou-nous-devons-etre-que-se-passerait-il\/#primaryimage\",\"url\":\"https:\/\/ouvrir-son-coeur.fr\/wp-content\/uploads\/2022\/04\/spiral-staircase-gae5e8722d_1280.jpg\",\"contentUrl\":\"https:\/\/ouvrir-son-coeur.fr\/wp-content\/uploads\/2022\/04\/spiral-staircase-gae5e8722d_1280.jpg\",\"width\":960,\"height\":1280},{\"@type\":\"BreadcrumbList\",\"@id\":\"https:\/\/ouvrir-son-coeur.fr\/index.php\/2022\/04\/04\/et-si-le-monde-nous-amenait-la-ou-nous-devons-etre-que-se-passerait-il\/#breadcrumb\",\"itemListElement\":[{\"@type\":\"ListItem\",\"position\":1,\"name\":\"Accueil\",\"item\":\"https:\/\/ouvrir-son-coeur.fr\/\"},{\"@type\":\"ListItem\",\"position\":2,\"name\":\"Et si le monde nous amenait l\u00e0 o\u00f9 nous devons \u00eatre, que se passerait-il\u00a0?\"}]},{\"@type\":\"WebSite\",\"@id\":\"https:\/\/ouvrir-son-coeur.fr\/#website\",\"url\":\"https:\/\/ouvrir-son-coeur.fr\/\",\"name\":\"Delphine ORIEUX\",\"description\":\"Ouvrir son coeur pour un retour \u00e0 soi\",\"publisher\":{\"@id\":\"https:\/\/ouvrir-son-coeur.fr\/#organization\"},\"potentialAction\":[{\"@type\":\"SearchAction\",\"target\":{\"@type\":\"EntryPoint\",\"urlTemplate\":\"https:\/\/ouvrir-son-coeur.fr\/?s={search_term_string}\"},\"query-input\":{\"@type\":\"PropertyValueSpecification\",\"valueRequired\":true,\"valueName\":\"search_term_string\"}}],\"inLanguage\":\"fr-FR\"},{\"@type\":\"Organization\",\"@id\":\"https:\/\/ouvrir-son-coeur.fr\/#organization\",\"name\":\"Delphine ORIEUX\",\"url\":\"https:\/\/ouvrir-son-coeur.fr\/\",\"logo\":{\"@type\":\"ImageObject\",\"inLanguage\":\"fr-FR\",\"@id\":\"https:\/\/ouvrir-son-coeur.fr\/#\/schema\/logo\/image\/\",\"url\":\"https:\/\/ouvrir-son-coeur.fr\/wp-content\/uploads\/2019\/10\/cropped-71673114_2509801119097527_6138808206555611136_o-15.jpg\",\"contentUrl\":\"https:\/\/ouvrir-son-coeur.fr\/wp-content\/uploads\/2019\/10\/cropped-71673114_2509801119097527_6138808206555611136_o-15.jpg\",\"width\":546,\"height\":505,\"caption\":\"Delphine ORIEUX\"},\"image\":{\"@id\":\"https:\/\/ouvrir-son-coeur.fr\/#\/schema\/logo\/image\/\"}},{\"@type\":\"Person\",\"@id\":\"https:\/\/ouvrir-son-coeur.fr\/#\/schema\/person\/79755406436a7adaddb901ee35a4d28c\",\"name\":\"Delphine\",\"image\":{\"@type\":\"ImageObject\",\"inLanguage\":\"fr-FR\",\"@id\":\"https:\/\/secure.gravatar.com\/avatar\/4feb5ead4d5221e0fd82faeb7afb26cb5db06cdb420750aab1923c6a5e1ac1ac?s=96&d=mm&r=g\",\"url\":\"https:\/\/secure.gravatar.com\/avatar\/4feb5ead4d5221e0fd82faeb7afb26cb5db06cdb420750aab1923c6a5e1ac1ac?s=96&d=mm&r=g\",\"contentUrl\":\"https:\/\/secure.gravatar.com\/avatar\/4feb5ead4d5221e0fd82faeb7afb26cb5db06cdb420750aab1923c6a5e1ac1ac?s=96&d=mm&r=g\",\"caption\":\"Delphine\"},\"url\":\"https:\/\/ouvrir-son-coeur.fr\/index.php\/author\/admin2719\/\"}]}<\/script>\n<!-- \/ Yoast SEO plugin. -->","yoast_head_json":{"title":"Et si le monde nous amenait l\u00e0 o\u00f9 nous devons \u00eatre, que se passerait-il\u00a0? - Delphine ORIEUX","robots":{"index":"index","follow":"follow","max-snippet":"max-snippet:-1","max-image-preview":"max-image-preview:large","max-video-preview":"max-video-preview:-1"},"canonical":"https:\/\/ouvrir-son-coeur.fr\/index.php\/2022\/04\/04\/et-si-le-monde-nous-amenait-la-ou-nous-devons-etre-que-se-passerait-il\/","og_locale":"fr_FR","og_type":"article","og_title":"Et si le monde nous amenait l\u00e0 o\u00f9 nous devons \u00eatre, que se passerait-il\u00a0? - Delphine ORIEUX","og_description":"Bienvenue dans cet espace vibratoire, o\u00f9 nous \u00eatres de lumi\u00e8re servant le collectif, nous trouvons et vibrons afin de maintenir une stabilit\u00e9, au sein de l\u2019humanit\u00e9, qui vit de grands changements. Nous aidons par notre vibration qui \u0153uvre au service du grand Tout, de la source divine, p\u00e8re\/m\u00e8re de ce monde. Nous transmettons l\u2019amour que &hellip; Continue reading \"Et si le monde nous amenait l\u00e0 o\u00f9 nous devons \u00eatre, que se passerait-il\u00a0?\"","og_url":"https:\/\/ouvrir-son-coeur.fr\/index.php\/2022\/04\/04\/et-si-le-monde-nous-amenait-la-ou-nous-devons-etre-que-se-passerait-il\/","og_site_name":"Delphine ORIEUX","article_published_time":"2022-04-04T14:59:56+00:00","article_modified_time":"2022-04-04T14:59:58+00:00","og_image":[{"url":"https:\/\/ouvrir-son-coeur.fr\/wp-content\/uploads\/2022\/04\/spiral-staircase-gae5e8722d_1280-768x1024.jpg","type":"","width":"","height":""}],"author":"Delphine","twitter_card":"summary_large_image","twitter_misc":{"\u00c9crit par":"Delphine","Dur\u00e9e de lecture estim\u00e9e":"5 minutes"},"schema":{"@context":"https:\/\/schema.org","@graph":[{"@type":"Article","@id":"https:\/\/ouvrir-son-coeur.fr\/index.php\/2022\/04\/04\/et-si-le-monde-nous-amenait-la-ou-nous-devons-etre-que-se-passerait-il\/#article","isPartOf":{"@id":"https:\/\/ouvrir-son-coeur.fr\/index.php\/2022\/04\/04\/et-si-le-monde-nous-amenait-la-ou-nous-devons-etre-que-se-passerait-il\/"},"author":{"name":"Delphine","@id":"https:\/\/ouvrir-son-coeur.fr\/#\/schema\/person\/79755406436a7adaddb901ee35a4d28c"},"headline":"Et si le monde nous amenait l\u00e0 o\u00f9 nous devons \u00eatre, que se passerait-il\u00a0?","datePublished":"2022-04-04T14:59:56+00:00","dateModified":"2022-04-04T14:59:58+00:00","mainEntityOfPage":{"@id":"https:\/\/ouvrir-son-coeur.fr\/index.php\/2022\/04\/04\/et-si-le-monde-nous-amenait-la-ou-nous-devons-etre-que-se-passerait-il\/"},"wordCount":852,"publisher":{"@id":"https:\/\/ouvrir-son-coeur.fr\/#organization"},"image":{"@id":"https:\/\/ouvrir-son-coeur.fr\/index.php\/2022\/04\/04\/et-si-le-monde-nous-amenait-la-ou-nous-devons-etre-que-se-passerait-il\/#primaryimage"},"thumbnailUrl":"https:\/\/ouvrir-son-coeur.fr\/wp-content\/uploads\/2022\/04\/spiral-staircase-gae5e8722d_1280.jpg","articleSection":["Evolution de conscience"],"inLanguage":"fr-FR"},{"@type":"WebPage","@id":"https:\/\/ouvrir-son-coeur.fr\/index.php\/2022\/04\/04\/et-si-le-monde-nous-amenait-la-ou-nous-devons-etre-que-se-passerait-il\/","url":"https:\/\/ouvrir-son-coeur.fr\/index.php\/2022\/04\/04\/et-si-le-monde-nous-amenait-la-ou-nous-devons-etre-que-se-passerait-il\/","name":"Et si le monde nous amenait l\u00e0 o\u00f9 nous devons \u00eatre, que se passerait-il\u00a0? - Delphine ORIEUX","isPartOf":{"@id":"https:\/\/ouvrir-son-coeur.fr\/#website"},"primaryImageOfPage":{"@id":"https:\/\/ouvrir-son-coeur.fr\/index.php\/2022\/04\/04\/et-si-le-monde-nous-amenait-la-ou-nous-devons-etre-que-se-passerait-il\/#primaryimage"},"image":{"@id":"https:\/\/ouvrir-son-coeur.fr\/index.php\/2022\/04\/04\/et-si-le-monde-nous-amenait-la-ou-nous-devons-etre-que-se-passerait-il\/#primaryimage"},"thumbnailUrl":"https:\/\/ouvrir-son-coeur.fr\/wp-content\/uploads\/2022\/04\/spiral-staircase-gae5e8722d_1280.jpg","datePublished":"2022-04-04T14:59:56+00:00","dateModified":"2022-04-04T14:59:58+00:00","breadcrumb":{"@id":"https:\/\/ouvrir-son-coeur.fr\/index.php\/2022\/04\/04\/et-si-le-monde-nous-amenait-la-ou-nous-devons-etre-que-se-passerait-il\/#breadcrumb"},"inLanguage":"fr-FR","potentialAction":[{"@type":"ReadAction","target":["https:\/\/ouvrir-son-coeur.fr\/index.php\/2022\/04\/04\/et-si-le-monde-nous-amenait-la-ou-nous-devons-etre-que-se-passerait-il\/"]}]},{"@type":"ImageObject","inLanguage":"fr-FR","@id":"https:\/\/ouvrir-son-coeur.fr\/index.php\/2022\/04\/04\/et-si-le-monde-nous-amenait-la-ou-nous-devons-etre-que-se-passerait-il\/#primaryimage","url":"https:\/\/ouvrir-son-coeur.fr\/wp-content\/uploads\/2022\/04\/spiral-staircase-gae5e8722d_1280.jpg","contentUrl":"https:\/\/ouvrir-son-coeur.fr\/wp-content\/uploads\/2022\/04\/spiral-staircase-gae5e8722d_1280.jpg","width":960,"height":1280},{"@type":"BreadcrumbList","@id":"https:\/\/ouvrir-son-coeur.fr\/index.php\/2022\/04\/04\/et-si-le-monde-nous-amenait-la-ou-nous-devons-etre-que-se-passerait-il\/#breadcrumb","itemListElement":[{"@type":"ListItem","position":1,"name":"Accueil","item":"https:\/\/ouvrir-son-coeur.fr\/"},{"@type":"ListItem","position":2,"name":"Et si le monde nous amenait l\u00e0 o\u00f9 nous devons \u00eatre, que se passerait-il\u00a0?"}]},{"@type":"WebSite","@id":"https:\/\/ouvrir-son-coeur.fr\/#website","url":"https:\/\/ouvrir-son-coeur.fr\/","name":"Delphine ORIEUX","description":"Ouvrir son coeur pour un retour \u00e0 soi","publisher":{"@id":"https:\/\/ouvrir-son-coeur.fr\/#organization"},"potentialAction":[{"@type":"SearchAction","target":{"@type":"EntryPoint","urlTemplate":"https:\/\/ouvrir-son-coeur.fr\/?s={search_term_string}"},"query-input":{"@type":"PropertyValueSpecification","valueRequired":true,"valueName":"search_term_string"}}],"inLanguage":"fr-FR"},{"@type":"Organization","@id":"https:\/\/ouvrir-son-coeur.fr\/#organization","name":"Delphine ORIEUX","url":"https:\/\/ouvrir-son-coeur.fr\/","logo":{"@type":"ImageObject","inLanguage":"fr-FR","@id":"https:\/\/ouvrir-son-coeur.fr\/#\/schema\/logo\/image\/","url":"https:\/\/ouvrir-son-coeur.fr\/wp-content\/uploads\/2019\/10\/cropped-71673114_2509801119097527_6138808206555611136_o-15.jpg","contentUrl":"https:\/\/ouvrir-son-coeur.fr\/wp-content\/uploads\/2019\/10\/cropped-71673114_2509801119097527_6138808206555611136_o-15.jpg","width":546,"height":505,"caption":"Delphine ORIEUX"},"image":{"@id":"https:\/\/ouvrir-son-coeur.fr\/#\/schema\/logo\/image\/"}},{"@type":"Person","@id":"https:\/\/ouvrir-son-coeur.fr\/#\/schema\/person\/79755406436a7adaddb901ee35a4d28c","name":"Delphine","image":{"@type":"ImageObject","inLanguage":"fr-FR","@id":"https:\/\/secure.gravatar.com\/avatar\/4feb5ead4d5221e0fd82faeb7afb26cb5db06cdb420750aab1923c6a5e1ac1ac?s=96&d=mm&r=g","url":"https:\/\/secure.gravatar.com\/avatar\/4feb5ead4d5221e0fd82faeb7afb26cb5db06cdb420750aab1923c6a5e1ac1ac?s=96&d=mm&r=g","contentUrl":"https:\/\/secure.gravatar.com\/avatar\/4feb5ead4d5221e0fd82faeb7afb26cb5db06cdb420750aab1923c6a5e1ac1ac?s=96&d=mm&r=g","caption":"Delphine"},"url":"https:\/\/ouvrir-son-coeur.fr\/index.php\/author\/admin2719\/"}]}},"_links":{"self":[{"href":"https:\/\/ouvrir-son-coeur.fr\/index.php\/wp-json\/wp\/v2\/posts\/1875","targetHints":{"allow":["GET"]}}],"collection":[{"href":"https:\/\/ouvrir-son-coeur.fr\/index.php\/wp-json\/wp\/v2\/posts"}],"about":[{"href":"https:\/\/ouvrir-son-coeur.fr\/index.php\/wp-json\/wp\/v2\/types\/post"}],"author":[{"embeddable":true,"href":"https:\/\/ouvrir-son-coeur.fr\/index.php\/wp-json\/wp\/v2\/users\/1"}],"replies":[{"embeddable":true,"href":"https:\/\/ouvrir-son-coeur.fr\/index.php\/wp-json\/wp\/v2\/comments?post=1875"}],"version-history":[{"count":1,"href":"https:\/\/ouvrir-son-coeur.fr\/index.php\/wp-json\/wp\/v2\/posts\/1875\/revisions"}],"predecessor-version":[{"id":1877,"href":"https:\/\/ouvrir-son-coeur.fr\/index.php\/wp-json\/wp\/v2\/posts\/1875\/revisions\/1877"}],"wp:featuredmedia":[{"embeddable":true,"href":"https:\/\/ouvrir-son-coeur.fr\/index.php\/wp-json\/wp\/v2\/media\/1876"}],"wp:attachment":[{"href":"https:\/\/ouvrir-son-coeur.fr\/index.php\/wp-json\/wp\/v2\/media?parent=1875"}],"wp:term":[{"taxonomy":"category","embeddable":true,"href":"https:\/\/ouvrir-son-coeur.fr\/index.php\/wp-json\/wp\/v2\/categories?post=1875"},{"taxonomy":"post_tag","embeddable":true,"href":"https:\/\/ouvrir-son-coeur.fr\/index.php\/wp-json\/wp\/v2\/tags?post=1875"}],"curies":[{"name":"wp","href":"https:\/\/api.w.org\/{rel}","templated":true}]}}