{"id":1847,"date":"2022-03-11T12:50:00","date_gmt":"2022-03-11T11:50:00","guid":{"rendered":"https:\/\/ouvrir-son-coeur.fr\/?p=1847"},"modified":"2022-03-11T21:02:21","modified_gmt":"2022-03-11T20:02:21","slug":"la-grande-reunion-cosmique-nous-conduit-sur-le-chemin-lumineux-de-notre-etre","status":"publish","type":"post","link":"https:\/\/ouvrir-son-coeur.fr\/index.php\/2022\/03\/11\/la-grande-reunion-cosmique-nous-conduit-sur-le-chemin-lumineux-de-notre-etre\/","title":{"rendered":"La grande r\u00e9union cosmique nous conduit sur le chemin lumineux de notre \u00eatre"},"content":{"rendered":"\n<div class=\"wp-block-image\"><figure class=\"aligncenter size-large\"><img loading=\"lazy\" decoding=\"async\" width=\"1024\" height=\"682\" src=\"https:\/\/ouvrir-son-coeur.fr\/wp-content\/uploads\/2022\/03\/sea-g58e157cac_1280-1024x682.jpg\" alt=\"\" class=\"wp-image-1848\" srcset=\"https:\/\/ouvrir-son-coeur.fr\/wp-content\/uploads\/2022\/03\/sea-g58e157cac_1280-1024x682.jpg 1024w, https:\/\/ouvrir-son-coeur.fr\/wp-content\/uploads\/2022\/03\/sea-g58e157cac_1280-300x200.jpg 300w, https:\/\/ouvrir-son-coeur.fr\/wp-content\/uploads\/2022\/03\/sea-g58e157cac_1280-768x512.jpg 768w, https:\/\/ouvrir-son-coeur.fr\/wp-content\/uploads\/2022\/03\/sea-g58e157cac_1280-1200x800.jpg 1200w, https:\/\/ouvrir-son-coeur.fr\/wp-content\/uploads\/2022\/03\/sea-g58e157cac_1280.jpg 1280w\" sizes=\"auto, (max-width: 1024px) 100vw, 1024px\" \/><\/figure><\/div>\n\n\n<p style=\"text-align: justify;\">La lumi\u00e8re amen\u00e9e par notre divine pr\u00e9sence Je Suis s\u2019amplifie et prend de plus en plus de place, en notre \u00eatre, dans notre \u00eatret\u00e9, dans le monde.<\/p>\n<p style=\"text-align: justify;\">Soutenir ce r\u00e9seau de lumi\u00e8re, c\u2019est accepter en conscience que quelque chose de plus grand nous anime, nous habite et repr\u00e9sente un aspect de la source Une de toute vie.<\/p>\n<p style=\"text-align: justify;\">Si cela perdure dans la culture, dans la communication, dans l\u2019\u00e9ducation, dans le mod\u00e8le que l\u2019on affiche aux yeux du monde, cette lumi\u00e8re soutenante et grandissante en nous, ne fera qu\u2019amplifier la lumi\u00e8re dans le monde.<\/p>\n<p style=\"text-align: justify;\">Pour que cette reconnaissance de la lumi\u00e8re int\u00e9rieure qui nous habite perdure, nous avons la responsabilit\u00e9 quotidienne de soutenir les vibrations les plus hautes en nous, au sein de nos corps, pour garder la stabilit\u00e9 quoi qu\u2019il advienne.<\/p>\n<p style=\"text-align: justify;\">Alors nous pourrons dire que nous sommes un \u00e9l\u00e9ment de ce r\u00e9seau de lumi\u00e8re, qui vibre, rayonne au sein de la matrice du monde que l\u2019on connait, qui constitue notre habitat dans cette vie.<\/p>\n<p style=\"text-align: justify;\">Peut-\u00eatre que transmettre des informations dans le but de convaincre ne fera que retarder la prise de conscience, peut-\u00eatre \u00e9galement que nous poursuivrons encore de vieilles b\u00eates int\u00e9rieures qui alt\u00e8rent notre discernement. Et pourtant nous grandissons en lumi\u00e8re et nous l\u00e2chons chaque jour des points de colle du pass\u00e9 qui ne nous permettaient pas de voir plus loin, par manque d\u2019altitude.<\/p>\n<p style=\"text-align: justify;\">C\u2019est pourquoi nous sommes libres de choisir un chemin ou un autre, par notre t\u00eate, alors que notre phare int\u00e9rieur nous guide vers un espace de lumi\u00e8re, dans l\u2019espace cosmique o\u00f9 se trouve notre monde.<\/p>\n<p style=\"text-align: justify;\">Notre monde terrestre en trois dimensions s\u2019effrite pour laisser place \u00e0 plus de lumi\u00e8re. Cela se joue dans l\u2019espace \u00e0 travers de grands rayonnements cosmiques, qui inondent actuellement et depuis d\u00e9j\u00e0 un lointain moment, la Terre, \u00e2me de lumi\u00e8re qui ravit la galaxie qui l\u2019accueille.<\/p>\n<p style=\"text-align: justify;\">Cette Terre est le joyau de notre constellation, celle qui par son c\u0153ur, aime et accompagne toute vie qui n\u00e9cessite de grandir par elle, par ce qu\u2019elle offre.<\/p>\n<p style=\"text-align: justify;\">Nous aimerions dire que non seulement la plan\u00e8te se lib\u00e8re de sa densit\u00e9, mais elle se connecte \u00e9galement \u00e0 cet espace de lumi\u00e8re qui la traverse et qui lui permet de rayonner tellement plus intens\u00e9ment. Les plan\u00e8tes voisines, les constellations voisines, les astres p\u00e9riph\u00e9riques, sont absolument en joie d\u2019accueillir \u00e0 nouveau aupr\u00e8s d\u2019eux la merveilleuse fr\u00e9quence de la Terre, dans son rayonnement d\u2019amour et de paix int\u00e9rieure.<\/p>\n<p style=\"text-align: justify;\">C\u2019est avec grande joie que nous pouvons c\u00e9l\u00e9brer ce retour \u00e0 la conscience sup\u00e9rieure, cet \u00e9tat de connectivit\u00e9 au rayon source qui traverse chaque vie, dans chaque forme, partout dans l\u2019univers.<\/p>\n<p style=\"text-align: justify;\">Bien des moments p\u00e9nibles et douloureux peuvent encore \u00eatre \u00e0 vivre, car la lib\u00e9ration induit de plus grands mouvements cosmiques et telluriques, qui font bouger la mati\u00e8re, tout comme l\u2019\u00e9ther.<\/p>\n<p style=\"text-align: justify;\">M\u00eame si les gardiens veillent et prot\u00e8gent, il arrivera un moment o\u00f9 ceux qui doivent quitter la Terre partiront et sentiront l\u2019appel d\u2019aller vivre sur une terre plus accueillante pour eux, car la fr\u00e9quence sup\u00e9rieure ne pourra \u00eatre support\u00e9e par leur matrice.<\/p>\n<p style=\"text-align: justify;\">Il se produira bien des changements \u00e0 la surface terrestre et ce quoi que les habitants fassent ou veuillent. Les transformations agissent d\u00e9j\u00e0 depuis des milliers d\u2019ann\u00e9es, celles-ci seront plus rapides, plus perceptibles par la vie qui per\u00e7oit et qui se meut \u00e0 sa surface et un peu sous sa cro\u00fbte. Ceux qui vivent \u00e0 l\u2019int\u00e9rieur soutiennent le processus et sont prot\u00e9g\u00e9s de toutes alt\u00e9rations de la surface.<\/p>\n<p style=\"text-align: justify;\">Quelles que soient les informations transmises jusqu\u2019ici qui annon\u00e7aient des cataclysmes, nous dirons que \u00e7a n\u2019en sera pas. Car un cataclysme est un \u00e9v\u00e8nement subi et analys\u00e9 par le mental comme un bouleversement majeur qui peut alt\u00e9rer la vie. \u00c7a n\u2019en sera pas, il s\u2019agira plut\u00f4t de mouvements \u00e9nerg\u00e9tiques et bien s\u00fbr physiques qui contribueront \u00e0 \u00e9purer les corps \u00e9nerg\u00e9tiques de la Terre et \u00e0 augmenter ainsi sa fr\u00e9quence vibratoire. Tous ces mouvements sont soigneusement orchestr\u00e9s par les lumi\u00e8res qui accompagnent la Terre \u00e0 travers le soin vibratoire qu\u2019elle re\u00e7oit.<\/p>\n<p style=\"text-align: justify;\">Lorsque le corps humain est malade, certaines cellules sont alt\u00e9r\u00e9es et des parties du corps peuvent \u00eatre abim\u00e9es et r\u00e9par\u00e9es ensuite, tout le corps ne tombe pas en morceaux en m\u00eame temps. C\u2019est plus ou moins pareil pour la plan\u00e8te qui re\u00e7oit un soin, d\u2019abord sur les parties les plus endommag\u00e9es, et petit \u00e0 petit sa circulation \u00e9nerg\u00e9tique est redynamis\u00e9e et la Terre se transforme depuis l\u2019int\u00e9rieur, ce qui petit \u00e0 petit modifie l\u2019ext\u00e9rieur, par sa sant\u00e9 qui s\u2019am\u00e9liore, ce qui la rend de plus en plus vivifiante et rayonnante.<\/p>\n<p style=\"text-align: justify;\">M\u00eame si \u00e0 l\u2019\u00e9chelle humaine, les transformations paraissent gigantesques, \u00e0 l\u2019\u00e9chelle plan\u00e9taire, cela se fait petit \u00e0 petit. Il est donc important de relativiser et de se concentrer sur les changements et non sur les parties malades.<\/p>\n<p style=\"text-align: justify;\">Bien qu\u2019aucun humain ne puisse \u00e9tablir \u00e0 l\u2019avance quelle forme et quel nouveau corps la Terre portera, il est d\u00e9j\u00e0 possible de se connecter \u00e0 sa fr\u00e9quence sup\u00e9rieure, pour sentir et apercevoir des bribes de ce que sera son nouvel aspect dans sa dimension sup\u00e9rieure.<\/p>\n<p style=\"text-align: justify;\">Si l\u2019humain redoute le changement, peut-\u00eatre a t\u2019il peur de perdre la vie et tout ce qui le rattache \u00e0 sa vie actuelle\u00a0: ses proches, ses biens et son corps. Rien n\u2019alt\u00e8re l\u2019\u00eatre et le changement induit une \u00e9volution de la conscience. Tout ce qui peut se produire n\u2019est qu\u2019une \u00e9puration qui conduira \u00e0 \u00eatre mieux, o\u00f9 que l\u2019on se trouve. Alors nous pouvons garder confiance en ce qui pourrait advenir, en se concentrant sur ce qui est et sur l\u2019\u00e9puration de toutes les attaches qui nous retiennent par la peur.<\/p>\n<p style=\"text-align: justify;\">Quoi qu\u2019il arrive, chacun sera l\u00e0 o\u00f9 il est juste d\u2019\u00eatre pour lui, dans son corps actuel ou pas. Regretter de ne pouvoir garder sa vie actuelle, \u00eatre aupr\u00e8s de ses proches et de continuer son train de vie, est juste la manifestation des attaches \u00e9motionnelles. Alors que l\u2019\u00e2me sait, que lorsque la vie arrive \u00e0 son terme et que la le\u00e7on a abouti, qu\u2019elle va pouvoir passer \u00e0 un autre chapitre. M\u00eame si les liens avec ses proches sont forts, l\u2019\u00e2me sait qu\u2019elle continue d\u2019\u00eatre en relation avec eux d\u2019une mani\u00e8re ou d\u2019une autre.<\/p>\n<p style=\"text-align: justify;\">L\u00e2cher toute attache, c\u2019est se lib\u00e9rer de la peur. Une attache prend la forme d\u2019une croyance mentale ou d\u2019une \u00e9motion forte qui s\u2019est cristallis\u00e9e dans les corps \u00e9nerg\u00e9tiques. Ces attaches cr\u00e9ent des br\u00e8ches qui permettent aux \u00e9nergies denses de venir s\u2019y incruster, comme un virus qui cherche un h\u00f4te. Lorsqu\u2019il n\u2019y plus de fissures, la lumi\u00e8re circule int\u00e9gralement dans tous les corps \u00e9nerg\u00e9tiques et continue son chemin de croissance int\u00e9rieure, sans \u00eatre impact\u00e9e par des parasites quelconques.<\/p>\n<p style=\"text-align: justify;\">C\u2019est l\u00e0 que l\u2019\u00e2me qui parle est capt\u00e9e par nos sens, quand le corps compos\u00e9 de toutes ses strates \u00e9nerg\u00e9tiques, devient un canal clair, qui re\u00e7oit les informations et les transmet et les applique directement dans la dimension la plus dense. Alors les perceptions sensorielles et bien plus encore r\u00e9apparaissent et deviennent de plus en plus fluides.<\/p>\n<p style=\"text-align: justify;\">Peut-\u00eatre pourrions-nous imaginer que tr\u00e8s bient\u00f4t nous pourrons \u00e9changer sans parler, juste en \u00e9tant une antenne \u00e9metteur\/r\u00e9cepteur, de mani\u00e8re compl\u00e8tement consciente.<\/p>\n<p style=\"text-align: justify;\">Peut-\u00eatre que certains se verront se bilocaliser et se t\u00e9l\u00e9porter gr\u00e2ce \u00e0 la conscientisation du mouvement de l\u2019\u00e9nergie.<\/p>\n<p style=\"text-align: justify;\">Peut-\u00eatre que certains arriveront \u00e0 capter et \u00e0 appliquer des concepts de physique quantique pour mettre en place de merveilleuses technologies naturelles qu\u2019offre notre corps ainsi que les nouvelles ressources apport\u00e9es par la plan\u00e8te Terre et d\u2019autres.<\/p>\n<p style=\"text-align: justify;\">Peut-\u00eatre nous ferons-nous aider et accompagner par ceux qui ont pris conscience et qui utilisent d\u00e9j\u00e0 tous ces concepts.<\/p>\n<p style=\"text-align: justify;\">Ce qui importe n\u2019est pas ce que l\u2019on n\u2019a pas, plut\u00f4t ce qui est l\u00e0 en nous et qui n\u2019est pas encore conscientis\u00e9 et donc mis en application dans notre vie.<\/p>\n<p style=\"text-align: justify;\">Le r\u00e9seau cosmique est en place et permet \u00e0 la lumi\u00e8re de s\u2019infiltrer partout \u00e0 la surface de la Terre. Nous pouvons d\u00e9j\u00e0 d\u2019ores et d\u00e9j\u00e0 constater l\u2019\u00e9volution cosmique avec l\u2019arriv\u00e9e de nouveaux astres dans notre syst\u00e8me solaire, avec le positionnement de toutes les aides cosmiques, galactiques et stellaires au sein de l\u2019univers.<\/p>\n<p style=\"text-align: justify;\">Si les photons permettent un nettoyage acc\u00e9l\u00e9r\u00e9, le grand r\u00e9servoir de lumi\u00e8re s\u2019amplifie en chaque expression de la vie, pour accueillir davantage de lumi\u00e8re et agir comme une r\u00e9action en cha\u00eene, par effet de rayonnement intensifi\u00e9.<\/p>\n<p style=\"text-align: justify;\">Nous pouvons d\u00e9j\u00e0 regard\u00e9 dans le ciel les changements drastiques d\u00e9j\u00e0 mis en place, la luminosit\u00e9 des astres qui s\u2019accro\u00eet de jour en jour, le d\u00e9placement de certaines constellations par rapport \u00e0 l\u2019axe de la Terre et le passage de plus en plus fr\u00e9quent de vaisseaux de lumi\u00e8re qui viennent amenuir les d\u00e9g\u00e2ts caus\u00e9s par les vaisseaux pourvus de mauvaises intentions.<\/p>\n<p style=\"text-align: justify;\">Nous arrivons au bout de la toile galactique sombre pour s\u2019installer enfin dans le r\u00e9seau de lumi\u00e8re, dont la Terre fait \u00e0 nouveau partie.<\/p>\n<p style=\"text-align: justify;\">Bien que d\u2019autres perturbations arrivent pour terminer ce nettoyage colossal \u00e0 la surface de la Terre, tout est en place pour que chacun se trouve \u00e0 sa juste place et accomplisse le parcours d\u2019\u00e9volution choisi par son \u00e2me.<\/p>\n<p style=\"text-align: justify;\">Nous savons que tout n\u2019est pas noir et blanc et que tout ce qui advient a une raison d\u2019\u00eatre dans le chemin de l\u2019\u00e9volution.<\/p>\n<p style=\"text-align: justify;\">Accompagnons-nous pour rendre le chemin plus doux et plus harmonieux afin de transformer une \u00e9preuve en un bond en avant de notre conscience et non plus en fardeau.<\/p>\n<p style=\"text-align: justify;\">Il est temps de croire que nous sommes la partie divine en nous et que l\u2019image de nous que nous nous sommes forg\u00e9 depuis tant de vies d\u2019existence physique, n\u2019\u00e9tait qu\u2019un acc\u00e8s temporaire \u00e0 une plus grande conscience, par l\u2019exp\u00e9rience de la s\u00e9parativit\u00e9.<\/p>","protected":false},"excerpt":{"rendered":"<p>La lumi\u00e8re amen\u00e9e par notre divine pr\u00e9sence Je Suis s\u2019amplifie et prend de plus en plus de place, en notre \u00eatre, dans notre \u00eatret\u00e9, dans le monde. Soutenir ce r\u00e9seau de lumi\u00e8re, c\u2019est accepter en conscience que quelque chose de plus grand nous anime, nous habite et repr\u00e9sente un aspect de la source Une de &hellip; <\/p>\n<p class=\"link-more\"><a href=\"https:\/\/ouvrir-son-coeur.fr\/index.php\/2022\/03\/11\/la-grande-reunion-cosmique-nous-conduit-sur-le-chemin-lumineux-de-notre-etre\/\" class=\"more-link\">Continue reading<span class=\"screen-reader-text\"> \u00ab\u00a0La grande r\u00e9union cosmique nous conduit sur le chemin lumineux de notre \u00eatre\u00a0\u00bb<\/span><\/a><\/p>\n","protected":false},"author":1,"featured_media":1848,"comment_status":"closed","ping_status":"closed","sticky":false,"template":"","format":"standard","meta":{"footnotes":""},"categories":[5],"tags":[],"class_list":["post-1847","post","type-post","status-publish","format-standard","has-post-thumbnail","hentry","category-evolution-de-conscience"],"yoast_head":"<!-- This site is optimized with the Yoast SEO plugin v27.2 - https:\/\/yoast.com\/product\/yoast-seo-wordpress\/ -->\n<title>La grande r\u00e9union cosmique nous conduit sur le chemin lumineux de notre \u00eatre - Delphine ORIEUX<\/title>\n<meta name=\"robots\" content=\"index, follow, max-snippet:-1, max-image-preview:large, max-video-preview:-1\" \/>\n<link rel=\"canonical\" href=\"https:\/\/ouvrir-son-coeur.fr\/index.php\/2022\/03\/11\/la-grande-reunion-cosmique-nous-conduit-sur-le-chemin-lumineux-de-notre-etre\/\" \/>\n<meta property=\"og:locale\" content=\"fr_FR\" \/>\n<meta property=\"og:type\" content=\"article\" \/>\n<meta property=\"og:title\" content=\"La grande r\u00e9union cosmique nous conduit sur le chemin lumineux de notre \u00eatre - Delphine ORIEUX\" \/>\n<meta property=\"og:description\" content=\"La lumi\u00e8re amen\u00e9e par notre divine pr\u00e9sence Je Suis s\u2019amplifie et prend de plus en plus de place, en notre \u00eatre, dans notre \u00eatret\u00e9, dans le monde. Soutenir ce r\u00e9seau de lumi\u00e8re, c\u2019est accepter en conscience que quelque chose de plus grand nous anime, nous habite et repr\u00e9sente un aspect de la source Une de &hellip; Continue reading &quot;La grande r\u00e9union cosmique nous conduit sur le chemin lumineux de notre \u00eatre&quot;\" \/>\n<meta property=\"og:url\" content=\"https:\/\/ouvrir-son-coeur.fr\/index.php\/2022\/03\/11\/la-grande-reunion-cosmique-nous-conduit-sur-le-chemin-lumineux-de-notre-etre\/\" \/>\n<meta property=\"og:site_name\" content=\"Delphine ORIEUX\" \/>\n<meta property=\"article:published_time\" content=\"2022-03-11T11:50:00+00:00\" \/>\n<meta property=\"article:modified_time\" content=\"2022-03-11T20:02:21+00:00\" \/>\n<meta property=\"og:image\" content=\"https:\/\/ouvrir-son-coeur.fr\/wp-content\/uploads\/2022\/03\/sea-g58e157cac_1280-1024x682.jpg\" \/>\n<meta name=\"author\" content=\"Delphine\" \/>\n<meta name=\"twitter:card\" content=\"summary_large_image\" \/>\n<meta name=\"twitter:label1\" content=\"\u00c9crit par\" \/>\n\t<meta name=\"twitter:data1\" content=\"Delphine\" \/>\n\t<meta name=\"twitter:label2\" content=\"Dur\u00e9e de lecture estim\u00e9e\" \/>\n\t<meta name=\"twitter:data2\" content=\"9 minutes\" \/>\n<script type=\"application\/ld+json\" class=\"yoast-schema-graph\">{\"@context\":\"https:\/\/schema.org\",\"@graph\":[{\"@type\":\"Article\",\"@id\":\"https:\/\/ouvrir-son-coeur.fr\/index.php\/2022\/03\/11\/la-grande-reunion-cosmique-nous-conduit-sur-le-chemin-lumineux-de-notre-etre\/#article\",\"isPartOf\":{\"@id\":\"https:\/\/ouvrir-son-coeur.fr\/index.php\/2022\/03\/11\/la-grande-reunion-cosmique-nous-conduit-sur-le-chemin-lumineux-de-notre-etre\/\"},\"author\":{\"name\":\"Delphine\",\"@id\":\"https:\/\/ouvrir-son-coeur.fr\/#\/schema\/person\/79755406436a7adaddb901ee35a4d28c\"},\"headline\":\"La grande r\u00e9union cosmique nous conduit sur le chemin lumineux de notre \u00eatre\",\"datePublished\":\"2022-03-11T11:50:00+00:00\",\"dateModified\":\"2022-03-11T20:02:21+00:00\",\"mainEntityOfPage\":{\"@id\":\"https:\/\/ouvrir-son-coeur.fr\/index.php\/2022\/03\/11\/la-grande-reunion-cosmique-nous-conduit-sur-le-chemin-lumineux-de-notre-etre\/\"},\"wordCount\":1813,\"publisher\":{\"@id\":\"https:\/\/ouvrir-son-coeur.fr\/#organization\"},\"image\":{\"@id\":\"https:\/\/ouvrir-son-coeur.fr\/index.php\/2022\/03\/11\/la-grande-reunion-cosmique-nous-conduit-sur-le-chemin-lumineux-de-notre-etre\/#primaryimage\"},\"thumbnailUrl\":\"https:\/\/ouvrir-son-coeur.fr\/wp-content\/uploads\/2022\/03\/sea-g58e157cac_1280.jpg\",\"articleSection\":[\"Evolution de conscience\"],\"inLanguage\":\"fr-FR\"},{\"@type\":\"WebPage\",\"@id\":\"https:\/\/ouvrir-son-coeur.fr\/index.php\/2022\/03\/11\/la-grande-reunion-cosmique-nous-conduit-sur-le-chemin-lumineux-de-notre-etre\/\",\"url\":\"https:\/\/ouvrir-son-coeur.fr\/index.php\/2022\/03\/11\/la-grande-reunion-cosmique-nous-conduit-sur-le-chemin-lumineux-de-notre-etre\/\",\"name\":\"La grande r\u00e9union cosmique nous conduit sur le chemin lumineux de notre \u00eatre - Delphine ORIEUX\",\"isPartOf\":{\"@id\":\"https:\/\/ouvrir-son-coeur.fr\/#website\"},\"primaryImageOfPage\":{\"@id\":\"https:\/\/ouvrir-son-coeur.fr\/index.php\/2022\/03\/11\/la-grande-reunion-cosmique-nous-conduit-sur-le-chemin-lumineux-de-notre-etre\/#primaryimage\"},\"image\":{\"@id\":\"https:\/\/ouvrir-son-coeur.fr\/index.php\/2022\/03\/11\/la-grande-reunion-cosmique-nous-conduit-sur-le-chemin-lumineux-de-notre-etre\/#primaryimage\"},\"thumbnailUrl\":\"https:\/\/ouvrir-son-coeur.fr\/wp-content\/uploads\/2022\/03\/sea-g58e157cac_1280.jpg\",\"datePublished\":\"2022-03-11T11:50:00+00:00\",\"dateModified\":\"2022-03-11T20:02:21+00:00\",\"breadcrumb\":{\"@id\":\"https:\/\/ouvrir-son-coeur.fr\/index.php\/2022\/03\/11\/la-grande-reunion-cosmique-nous-conduit-sur-le-chemin-lumineux-de-notre-etre\/#breadcrumb\"},\"inLanguage\":\"fr-FR\",\"potentialAction\":[{\"@type\":\"ReadAction\",\"target\":[\"https:\/\/ouvrir-son-coeur.fr\/index.php\/2022\/03\/11\/la-grande-reunion-cosmique-nous-conduit-sur-le-chemin-lumineux-de-notre-etre\/\"]}]},{\"@type\":\"ImageObject\",\"inLanguage\":\"fr-FR\",\"@id\":\"https:\/\/ouvrir-son-coeur.fr\/index.php\/2022\/03\/11\/la-grande-reunion-cosmique-nous-conduit-sur-le-chemin-lumineux-de-notre-etre\/#primaryimage\",\"url\":\"https:\/\/ouvrir-son-coeur.fr\/wp-content\/uploads\/2022\/03\/sea-g58e157cac_1280.jpg\",\"contentUrl\":\"https:\/\/ouvrir-son-coeur.fr\/wp-content\/uploads\/2022\/03\/sea-g58e157cac_1280.jpg\",\"width\":1280,\"height\":853},{\"@type\":\"BreadcrumbList\",\"@id\":\"https:\/\/ouvrir-son-coeur.fr\/index.php\/2022\/03\/11\/la-grande-reunion-cosmique-nous-conduit-sur-le-chemin-lumineux-de-notre-etre\/#breadcrumb\",\"itemListElement\":[{\"@type\":\"ListItem\",\"position\":1,\"name\":\"Accueil\",\"item\":\"https:\/\/ouvrir-son-coeur.fr\/\"},{\"@type\":\"ListItem\",\"position\":2,\"name\":\"La grande r\u00e9union cosmique nous conduit sur le chemin lumineux de notre \u00eatre\"}]},{\"@type\":\"WebSite\",\"@id\":\"https:\/\/ouvrir-son-coeur.fr\/#website\",\"url\":\"https:\/\/ouvrir-son-coeur.fr\/\",\"name\":\"Delphine ORIEUX\",\"description\":\"Ouvrir son coeur pour un retour \u00e0 soi\",\"publisher\":{\"@id\":\"https:\/\/ouvrir-son-coeur.fr\/#organization\"},\"potentialAction\":[{\"@type\":\"SearchAction\",\"target\":{\"@type\":\"EntryPoint\",\"urlTemplate\":\"https:\/\/ouvrir-son-coeur.fr\/?s={search_term_string}\"},\"query-input\":{\"@type\":\"PropertyValueSpecification\",\"valueRequired\":true,\"valueName\":\"search_term_string\"}}],\"inLanguage\":\"fr-FR\"},{\"@type\":\"Organization\",\"@id\":\"https:\/\/ouvrir-son-coeur.fr\/#organization\",\"name\":\"Delphine ORIEUX\",\"url\":\"https:\/\/ouvrir-son-coeur.fr\/\",\"logo\":{\"@type\":\"ImageObject\",\"inLanguage\":\"fr-FR\",\"@id\":\"https:\/\/ouvrir-son-coeur.fr\/#\/schema\/logo\/image\/\",\"url\":\"https:\/\/ouvrir-son-coeur.fr\/wp-content\/uploads\/2019\/10\/cropped-71673114_2509801119097527_6138808206555611136_o-15.jpg\",\"contentUrl\":\"https:\/\/ouvrir-son-coeur.fr\/wp-content\/uploads\/2019\/10\/cropped-71673114_2509801119097527_6138808206555611136_o-15.jpg\",\"width\":546,\"height\":505,\"caption\":\"Delphine ORIEUX\"},\"image\":{\"@id\":\"https:\/\/ouvrir-son-coeur.fr\/#\/schema\/logo\/image\/\"}},{\"@type\":\"Person\",\"@id\":\"https:\/\/ouvrir-son-coeur.fr\/#\/schema\/person\/79755406436a7adaddb901ee35a4d28c\",\"name\":\"Delphine\",\"image\":{\"@type\":\"ImageObject\",\"inLanguage\":\"fr-FR\",\"@id\":\"https:\/\/secure.gravatar.com\/avatar\/4feb5ead4d5221e0fd82faeb7afb26cb5db06cdb420750aab1923c6a5e1ac1ac?s=96&d=mm&r=g\",\"url\":\"https:\/\/secure.gravatar.com\/avatar\/4feb5ead4d5221e0fd82faeb7afb26cb5db06cdb420750aab1923c6a5e1ac1ac?s=96&d=mm&r=g\",\"contentUrl\":\"https:\/\/secure.gravatar.com\/avatar\/4feb5ead4d5221e0fd82faeb7afb26cb5db06cdb420750aab1923c6a5e1ac1ac?s=96&d=mm&r=g\",\"caption\":\"Delphine\"},\"url\":\"https:\/\/ouvrir-son-coeur.fr\/index.php\/author\/admin2719\/\"}]}<\/script>\n<!-- \/ Yoast SEO plugin. -->","yoast_head_json":{"title":"La grande r\u00e9union cosmique nous conduit sur le chemin lumineux de notre \u00eatre - Delphine ORIEUX","robots":{"index":"index","follow":"follow","max-snippet":"max-snippet:-1","max-image-preview":"max-image-preview:large","max-video-preview":"max-video-preview:-1"},"canonical":"https:\/\/ouvrir-son-coeur.fr\/index.php\/2022\/03\/11\/la-grande-reunion-cosmique-nous-conduit-sur-le-chemin-lumineux-de-notre-etre\/","og_locale":"fr_FR","og_type":"article","og_title":"La grande r\u00e9union cosmique nous conduit sur le chemin lumineux de notre \u00eatre - Delphine ORIEUX","og_description":"La lumi\u00e8re amen\u00e9e par notre divine pr\u00e9sence Je Suis s\u2019amplifie et prend de plus en plus de place, en notre \u00eatre, dans notre \u00eatret\u00e9, dans le monde. Soutenir ce r\u00e9seau de lumi\u00e8re, c\u2019est accepter en conscience que quelque chose de plus grand nous anime, nous habite et repr\u00e9sente un aspect de la source Une de &hellip; Continue reading \"La grande r\u00e9union cosmique nous conduit sur le chemin lumineux de notre \u00eatre\"","og_url":"https:\/\/ouvrir-son-coeur.fr\/index.php\/2022\/03\/11\/la-grande-reunion-cosmique-nous-conduit-sur-le-chemin-lumineux-de-notre-etre\/","og_site_name":"Delphine ORIEUX","article_published_time":"2022-03-11T11:50:00+00:00","article_modified_time":"2022-03-11T20:02:21+00:00","og_image":[{"url":"https:\/\/ouvrir-son-coeur.fr\/wp-content\/uploads\/2022\/03\/sea-g58e157cac_1280-1024x682.jpg","type":"","width":"","height":""}],"author":"Delphine","twitter_card":"summary_large_image","twitter_misc":{"\u00c9crit par":"Delphine","Dur\u00e9e de lecture estim\u00e9e":"9 minutes"},"schema":{"@context":"https:\/\/schema.org","@graph":[{"@type":"Article","@id":"https:\/\/ouvrir-son-coeur.fr\/index.php\/2022\/03\/11\/la-grande-reunion-cosmique-nous-conduit-sur-le-chemin-lumineux-de-notre-etre\/#article","isPartOf":{"@id":"https:\/\/ouvrir-son-coeur.fr\/index.php\/2022\/03\/11\/la-grande-reunion-cosmique-nous-conduit-sur-le-chemin-lumineux-de-notre-etre\/"},"author":{"name":"Delphine","@id":"https:\/\/ouvrir-son-coeur.fr\/#\/schema\/person\/79755406436a7adaddb901ee35a4d28c"},"headline":"La grande r\u00e9union cosmique nous conduit sur le chemin lumineux de notre \u00eatre","datePublished":"2022-03-11T11:50:00+00:00","dateModified":"2022-03-11T20:02:21+00:00","mainEntityOfPage":{"@id":"https:\/\/ouvrir-son-coeur.fr\/index.php\/2022\/03\/11\/la-grande-reunion-cosmique-nous-conduit-sur-le-chemin-lumineux-de-notre-etre\/"},"wordCount":1813,"publisher":{"@id":"https:\/\/ouvrir-son-coeur.fr\/#organization"},"image":{"@id":"https:\/\/ouvrir-son-coeur.fr\/index.php\/2022\/03\/11\/la-grande-reunion-cosmique-nous-conduit-sur-le-chemin-lumineux-de-notre-etre\/#primaryimage"},"thumbnailUrl":"https:\/\/ouvrir-son-coeur.fr\/wp-content\/uploads\/2022\/03\/sea-g58e157cac_1280.jpg","articleSection":["Evolution de conscience"],"inLanguage":"fr-FR"},{"@type":"WebPage","@id":"https:\/\/ouvrir-son-coeur.fr\/index.php\/2022\/03\/11\/la-grande-reunion-cosmique-nous-conduit-sur-le-chemin-lumineux-de-notre-etre\/","url":"https:\/\/ouvrir-son-coeur.fr\/index.php\/2022\/03\/11\/la-grande-reunion-cosmique-nous-conduit-sur-le-chemin-lumineux-de-notre-etre\/","name":"La grande r\u00e9union cosmique nous conduit sur le chemin lumineux de notre \u00eatre - Delphine ORIEUX","isPartOf":{"@id":"https:\/\/ouvrir-son-coeur.fr\/#website"},"primaryImageOfPage":{"@id":"https:\/\/ouvrir-son-coeur.fr\/index.php\/2022\/03\/11\/la-grande-reunion-cosmique-nous-conduit-sur-le-chemin-lumineux-de-notre-etre\/#primaryimage"},"image":{"@id":"https:\/\/ouvrir-son-coeur.fr\/index.php\/2022\/03\/11\/la-grande-reunion-cosmique-nous-conduit-sur-le-chemin-lumineux-de-notre-etre\/#primaryimage"},"thumbnailUrl":"https:\/\/ouvrir-son-coeur.fr\/wp-content\/uploads\/2022\/03\/sea-g58e157cac_1280.jpg","datePublished":"2022-03-11T11:50:00+00:00","dateModified":"2022-03-11T20:02:21+00:00","breadcrumb":{"@id":"https:\/\/ouvrir-son-coeur.fr\/index.php\/2022\/03\/11\/la-grande-reunion-cosmique-nous-conduit-sur-le-chemin-lumineux-de-notre-etre\/#breadcrumb"},"inLanguage":"fr-FR","potentialAction":[{"@type":"ReadAction","target":["https:\/\/ouvrir-son-coeur.fr\/index.php\/2022\/03\/11\/la-grande-reunion-cosmique-nous-conduit-sur-le-chemin-lumineux-de-notre-etre\/"]}]},{"@type":"ImageObject","inLanguage":"fr-FR","@id":"https:\/\/ouvrir-son-coeur.fr\/index.php\/2022\/03\/11\/la-grande-reunion-cosmique-nous-conduit-sur-le-chemin-lumineux-de-notre-etre\/#primaryimage","url":"https:\/\/ouvrir-son-coeur.fr\/wp-content\/uploads\/2022\/03\/sea-g58e157cac_1280.jpg","contentUrl":"https:\/\/ouvrir-son-coeur.fr\/wp-content\/uploads\/2022\/03\/sea-g58e157cac_1280.jpg","width":1280,"height":853},{"@type":"BreadcrumbList","@id":"https:\/\/ouvrir-son-coeur.fr\/index.php\/2022\/03\/11\/la-grande-reunion-cosmique-nous-conduit-sur-le-chemin-lumineux-de-notre-etre\/#breadcrumb","itemListElement":[{"@type":"ListItem","position":1,"name":"Accueil","item":"https:\/\/ouvrir-son-coeur.fr\/"},{"@type":"ListItem","position":2,"name":"La grande r\u00e9union cosmique nous conduit sur le chemin lumineux de notre \u00eatre"}]},{"@type":"WebSite","@id":"https:\/\/ouvrir-son-coeur.fr\/#website","url":"https:\/\/ouvrir-son-coeur.fr\/","name":"Delphine ORIEUX","description":"Ouvrir son coeur pour un retour \u00e0 soi","publisher":{"@id":"https:\/\/ouvrir-son-coeur.fr\/#organization"},"potentialAction":[{"@type":"SearchAction","target":{"@type":"EntryPoint","urlTemplate":"https:\/\/ouvrir-son-coeur.fr\/?s={search_term_string}"},"query-input":{"@type":"PropertyValueSpecification","valueRequired":true,"valueName":"search_term_string"}}],"inLanguage":"fr-FR"},{"@type":"Organization","@id":"https:\/\/ouvrir-son-coeur.fr\/#organization","name":"Delphine ORIEUX","url":"https:\/\/ouvrir-son-coeur.fr\/","logo":{"@type":"ImageObject","inLanguage":"fr-FR","@id":"https:\/\/ouvrir-son-coeur.fr\/#\/schema\/logo\/image\/","url":"https:\/\/ouvrir-son-coeur.fr\/wp-content\/uploads\/2019\/10\/cropped-71673114_2509801119097527_6138808206555611136_o-15.jpg","contentUrl":"https:\/\/ouvrir-son-coeur.fr\/wp-content\/uploads\/2019\/10\/cropped-71673114_2509801119097527_6138808206555611136_o-15.jpg","width":546,"height":505,"caption":"Delphine ORIEUX"},"image":{"@id":"https:\/\/ouvrir-son-coeur.fr\/#\/schema\/logo\/image\/"}},{"@type":"Person","@id":"https:\/\/ouvrir-son-coeur.fr\/#\/schema\/person\/79755406436a7adaddb901ee35a4d28c","name":"Delphine","image":{"@type":"ImageObject","inLanguage":"fr-FR","@id":"https:\/\/secure.gravatar.com\/avatar\/4feb5ead4d5221e0fd82faeb7afb26cb5db06cdb420750aab1923c6a5e1ac1ac?s=96&d=mm&r=g","url":"https:\/\/secure.gravatar.com\/avatar\/4feb5ead4d5221e0fd82faeb7afb26cb5db06cdb420750aab1923c6a5e1ac1ac?s=96&d=mm&r=g","contentUrl":"https:\/\/secure.gravatar.com\/avatar\/4feb5ead4d5221e0fd82faeb7afb26cb5db06cdb420750aab1923c6a5e1ac1ac?s=96&d=mm&r=g","caption":"Delphine"},"url":"https:\/\/ouvrir-son-coeur.fr\/index.php\/author\/admin2719\/"}]}},"_links":{"self":[{"href":"https:\/\/ouvrir-son-coeur.fr\/index.php\/wp-json\/wp\/v2\/posts\/1847","targetHints":{"allow":["GET"]}}],"collection":[{"href":"https:\/\/ouvrir-son-coeur.fr\/index.php\/wp-json\/wp\/v2\/posts"}],"about":[{"href":"https:\/\/ouvrir-son-coeur.fr\/index.php\/wp-json\/wp\/v2\/types\/post"}],"author":[{"embeddable":true,"href":"https:\/\/ouvrir-son-coeur.fr\/index.php\/wp-json\/wp\/v2\/users\/1"}],"replies":[{"embeddable":true,"href":"https:\/\/ouvrir-son-coeur.fr\/index.php\/wp-json\/wp\/v2\/comments?post=1847"}],"version-history":[{"count":5,"href":"https:\/\/ouvrir-son-coeur.fr\/index.php\/wp-json\/wp\/v2\/posts\/1847\/revisions"}],"predecessor-version":[{"id":1855,"href":"https:\/\/ouvrir-son-coeur.fr\/index.php\/wp-json\/wp\/v2\/posts\/1847\/revisions\/1855"}],"wp:featuredmedia":[{"embeddable":true,"href":"https:\/\/ouvrir-son-coeur.fr\/index.php\/wp-json\/wp\/v2\/media\/1848"}],"wp:attachment":[{"href":"https:\/\/ouvrir-son-coeur.fr\/index.php\/wp-json\/wp\/v2\/media?parent=1847"}],"wp:term":[{"taxonomy":"category","embeddable":true,"href":"https:\/\/ouvrir-son-coeur.fr\/index.php\/wp-json\/wp\/v2\/categories?post=1847"},{"taxonomy":"post_tag","embeddable":true,"href":"https:\/\/ouvrir-son-coeur.fr\/index.php\/wp-json\/wp\/v2\/tags?post=1847"}],"curies":[{"name":"wp","href":"https:\/\/api.w.org\/{rel}","templated":true}]}}