{"id":1745,"date":"2021-12-18T16:38:07","date_gmt":"2021-12-18T15:38:07","guid":{"rendered":"https:\/\/ouvrir-son-coeur.fr\/?p=1745"},"modified":"2021-12-18T17:03:03","modified_gmt":"2021-12-18T16:03:03","slug":"etes-vous-pret-a-porter-votre-habit-de-lumiere","status":"publish","type":"post","link":"https:\/\/ouvrir-son-coeur.fr\/index.php\/2021\/12\/18\/etes-vous-pret-a-porter-votre-habit-de-lumiere\/","title":{"rendered":"\u00cates-vous pr\u00eat \u00e0 porter votre habit de lumi\u00e8re ?"},"content":{"rendered":"\n<div class=\"wp-block-image\"><figure class=\"aligncenter size-large\"><img loading=\"lazy\" decoding=\"async\" width=\"682\" height=\"1024\" src=\"https:\/\/ouvrir-son-coeur.fr\/wp-content\/uploads\/2021\/12\/ao-dai-ge53a59e9b_1280-682x1024.jpg\" alt=\"\" class=\"wp-image-1746\" srcset=\"https:\/\/ouvrir-son-coeur.fr\/wp-content\/uploads\/2021\/12\/ao-dai-ge53a59e9b_1280-682x1024.jpg 682w, https:\/\/ouvrir-son-coeur.fr\/wp-content\/uploads\/2021\/12\/ao-dai-ge53a59e9b_1280-200x300.jpg 200w, https:\/\/ouvrir-son-coeur.fr\/wp-content\/uploads\/2021\/12\/ao-dai-ge53a59e9b_1280-768x1154.jpg 768w, https:\/\/ouvrir-son-coeur.fr\/wp-content\/uploads\/2021\/12\/ao-dai-ge53a59e9b_1280-799x1200.jpg 799w, https:\/\/ouvrir-son-coeur.fr\/wp-content\/uploads\/2021\/12\/ao-dai-ge53a59e9b_1280.jpg 852w\" sizes=\"auto, (max-width: 682px) 100vw, 682px\" \/><\/figure><\/div>\n\n\n<p style=\"text-align: justify;\">Sentez-vous la douceur de l\u2019amour\u00a0?<\/p>\n<p style=\"text-align: justify;\">Voyez-vous la beaut\u00e9 de la lumi\u00e8re\u00a0?<\/p>\n<p style=\"text-align: justify;\">Ressentez-vous l\u2019alignement avec qui vous \u00eates\u00a0?<\/p>\n<p style=\"text-align: justify;\">Il est temps d\u2019aller au vestiaire de votre \u00eatre et de voir ces magnifiques combinaisons blanches de lumi\u00e8re, que nous peuple de l\u2019intraTerre portons et qui sont destin\u00e9es \u00e0 \u00eatre port\u00e9es par vous.<\/p>\n<p style=\"text-align: justify;\">Voyez-vous notre visage ? Si diff\u00e9rent du v\u00f4tre et pourtant si ressemblant de par la luminosit\u00e9 \u00e9man\u00e9e. Ce visage c\u2019est vous en nous. Cette blancheur immacul\u00e9e est la v\u00f4tre, quand vous \u00eates nous.<\/p>\n<p style=\"text-align: justify;\">Nous sommes une famille et nous sommes destin\u00e9s \u00e0 nous rencontrer dans la dimension de l\u2019\u00eatre, l\u00e0 o\u00f9 la densit\u00e9 perd de son effet, l\u00e0 o\u00f9 la gravit\u00e9 s\u2019annule, l\u00e0 o\u00f9 la lumi\u00e8re dans une dimension sup\u00e9rieure \u00e0 celle que vous vibrez maintenant, rayonne.<\/p>\n<p style=\"text-align: justify;\">Oui nous avons de grandes similitudes, oui nous avons rendez-vous ensemble et pourtant aujourd\u2019hui face \u00e0 notre lumi\u00e8re, face \u00e0 la lumi\u00e8re que vous \u00eates destin\u00e9s \u00e0 \u00eatre, vous ressentez de l\u2019appr\u00e9hension, de la crainte \u00e0 regarder nos diff\u00e9rences de forme, de taille, de rayonnement et d\u2019habit.<\/p>\n<p style=\"text-align: justify;\">Nous nous pr\u00e9sentons \u00e0 vous de la mani\u00e8re qui vous est la moins surprenante, pour ne pas \u00e9veiller de craintes en vous, et c\u2019est ce qui vous permet de mieux int\u00e9grer en vous cette lumi\u00e8re, en allant d\u2019\u00e9tape en \u00e9tape, petit \u00e0 petit nous nous r\u00e9v\u00e9lons un peu plus \u00e0 chaque instant.<\/p>\n<p style=\"text-align: justify;\">Peut-\u00eatre, lors de notre rencontre, fermez-vous les yeux et restez-vous t\u00e9tanis\u00e9s devant nous, peut-\u00eatre fuyez-vous, peut-\u00eatre l\u00e2chez-vous prise et laissez-vous partir toutes vos craintes pour vous ouvrir \u00e0 notre amour. D\u2019un moment \u00e0 l\u2019autre, vous pouvez faire tout cela \u00e0 la fois, parce que l\u2019int\u00e9gration est n\u00e9cessaire.<\/p>\n<p style=\"text-align: justify;\">L\u2019int\u00e9gration se fait gr\u00e2ce \u00e0 l\u2019acceptation de ce que vous avez \u00e9t\u00e9, gr\u00e2ce \u00e0 la compr\u00e9hension de ce qui a \u00e9t\u00e9 et gr\u00e2ce au pardon que cela permet en vous, cette r\u00e9demption conduit \u00e0 la transmutation de vos parts d\u2019ombre en lumi\u00e8re et permet l\u2019ouverture \u00e0 la lumi\u00e8re que vous \u00eates au plus profond de vous.<\/p>\n<p style=\"text-align: justify;\">Et c\u2019est ainsi que petit \u00e0 petit, vous acceptez l\u2019id\u00e9e de rev\u00eatir votre v\u00eatement de lumi\u00e8re, que nous, \u00eatres de dimension sup\u00e9rieure \u00e0 la v\u00f4tre maintenant, portons d\u00e9j\u00e0. Ainsi nous sommes vous dans un temps plus lointain et vous \u00eates nous dans un temps plus recul\u00e9, et aujourd\u2019hui nous nous rassemblons pour porter ensemble cet habit de lumi\u00e8re.<\/p>\n<p style=\"text-align: justify;\">L\u2019\u00e9volution \u00e9tant sans limites, nous continuons d\u2019augmenter en lumi\u00e8re tandis que vous passez \u00e0 un palier sup\u00e9rieur, alors nous nous retrouvons sans \u00eatre au m\u00eame palier, en se voyant, en partageant et en communicant. C\u2019est en fluidifiant les \u00e9changes, en s\u2019entraidant sur le chemin de retour \u00e0 la pleine lumi\u00e8re, qu\u2019ensemble nous permettons \u00e0 tout le processus d\u2019\u00e9volution d\u2019\u00eatre et d\u2019exister.<\/p>\n<p style=\"text-align: justify;\">Gratitude pour votre pr\u00e9sence et votre amour inconditionnel envers notre peuple et tous vos guides de lumi\u00e8re. Nous vous aimons inconditionnellement et nous vous portons tout notre espoir et notre confiance en la nouvelle humanit\u00e9 que vous formez d\u00e9j\u00e0.<\/p>\n<p style=\"text-align: justify;\">Gratitude, gratitude, gratitude.<\/p>","protected":false},"excerpt":{"rendered":"<p>Sentez-vous la douceur de l\u2019amour\u00a0? Voyez-vous la beaut\u00e9 de la lumi\u00e8re\u00a0? Ressentez-vous l\u2019alignement avec qui vous \u00eates\u00a0? Il est temps d\u2019aller au vestiaire de votre \u00eatre et de voir ces magnifiques combinaisons blanches de lumi\u00e8re, que nous peuple de l\u2019intraTerre portons et qui sont destin\u00e9es \u00e0 \u00eatre port\u00e9es par vous. Voyez-vous notre visage ? Si &hellip; <\/p>\n<p class=\"link-more\"><a href=\"https:\/\/ouvrir-son-coeur.fr\/index.php\/2021\/12\/18\/etes-vous-pret-a-porter-votre-habit-de-lumiere\/\" class=\"more-link\">Continue reading<span class=\"screen-reader-text\"> \u00ab\u00a0\u00cates-vous pr\u00eat \u00e0 porter votre habit de lumi\u00e8re ?\u00a0\u00bb<\/span><\/a><\/p>\n","protected":false},"author":1,"featured_media":1746,"comment_status":"closed","ping_status":"closed","sticky":false,"template":"","format":"standard","meta":{"footnotes":""},"categories":[26],"tags":[],"class_list":["post-1745","post","type-post","status-publish","format-standard","has-post-thumbnail","hentry","category-canalisation"],"yoast_head":"<!-- This site is optimized with the Yoast SEO plugin v27.2 - https:\/\/yoast.com\/product\/yoast-seo-wordpress\/ -->\n<title>\u00cates-vous pr\u00eat \u00e0 porter votre habit de lumi\u00e8re ? - Delphine ORIEUX<\/title>\n<meta name=\"robots\" content=\"index, follow, max-snippet:-1, max-image-preview:large, max-video-preview:-1\" \/>\n<link rel=\"canonical\" href=\"https:\/\/ouvrir-son-coeur.fr\/index.php\/2021\/12\/18\/etes-vous-pret-a-porter-votre-habit-de-lumiere\/\" \/>\n<meta property=\"og:locale\" content=\"fr_FR\" \/>\n<meta property=\"og:type\" content=\"article\" \/>\n<meta property=\"og:title\" content=\"\u00cates-vous pr\u00eat \u00e0 porter votre habit de lumi\u00e8re ? - Delphine ORIEUX\" \/>\n<meta property=\"og:description\" content=\"Sentez-vous la douceur de l\u2019amour\u00a0? Voyez-vous la beaut\u00e9 de la lumi\u00e8re\u00a0? Ressentez-vous l\u2019alignement avec qui vous \u00eates\u00a0? Il est temps d\u2019aller au vestiaire de votre \u00eatre et de voir ces magnifiques combinaisons blanches de lumi\u00e8re, que nous peuple de l\u2019intraTerre portons et qui sont destin\u00e9es \u00e0 \u00eatre port\u00e9es par vous. Voyez-vous notre visage ? Si &hellip; Continue reading &quot;\u00cates-vous pr\u00eat \u00e0 porter votre habit de lumi\u00e8re ?&quot;\" \/>\n<meta property=\"og:url\" content=\"https:\/\/ouvrir-son-coeur.fr\/index.php\/2021\/12\/18\/etes-vous-pret-a-porter-votre-habit-de-lumiere\/\" \/>\n<meta property=\"og:site_name\" content=\"Delphine ORIEUX\" \/>\n<meta property=\"article:published_time\" content=\"2021-12-18T15:38:07+00:00\" \/>\n<meta property=\"article:modified_time\" content=\"2021-12-18T16:03:03+00:00\" \/>\n<meta property=\"og:image\" content=\"https:\/\/ouvrir-son-coeur.fr\/wp-content\/uploads\/2021\/12\/ao-dai-ge53a59e9b_1280-682x1024.jpg\" \/>\n<meta name=\"author\" content=\"Delphine\" \/>\n<meta name=\"twitter:card\" content=\"summary_large_image\" \/>\n<meta name=\"twitter:label1\" content=\"\u00c9crit par\" \/>\n\t<meta name=\"twitter:data1\" content=\"Delphine\" \/>\n\t<meta name=\"twitter:label2\" content=\"Dur\u00e9e de lecture estim\u00e9e\" \/>\n\t<meta name=\"twitter:data2\" content=\"3 minutes\" \/>\n<script type=\"application\/ld+json\" class=\"yoast-schema-graph\">{\"@context\":\"https:\/\/schema.org\",\"@graph\":[{\"@type\":\"Article\",\"@id\":\"https:\/\/ouvrir-son-coeur.fr\/index.php\/2021\/12\/18\/etes-vous-pret-a-porter-votre-habit-de-lumiere\/#article\",\"isPartOf\":{\"@id\":\"https:\/\/ouvrir-son-coeur.fr\/index.php\/2021\/12\/18\/etes-vous-pret-a-porter-votre-habit-de-lumiere\/\"},\"author\":{\"name\":\"Delphine\",\"@id\":\"https:\/\/ouvrir-son-coeur.fr\/#\/schema\/person\/79755406436a7adaddb901ee35a4d28c\"},\"headline\":\"\u00cates-vous pr\u00eat \u00e0 porter votre habit de lumi\u00e8re ?\",\"datePublished\":\"2021-12-18T15:38:07+00:00\",\"dateModified\":\"2021-12-18T16:03:03+00:00\",\"mainEntityOfPage\":{\"@id\":\"https:\/\/ouvrir-son-coeur.fr\/index.php\/2021\/12\/18\/etes-vous-pret-a-porter-votre-habit-de-lumiere\/\"},\"wordCount\":560,\"publisher\":{\"@id\":\"https:\/\/ouvrir-son-coeur.fr\/#organization\"},\"image\":{\"@id\":\"https:\/\/ouvrir-son-coeur.fr\/index.php\/2021\/12\/18\/etes-vous-pret-a-porter-votre-habit-de-lumiere\/#primaryimage\"},\"thumbnailUrl\":\"https:\/\/ouvrir-son-coeur.fr\/wp-content\/uploads\/2021\/12\/ao-dai-ge53a59e9b_1280.jpg\",\"articleSection\":[\"Canalisation\"],\"inLanguage\":\"fr-FR\"},{\"@type\":\"WebPage\",\"@id\":\"https:\/\/ouvrir-son-coeur.fr\/index.php\/2021\/12\/18\/etes-vous-pret-a-porter-votre-habit-de-lumiere\/\",\"url\":\"https:\/\/ouvrir-son-coeur.fr\/index.php\/2021\/12\/18\/etes-vous-pret-a-porter-votre-habit-de-lumiere\/\",\"name\":\"\u00cates-vous pr\u00eat \u00e0 porter votre habit de lumi\u00e8re ? - Delphine ORIEUX\",\"isPartOf\":{\"@id\":\"https:\/\/ouvrir-son-coeur.fr\/#website\"},\"primaryImageOfPage\":{\"@id\":\"https:\/\/ouvrir-son-coeur.fr\/index.php\/2021\/12\/18\/etes-vous-pret-a-porter-votre-habit-de-lumiere\/#primaryimage\"},\"image\":{\"@id\":\"https:\/\/ouvrir-son-coeur.fr\/index.php\/2021\/12\/18\/etes-vous-pret-a-porter-votre-habit-de-lumiere\/#primaryimage\"},\"thumbnailUrl\":\"https:\/\/ouvrir-son-coeur.fr\/wp-content\/uploads\/2021\/12\/ao-dai-ge53a59e9b_1280.jpg\",\"datePublished\":\"2021-12-18T15:38:07+00:00\",\"dateModified\":\"2021-12-18T16:03:03+00:00\",\"breadcrumb\":{\"@id\":\"https:\/\/ouvrir-son-coeur.fr\/index.php\/2021\/12\/18\/etes-vous-pret-a-porter-votre-habit-de-lumiere\/#breadcrumb\"},\"inLanguage\":\"fr-FR\",\"potentialAction\":[{\"@type\":\"ReadAction\",\"target\":[\"https:\/\/ouvrir-son-coeur.fr\/index.php\/2021\/12\/18\/etes-vous-pret-a-porter-votre-habit-de-lumiere\/\"]}]},{\"@type\":\"ImageObject\",\"inLanguage\":\"fr-FR\",\"@id\":\"https:\/\/ouvrir-son-coeur.fr\/index.php\/2021\/12\/18\/etes-vous-pret-a-porter-votre-habit-de-lumiere\/#primaryimage\",\"url\":\"https:\/\/ouvrir-son-coeur.fr\/wp-content\/uploads\/2021\/12\/ao-dai-ge53a59e9b_1280.jpg\",\"contentUrl\":\"https:\/\/ouvrir-son-coeur.fr\/wp-content\/uploads\/2021\/12\/ao-dai-ge53a59e9b_1280.jpg\",\"width\":852,\"height\":1280},{\"@type\":\"BreadcrumbList\",\"@id\":\"https:\/\/ouvrir-son-coeur.fr\/index.php\/2021\/12\/18\/etes-vous-pret-a-porter-votre-habit-de-lumiere\/#breadcrumb\",\"itemListElement\":[{\"@type\":\"ListItem\",\"position\":1,\"name\":\"Accueil\",\"item\":\"https:\/\/ouvrir-son-coeur.fr\/\"},{\"@type\":\"ListItem\",\"position\":2,\"name\":\"\u00cates-vous pr\u00eat \u00e0 porter votre habit de lumi\u00e8re ?\"}]},{\"@type\":\"WebSite\",\"@id\":\"https:\/\/ouvrir-son-coeur.fr\/#website\",\"url\":\"https:\/\/ouvrir-son-coeur.fr\/\",\"name\":\"Delphine ORIEUX\",\"description\":\"Ouvrir son coeur pour un retour \u00e0 soi\",\"publisher\":{\"@id\":\"https:\/\/ouvrir-son-coeur.fr\/#organization\"},\"potentialAction\":[{\"@type\":\"SearchAction\",\"target\":{\"@type\":\"EntryPoint\",\"urlTemplate\":\"https:\/\/ouvrir-son-coeur.fr\/?s={search_term_string}\"},\"query-input\":{\"@type\":\"PropertyValueSpecification\",\"valueRequired\":true,\"valueName\":\"search_term_string\"}}],\"inLanguage\":\"fr-FR\"},{\"@type\":\"Organization\",\"@id\":\"https:\/\/ouvrir-son-coeur.fr\/#organization\",\"name\":\"Delphine ORIEUX\",\"url\":\"https:\/\/ouvrir-son-coeur.fr\/\",\"logo\":{\"@type\":\"ImageObject\",\"inLanguage\":\"fr-FR\",\"@id\":\"https:\/\/ouvrir-son-coeur.fr\/#\/schema\/logo\/image\/\",\"url\":\"https:\/\/ouvrir-son-coeur.fr\/wp-content\/uploads\/2019\/10\/cropped-71673114_2509801119097527_6138808206555611136_o-15.jpg\",\"contentUrl\":\"https:\/\/ouvrir-son-coeur.fr\/wp-content\/uploads\/2019\/10\/cropped-71673114_2509801119097527_6138808206555611136_o-15.jpg\",\"width\":546,\"height\":505,\"caption\":\"Delphine ORIEUX\"},\"image\":{\"@id\":\"https:\/\/ouvrir-son-coeur.fr\/#\/schema\/logo\/image\/\"}},{\"@type\":\"Person\",\"@id\":\"https:\/\/ouvrir-son-coeur.fr\/#\/schema\/person\/79755406436a7adaddb901ee35a4d28c\",\"name\":\"Delphine\",\"image\":{\"@type\":\"ImageObject\",\"inLanguage\":\"fr-FR\",\"@id\":\"https:\/\/secure.gravatar.com\/avatar\/4feb5ead4d5221e0fd82faeb7afb26cb5db06cdb420750aab1923c6a5e1ac1ac?s=96&d=mm&r=g\",\"url\":\"https:\/\/secure.gravatar.com\/avatar\/4feb5ead4d5221e0fd82faeb7afb26cb5db06cdb420750aab1923c6a5e1ac1ac?s=96&d=mm&r=g\",\"contentUrl\":\"https:\/\/secure.gravatar.com\/avatar\/4feb5ead4d5221e0fd82faeb7afb26cb5db06cdb420750aab1923c6a5e1ac1ac?s=96&d=mm&r=g\",\"caption\":\"Delphine\"},\"url\":\"https:\/\/ouvrir-son-coeur.fr\/index.php\/author\/admin2719\/\"}]}<\/script>\n<!-- \/ Yoast SEO plugin. -->","yoast_head_json":{"title":"\u00cates-vous pr\u00eat \u00e0 porter votre habit de lumi\u00e8re ? - Delphine ORIEUX","robots":{"index":"index","follow":"follow","max-snippet":"max-snippet:-1","max-image-preview":"max-image-preview:large","max-video-preview":"max-video-preview:-1"},"canonical":"https:\/\/ouvrir-son-coeur.fr\/index.php\/2021\/12\/18\/etes-vous-pret-a-porter-votre-habit-de-lumiere\/","og_locale":"fr_FR","og_type":"article","og_title":"\u00cates-vous pr\u00eat \u00e0 porter votre habit de lumi\u00e8re ? - Delphine ORIEUX","og_description":"Sentez-vous la douceur de l\u2019amour\u00a0? Voyez-vous la beaut\u00e9 de la lumi\u00e8re\u00a0? Ressentez-vous l\u2019alignement avec qui vous \u00eates\u00a0? Il est temps d\u2019aller au vestiaire de votre \u00eatre et de voir ces magnifiques combinaisons blanches de lumi\u00e8re, que nous peuple de l\u2019intraTerre portons et qui sont destin\u00e9es \u00e0 \u00eatre port\u00e9es par vous. Voyez-vous notre visage ? Si &hellip; Continue reading \"\u00cates-vous pr\u00eat \u00e0 porter votre habit de lumi\u00e8re ?\"","og_url":"https:\/\/ouvrir-son-coeur.fr\/index.php\/2021\/12\/18\/etes-vous-pret-a-porter-votre-habit-de-lumiere\/","og_site_name":"Delphine ORIEUX","article_published_time":"2021-12-18T15:38:07+00:00","article_modified_time":"2021-12-18T16:03:03+00:00","og_image":[{"url":"https:\/\/ouvrir-son-coeur.fr\/wp-content\/uploads\/2021\/12\/ao-dai-ge53a59e9b_1280-682x1024.jpg","type":"","width":"","height":""}],"author":"Delphine","twitter_card":"summary_large_image","twitter_misc":{"\u00c9crit par":"Delphine","Dur\u00e9e de lecture estim\u00e9e":"3 minutes"},"schema":{"@context":"https:\/\/schema.org","@graph":[{"@type":"Article","@id":"https:\/\/ouvrir-son-coeur.fr\/index.php\/2021\/12\/18\/etes-vous-pret-a-porter-votre-habit-de-lumiere\/#article","isPartOf":{"@id":"https:\/\/ouvrir-son-coeur.fr\/index.php\/2021\/12\/18\/etes-vous-pret-a-porter-votre-habit-de-lumiere\/"},"author":{"name":"Delphine","@id":"https:\/\/ouvrir-son-coeur.fr\/#\/schema\/person\/79755406436a7adaddb901ee35a4d28c"},"headline":"\u00cates-vous pr\u00eat \u00e0 porter votre habit de lumi\u00e8re ?","datePublished":"2021-12-18T15:38:07+00:00","dateModified":"2021-12-18T16:03:03+00:00","mainEntityOfPage":{"@id":"https:\/\/ouvrir-son-coeur.fr\/index.php\/2021\/12\/18\/etes-vous-pret-a-porter-votre-habit-de-lumiere\/"},"wordCount":560,"publisher":{"@id":"https:\/\/ouvrir-son-coeur.fr\/#organization"},"image":{"@id":"https:\/\/ouvrir-son-coeur.fr\/index.php\/2021\/12\/18\/etes-vous-pret-a-porter-votre-habit-de-lumiere\/#primaryimage"},"thumbnailUrl":"https:\/\/ouvrir-son-coeur.fr\/wp-content\/uploads\/2021\/12\/ao-dai-ge53a59e9b_1280.jpg","articleSection":["Canalisation"],"inLanguage":"fr-FR"},{"@type":"WebPage","@id":"https:\/\/ouvrir-son-coeur.fr\/index.php\/2021\/12\/18\/etes-vous-pret-a-porter-votre-habit-de-lumiere\/","url":"https:\/\/ouvrir-son-coeur.fr\/index.php\/2021\/12\/18\/etes-vous-pret-a-porter-votre-habit-de-lumiere\/","name":"\u00cates-vous pr\u00eat \u00e0 porter votre habit de lumi\u00e8re ? - Delphine ORIEUX","isPartOf":{"@id":"https:\/\/ouvrir-son-coeur.fr\/#website"},"primaryImageOfPage":{"@id":"https:\/\/ouvrir-son-coeur.fr\/index.php\/2021\/12\/18\/etes-vous-pret-a-porter-votre-habit-de-lumiere\/#primaryimage"},"image":{"@id":"https:\/\/ouvrir-son-coeur.fr\/index.php\/2021\/12\/18\/etes-vous-pret-a-porter-votre-habit-de-lumiere\/#primaryimage"},"thumbnailUrl":"https:\/\/ouvrir-son-coeur.fr\/wp-content\/uploads\/2021\/12\/ao-dai-ge53a59e9b_1280.jpg","datePublished":"2021-12-18T15:38:07+00:00","dateModified":"2021-12-18T16:03:03+00:00","breadcrumb":{"@id":"https:\/\/ouvrir-son-coeur.fr\/index.php\/2021\/12\/18\/etes-vous-pret-a-porter-votre-habit-de-lumiere\/#breadcrumb"},"inLanguage":"fr-FR","potentialAction":[{"@type":"ReadAction","target":["https:\/\/ouvrir-son-coeur.fr\/index.php\/2021\/12\/18\/etes-vous-pret-a-porter-votre-habit-de-lumiere\/"]}]},{"@type":"ImageObject","inLanguage":"fr-FR","@id":"https:\/\/ouvrir-son-coeur.fr\/index.php\/2021\/12\/18\/etes-vous-pret-a-porter-votre-habit-de-lumiere\/#primaryimage","url":"https:\/\/ouvrir-son-coeur.fr\/wp-content\/uploads\/2021\/12\/ao-dai-ge53a59e9b_1280.jpg","contentUrl":"https:\/\/ouvrir-son-coeur.fr\/wp-content\/uploads\/2021\/12\/ao-dai-ge53a59e9b_1280.jpg","width":852,"height":1280},{"@type":"BreadcrumbList","@id":"https:\/\/ouvrir-son-coeur.fr\/index.php\/2021\/12\/18\/etes-vous-pret-a-porter-votre-habit-de-lumiere\/#breadcrumb","itemListElement":[{"@type":"ListItem","position":1,"name":"Accueil","item":"https:\/\/ouvrir-son-coeur.fr\/"},{"@type":"ListItem","position":2,"name":"\u00cates-vous pr\u00eat \u00e0 porter votre habit de lumi\u00e8re ?"}]},{"@type":"WebSite","@id":"https:\/\/ouvrir-son-coeur.fr\/#website","url":"https:\/\/ouvrir-son-coeur.fr\/","name":"Delphine ORIEUX","description":"Ouvrir son coeur pour un retour \u00e0 soi","publisher":{"@id":"https:\/\/ouvrir-son-coeur.fr\/#organization"},"potentialAction":[{"@type":"SearchAction","target":{"@type":"EntryPoint","urlTemplate":"https:\/\/ouvrir-son-coeur.fr\/?s={search_term_string}"},"query-input":{"@type":"PropertyValueSpecification","valueRequired":true,"valueName":"search_term_string"}}],"inLanguage":"fr-FR"},{"@type":"Organization","@id":"https:\/\/ouvrir-son-coeur.fr\/#organization","name":"Delphine ORIEUX","url":"https:\/\/ouvrir-son-coeur.fr\/","logo":{"@type":"ImageObject","inLanguage":"fr-FR","@id":"https:\/\/ouvrir-son-coeur.fr\/#\/schema\/logo\/image\/","url":"https:\/\/ouvrir-son-coeur.fr\/wp-content\/uploads\/2019\/10\/cropped-71673114_2509801119097527_6138808206555611136_o-15.jpg","contentUrl":"https:\/\/ouvrir-son-coeur.fr\/wp-content\/uploads\/2019\/10\/cropped-71673114_2509801119097527_6138808206555611136_o-15.jpg","width":546,"height":505,"caption":"Delphine ORIEUX"},"image":{"@id":"https:\/\/ouvrir-son-coeur.fr\/#\/schema\/logo\/image\/"}},{"@type":"Person","@id":"https:\/\/ouvrir-son-coeur.fr\/#\/schema\/person\/79755406436a7adaddb901ee35a4d28c","name":"Delphine","image":{"@type":"ImageObject","inLanguage":"fr-FR","@id":"https:\/\/secure.gravatar.com\/avatar\/4feb5ead4d5221e0fd82faeb7afb26cb5db06cdb420750aab1923c6a5e1ac1ac?s=96&d=mm&r=g","url":"https:\/\/secure.gravatar.com\/avatar\/4feb5ead4d5221e0fd82faeb7afb26cb5db06cdb420750aab1923c6a5e1ac1ac?s=96&d=mm&r=g","contentUrl":"https:\/\/secure.gravatar.com\/avatar\/4feb5ead4d5221e0fd82faeb7afb26cb5db06cdb420750aab1923c6a5e1ac1ac?s=96&d=mm&r=g","caption":"Delphine"},"url":"https:\/\/ouvrir-son-coeur.fr\/index.php\/author\/admin2719\/"}]}},"_links":{"self":[{"href":"https:\/\/ouvrir-son-coeur.fr\/index.php\/wp-json\/wp\/v2\/posts\/1745","targetHints":{"allow":["GET"]}}],"collection":[{"href":"https:\/\/ouvrir-son-coeur.fr\/index.php\/wp-json\/wp\/v2\/posts"}],"about":[{"href":"https:\/\/ouvrir-son-coeur.fr\/index.php\/wp-json\/wp\/v2\/types\/post"}],"author":[{"embeddable":true,"href":"https:\/\/ouvrir-son-coeur.fr\/index.php\/wp-json\/wp\/v2\/users\/1"}],"replies":[{"embeddable":true,"href":"https:\/\/ouvrir-son-coeur.fr\/index.php\/wp-json\/wp\/v2\/comments?post=1745"}],"version-history":[{"count":5,"href":"https:\/\/ouvrir-son-coeur.fr\/index.php\/wp-json\/wp\/v2\/posts\/1745\/revisions"}],"predecessor-version":[{"id":1754,"href":"https:\/\/ouvrir-son-coeur.fr\/index.php\/wp-json\/wp\/v2\/posts\/1745\/revisions\/1754"}],"wp:featuredmedia":[{"embeddable":true,"href":"https:\/\/ouvrir-son-coeur.fr\/index.php\/wp-json\/wp\/v2\/media\/1746"}],"wp:attachment":[{"href":"https:\/\/ouvrir-son-coeur.fr\/index.php\/wp-json\/wp\/v2\/media?parent=1745"}],"wp:term":[{"taxonomy":"category","embeddable":true,"href":"https:\/\/ouvrir-son-coeur.fr\/index.php\/wp-json\/wp\/v2\/categories?post=1745"},{"taxonomy":"post_tag","embeddable":true,"href":"https:\/\/ouvrir-son-coeur.fr\/index.php\/wp-json\/wp\/v2\/tags?post=1745"}],"curies":[{"name":"wp","href":"https:\/\/api.w.org\/{rel}","templated":true}]}}