{"id":1361,"date":"2020-12-31T10:50:34","date_gmt":"2020-12-31T09:50:34","guid":{"rendered":"https:\/\/ouvrir-son-coeur.fr\/?p=1361"},"modified":"2021-01-08T23:50:56","modified_gmt":"2021-01-08T22:50:56","slug":"se-souvenir-de-qui-nous-sommes","status":"publish","type":"post","link":"https:\/\/ouvrir-son-coeur.fr\/index.php\/2020\/12\/31\/se-souvenir-de-qui-nous-sommes\/","title":{"rendered":"Se souvenir de qui nous sommes"},"content":{"rendered":"\n<div class=\"wp-block-image\"><figure class=\"aligncenter size-large\"><img loading=\"lazy\" decoding=\"async\" width=\"1024\" height=\"791\" src=\"https:\/\/ouvrir-son-coeur.fr\/wp-content\/uploads\/2021\/01\/attend-1786090_1280-1024x791.jpg\" alt=\"\" class=\"wp-image-1375\" srcset=\"https:\/\/ouvrir-son-coeur.fr\/wp-content\/uploads\/2021\/01\/attend-1786090_1280-1024x791.jpg 1024w, https:\/\/ouvrir-son-coeur.fr\/wp-content\/uploads\/2021\/01\/attend-1786090_1280-300x232.jpg 300w, https:\/\/ouvrir-son-coeur.fr\/wp-content\/uploads\/2021\/01\/attend-1786090_1280-768x593.jpg 768w, https:\/\/ouvrir-son-coeur.fr\/wp-content\/uploads\/2021\/01\/attend-1786090_1280-1200x927.jpg 1200w, https:\/\/ouvrir-son-coeur.fr\/wp-content\/uploads\/2021\/01\/attend-1786090_1280.jpg 1280w\" sizes=\"auto, (max-width: 1024px) 100vw, 1024px\" \/><\/figure><\/div>\n\n\n<p style=\"text-align: justify;\">Qui sommes-nous? Que faisons-nous ici dans cette vie, l\u00e0 maintenant?<\/p>\n<p style=\"text-align: justify;\">Nous sommes des \u00eatres multidimensionnels, vivant dans un corps de chair, issus d&rsquo;une multitude d&rsquo;autres corps, issus d&rsquo;extensions de conscience provenant d&rsquo;une conscience plus large, comme une petite bo\u00eete dans une plus grande bo\u00eete, ainsi que plein de bo\u00eetes c\u00f4te \u00e0 c\u00f4te formant une plus grande bo\u00eete.<\/p>\n<p style=\"text-align: justify;\">Nous sommes un point de vue focalis\u00e9 sur une petite bo\u00eete, parmi un nombre infini de bo\u00eetes. Toutes ces bo\u00eetes sont reli\u00e9es les unes aux autres, car toutes font partie d&rsquo;un ensemble ou bo\u00eete plus grand(e), qui elles-m\u00eames font partie de boites plus grandes, etc., sans limites percevables par notre esprit actuel.<\/p>\n<p style=\"text-align: justify;\">Ceci est comparable \u00e0 un syst\u00e8me hi\u00e9rarchis\u00e9 par diff\u00e9rents points de vue ou \u00e9largissements de la conscience. En effet une bo\u00eete, dans son point de vue, prend conscience qu&rsquo;elle est compos\u00e9e de plus petites bo\u00eetes que sa forme dans son ensemble, car elle peut se voir et s&rsquo;observer, et elle peut ne pas se rendre compte qu&rsquo;elle fait partie d&rsquo;une bo\u00eete plus grande que sa forme, qui elle-m\u00eame constitue une autre forme.<\/p>\n<p style=\"text-align: justify;\">Comment observer un ensemble plus grand dont nous faisons partie ou les bo\u00eetes adjacentes qui constituent un ensemble dont nous faisons partie? Pouvons-nous faire partie de plusieurs ensembles?<\/p>\n<p style=\"text-align: justify;\">Nous ne pouvons l&rsquo;observer par nature, avec nos yeux, l&rsquo;odorat, le go\u00fbt, le toucher ou l\u2019ou\u00efe, car ces sens sont limit\u00e9s \u00e0 percevoir uniquement ce qui est inh\u00e9rent \u00e0 la forme et \u00e0 la taille de notre bo\u00eete. Nous pouvons, si nous le souhaitons, concentrer notre attention, \u00e0 l&rsquo;int\u00e9rieur de nous, en notre centre, en notre c\u0153ur divin (l&rsquo;\u00e9nergie qui nous donne vie), pour ressentir l&rsquo;existence en nous, de ces autres bo\u00eetes dont nous faisons partie, celles qui nous constituent et celles qui sont adjacentes. C&rsquo;est donc par le ressenti int\u00e9rieur que la conscience de l&rsquo;existence de quelque chose de plus grand est possible.<\/p>\n<p style=\"text-align: justify;\">Nous faisons partie de plusieurs ensembles, car dans un carr\u00e9, il peut y avoir des ronds, des plus petits carr\u00e9s, des triangles, et une multitude d&rsquo;autres formes, de tailles diff\u00e9rentes, dans une combinaison infinie dans le petit et le grand. Nous pouvons ainsi ressentir notre appartenance \u00e0 une bo\u00eete, puis une autre et cela sans limite.<\/p>\n<p style=\"text-align: justify;\">La vie est donc une exp\u00e9rience, dans une forme, dans une bo\u00eete, parmi d&rsquo;autres exp\u00e9riences, avec des bo\u00eetes adjacentes, \u00e0 une multitude d&rsquo;\u00e9chelles de tailles de bo\u00eetes. Comme nous faisons tous partie de diff\u00e9rents ensembles, nous sommes tous des consciences faisant des exp\u00e9riences, \u00e0 travers nos propres ressentis, issues d&rsquo;une plus grande conscience. Nous coexistons ensemble et vivons nos exp\u00e9riences de conscience ensemble, comme des bo\u00eetes qui se compl\u00e8tent les unes avec les autres, pour exp\u00e9rimenter une infinie suite de combinaisons possibles formant de plus grand(e)s ensembles\/bo\u00eetes.<\/p>\n<p style=\"text-align: justify;\">Pourquoi se comparer, se diff\u00e9rencier, se juger, se s\u00e9parer des autres bo\u00eetes, puisque par nature nous sommes tous contenus dans un m\u00eame ensemble de bo\u00eetes, chacun exp\u00e9rimentant \u00e0 notre \u00e9chelle, la d\u00e9couverte de multitudes de combinaisons possibles, \u00e0 travers notre exp\u00e9rience, de par nos ressentis, en vivant simplement ce que nous souhaitons vivre.<\/p>\n<p style=\"text-align: justify;\">Pourquoi sommes-nous l\u00e0? Pour exp\u00e9rimenter, pour ressentir, pour faire l&rsquo;exp\u00e9rience dans notre vie d&rsquo;une palette d&rsquo;\u00e9motions que nous avons choisi, pour \u00e9largir notre conscience, \u00e0 travers les diff\u00e9rentes lois qui r\u00e9gissent la bo\u00eete dans laquelle nous pla\u00e7ons notre conscience, comme la loi de causes \u00e0 effets, la r\u00e9sonance (nous vibrons des ondes, qui interagissent en permanence avec les ondes qui nous entourent), le libre-arbitre (nous faisons des choix \u00e0 chaque instant, en accord ou non, avec ce qui r\u00e9sonne juste en nous).<\/p>\n<p style=\"text-align: justify;\">C&rsquo;est ainsi que la seule chose que nous avons \u00e0 faire, c&rsquo;est de vivre, d&rsquo;\u00eatre pleinement, \u00e0 chaque instant, dans la conscience que nous exp\u00e9rimentons, et de choisir par cons\u00e9quent l&rsquo;exp\u00e9rience, que nous souhaitons vivre, en fonction des \u00e9motions que celle-ci nous fait ressentir.<\/p>\n<p><\/p>","protected":false},"excerpt":{"rendered":"<p>Qui sommes-nous? Que faisons-nous ici dans cette vie, l\u00e0 maintenant? Nous sommes des \u00eatres multidimensionnels, vivant dans un corps de chair, issus d&rsquo;une multitude d&rsquo;autres corps, issus d&rsquo;extensions de conscience provenant d&rsquo;une conscience plus large, comme une petite bo\u00eete dans une plus grande bo\u00eete, ainsi que plein de bo\u00eetes c\u00f4te \u00e0 c\u00f4te formant une plus &hellip; <\/p>\n<p class=\"link-more\"><a href=\"https:\/\/ouvrir-son-coeur.fr\/index.php\/2020\/12\/31\/se-souvenir-de-qui-nous-sommes\/\" class=\"more-link\">Continue reading<span class=\"screen-reader-text\"> \u00ab\u00a0Se souvenir de qui nous sommes\u00a0\u00bb<\/span><\/a><\/p>\n","protected":false},"author":1,"featured_media":1375,"comment_status":"closed","ping_status":"closed","sticky":false,"template":"","format":"standard","meta":{"footnotes":""},"categories":[5],"tags":[],"class_list":["post-1361","post","type-post","status-publish","format-standard","has-post-thumbnail","hentry","category-evolution-de-conscience"],"yoast_head":"<!-- This site is optimized with the Yoast SEO plugin v27.2 - https:\/\/yoast.com\/product\/yoast-seo-wordpress\/ -->\n<title>Se souvenir de qui nous sommes - Delphine ORIEUX<\/title>\n<meta name=\"robots\" content=\"index, follow, max-snippet:-1, max-image-preview:large, max-video-preview:-1\" \/>\n<link rel=\"canonical\" href=\"https:\/\/ouvrir-son-coeur.fr\/index.php\/2020\/12\/31\/se-souvenir-de-qui-nous-sommes\/\" \/>\n<meta property=\"og:locale\" content=\"fr_FR\" \/>\n<meta property=\"og:type\" content=\"article\" \/>\n<meta property=\"og:title\" content=\"Se souvenir de qui nous sommes - Delphine ORIEUX\" \/>\n<meta property=\"og:description\" content=\"Qui sommes-nous? Que faisons-nous ici dans cette vie, l\u00e0 maintenant? Nous sommes des \u00eatres multidimensionnels, vivant dans un corps de chair, issus d&rsquo;une multitude d&rsquo;autres corps, issus d&rsquo;extensions de conscience provenant d&rsquo;une conscience plus large, comme une petite bo\u00eete dans une plus grande bo\u00eete, ainsi que plein de bo\u00eetes c\u00f4te \u00e0 c\u00f4te formant une plus &hellip; Continue reading &quot;Se souvenir de qui nous sommes&quot;\" \/>\n<meta property=\"og:url\" content=\"https:\/\/ouvrir-son-coeur.fr\/index.php\/2020\/12\/31\/se-souvenir-de-qui-nous-sommes\/\" \/>\n<meta property=\"og:site_name\" content=\"Delphine ORIEUX\" \/>\n<meta property=\"article:published_time\" content=\"2020-12-31T09:50:34+00:00\" \/>\n<meta property=\"article:modified_time\" content=\"2021-01-08T22:50:56+00:00\" \/>\n<meta property=\"og:image\" content=\"https:\/\/ouvrir-son-coeur.fr\/wp-content\/uploads\/2021\/01\/attend-1786090_1280-1024x791.jpg\" \/>\n<meta name=\"author\" content=\"Delphine\" \/>\n<meta name=\"twitter:card\" content=\"summary_large_image\" \/>\n<meta name=\"twitter:label1\" content=\"\u00c9crit par\" \/>\n\t<meta name=\"twitter:data1\" content=\"Delphine\" \/>\n\t<meta name=\"twitter:label2\" content=\"Dur\u00e9e de lecture estim\u00e9e\" \/>\n\t<meta name=\"twitter:data2\" content=\"3 minutes\" \/>\n<script type=\"application\/ld+json\" class=\"yoast-schema-graph\">{\"@context\":\"https:\/\/schema.org\",\"@graph\":[{\"@type\":\"Article\",\"@id\":\"https:\/\/ouvrir-son-coeur.fr\/index.php\/2020\/12\/31\/se-souvenir-de-qui-nous-sommes\/#article\",\"isPartOf\":{\"@id\":\"https:\/\/ouvrir-son-coeur.fr\/index.php\/2020\/12\/31\/se-souvenir-de-qui-nous-sommes\/\"},\"author\":{\"name\":\"Delphine\",\"@id\":\"https:\/\/ouvrir-son-coeur.fr\/#\/schema\/person\/79755406436a7adaddb901ee35a4d28c\"},\"headline\":\"Se souvenir de qui nous sommes\",\"datePublished\":\"2020-12-31T09:50:34+00:00\",\"dateModified\":\"2021-01-08T22:50:56+00:00\",\"mainEntityOfPage\":{\"@id\":\"https:\/\/ouvrir-son-coeur.fr\/index.php\/2020\/12\/31\/se-souvenir-de-qui-nous-sommes\/\"},\"wordCount\":698,\"publisher\":{\"@id\":\"https:\/\/ouvrir-son-coeur.fr\/#organization\"},\"image\":{\"@id\":\"https:\/\/ouvrir-son-coeur.fr\/index.php\/2020\/12\/31\/se-souvenir-de-qui-nous-sommes\/#primaryimage\"},\"thumbnailUrl\":\"https:\/\/ouvrir-son-coeur.fr\/wp-content\/uploads\/2021\/01\/attend-1786090_1280.jpg\",\"articleSection\":[\"Evolution de conscience\"],\"inLanguage\":\"fr-FR\"},{\"@type\":\"WebPage\",\"@id\":\"https:\/\/ouvrir-son-coeur.fr\/index.php\/2020\/12\/31\/se-souvenir-de-qui-nous-sommes\/\",\"url\":\"https:\/\/ouvrir-son-coeur.fr\/index.php\/2020\/12\/31\/se-souvenir-de-qui-nous-sommes\/\",\"name\":\"Se souvenir de qui nous sommes - Delphine ORIEUX\",\"isPartOf\":{\"@id\":\"https:\/\/ouvrir-son-coeur.fr\/#website\"},\"primaryImageOfPage\":{\"@id\":\"https:\/\/ouvrir-son-coeur.fr\/index.php\/2020\/12\/31\/se-souvenir-de-qui-nous-sommes\/#primaryimage\"},\"image\":{\"@id\":\"https:\/\/ouvrir-son-coeur.fr\/index.php\/2020\/12\/31\/se-souvenir-de-qui-nous-sommes\/#primaryimage\"},\"thumbnailUrl\":\"https:\/\/ouvrir-son-coeur.fr\/wp-content\/uploads\/2021\/01\/attend-1786090_1280.jpg\",\"datePublished\":\"2020-12-31T09:50:34+00:00\",\"dateModified\":\"2021-01-08T22:50:56+00:00\",\"breadcrumb\":{\"@id\":\"https:\/\/ouvrir-son-coeur.fr\/index.php\/2020\/12\/31\/se-souvenir-de-qui-nous-sommes\/#breadcrumb\"},\"inLanguage\":\"fr-FR\",\"potentialAction\":[{\"@type\":\"ReadAction\",\"target\":[\"https:\/\/ouvrir-son-coeur.fr\/index.php\/2020\/12\/31\/se-souvenir-de-qui-nous-sommes\/\"]}]},{\"@type\":\"ImageObject\",\"inLanguage\":\"fr-FR\",\"@id\":\"https:\/\/ouvrir-son-coeur.fr\/index.php\/2020\/12\/31\/se-souvenir-de-qui-nous-sommes\/#primaryimage\",\"url\":\"https:\/\/ouvrir-son-coeur.fr\/wp-content\/uploads\/2021\/01\/attend-1786090_1280.jpg\",\"contentUrl\":\"https:\/\/ouvrir-son-coeur.fr\/wp-content\/uploads\/2021\/01\/attend-1786090_1280.jpg\",\"width\":1280,\"height\":989},{\"@type\":\"BreadcrumbList\",\"@id\":\"https:\/\/ouvrir-son-coeur.fr\/index.php\/2020\/12\/31\/se-souvenir-de-qui-nous-sommes\/#breadcrumb\",\"itemListElement\":[{\"@type\":\"ListItem\",\"position\":1,\"name\":\"Accueil\",\"item\":\"https:\/\/ouvrir-son-coeur.fr\/\"},{\"@type\":\"ListItem\",\"position\":2,\"name\":\"Se souvenir de qui nous sommes\"}]},{\"@type\":\"WebSite\",\"@id\":\"https:\/\/ouvrir-son-coeur.fr\/#website\",\"url\":\"https:\/\/ouvrir-son-coeur.fr\/\",\"name\":\"Delphine ORIEUX\",\"description\":\"Ouvrir son coeur pour un retour \u00e0 soi\",\"publisher\":{\"@id\":\"https:\/\/ouvrir-son-coeur.fr\/#organization\"},\"potentialAction\":[{\"@type\":\"SearchAction\",\"target\":{\"@type\":\"EntryPoint\",\"urlTemplate\":\"https:\/\/ouvrir-son-coeur.fr\/?s={search_term_string}\"},\"query-input\":{\"@type\":\"PropertyValueSpecification\",\"valueRequired\":true,\"valueName\":\"search_term_string\"}}],\"inLanguage\":\"fr-FR\"},{\"@type\":\"Organization\",\"@id\":\"https:\/\/ouvrir-son-coeur.fr\/#organization\",\"name\":\"Delphine ORIEUX\",\"url\":\"https:\/\/ouvrir-son-coeur.fr\/\",\"logo\":{\"@type\":\"ImageObject\",\"inLanguage\":\"fr-FR\",\"@id\":\"https:\/\/ouvrir-son-coeur.fr\/#\/schema\/logo\/image\/\",\"url\":\"https:\/\/ouvrir-son-coeur.fr\/wp-content\/uploads\/2019\/10\/cropped-71673114_2509801119097527_6138808206555611136_o-15.jpg\",\"contentUrl\":\"https:\/\/ouvrir-son-coeur.fr\/wp-content\/uploads\/2019\/10\/cropped-71673114_2509801119097527_6138808206555611136_o-15.jpg\",\"width\":546,\"height\":505,\"caption\":\"Delphine ORIEUX\"},\"image\":{\"@id\":\"https:\/\/ouvrir-son-coeur.fr\/#\/schema\/logo\/image\/\"}},{\"@type\":\"Person\",\"@id\":\"https:\/\/ouvrir-son-coeur.fr\/#\/schema\/person\/79755406436a7adaddb901ee35a4d28c\",\"name\":\"Delphine\",\"image\":{\"@type\":\"ImageObject\",\"inLanguage\":\"fr-FR\",\"@id\":\"https:\/\/secure.gravatar.com\/avatar\/4feb5ead4d5221e0fd82faeb7afb26cb5db06cdb420750aab1923c6a5e1ac1ac?s=96&d=mm&r=g\",\"url\":\"https:\/\/secure.gravatar.com\/avatar\/4feb5ead4d5221e0fd82faeb7afb26cb5db06cdb420750aab1923c6a5e1ac1ac?s=96&d=mm&r=g\",\"contentUrl\":\"https:\/\/secure.gravatar.com\/avatar\/4feb5ead4d5221e0fd82faeb7afb26cb5db06cdb420750aab1923c6a5e1ac1ac?s=96&d=mm&r=g\",\"caption\":\"Delphine\"},\"url\":\"https:\/\/ouvrir-son-coeur.fr\/index.php\/author\/admin2719\/\"}]}<\/script>\n<!-- \/ Yoast SEO plugin. -->","yoast_head_json":{"title":"Se souvenir de qui nous sommes - Delphine ORIEUX","robots":{"index":"index","follow":"follow","max-snippet":"max-snippet:-1","max-image-preview":"max-image-preview:large","max-video-preview":"max-video-preview:-1"},"canonical":"https:\/\/ouvrir-son-coeur.fr\/index.php\/2020\/12\/31\/se-souvenir-de-qui-nous-sommes\/","og_locale":"fr_FR","og_type":"article","og_title":"Se souvenir de qui nous sommes - Delphine ORIEUX","og_description":"Qui sommes-nous? Que faisons-nous ici dans cette vie, l\u00e0 maintenant? Nous sommes des \u00eatres multidimensionnels, vivant dans un corps de chair, issus d&rsquo;une multitude d&rsquo;autres corps, issus d&rsquo;extensions de conscience provenant d&rsquo;une conscience plus large, comme une petite bo\u00eete dans une plus grande bo\u00eete, ainsi que plein de bo\u00eetes c\u00f4te \u00e0 c\u00f4te formant une plus &hellip; Continue reading \"Se souvenir de qui nous sommes\"","og_url":"https:\/\/ouvrir-son-coeur.fr\/index.php\/2020\/12\/31\/se-souvenir-de-qui-nous-sommes\/","og_site_name":"Delphine ORIEUX","article_published_time":"2020-12-31T09:50:34+00:00","article_modified_time":"2021-01-08T22:50:56+00:00","og_image":[{"url":"https:\/\/ouvrir-son-coeur.fr\/wp-content\/uploads\/2021\/01\/attend-1786090_1280-1024x791.jpg","type":"","width":"","height":""}],"author":"Delphine","twitter_card":"summary_large_image","twitter_misc":{"\u00c9crit par":"Delphine","Dur\u00e9e de lecture estim\u00e9e":"3 minutes"},"schema":{"@context":"https:\/\/schema.org","@graph":[{"@type":"Article","@id":"https:\/\/ouvrir-son-coeur.fr\/index.php\/2020\/12\/31\/se-souvenir-de-qui-nous-sommes\/#article","isPartOf":{"@id":"https:\/\/ouvrir-son-coeur.fr\/index.php\/2020\/12\/31\/se-souvenir-de-qui-nous-sommes\/"},"author":{"name":"Delphine","@id":"https:\/\/ouvrir-son-coeur.fr\/#\/schema\/person\/79755406436a7adaddb901ee35a4d28c"},"headline":"Se souvenir de qui nous sommes","datePublished":"2020-12-31T09:50:34+00:00","dateModified":"2021-01-08T22:50:56+00:00","mainEntityOfPage":{"@id":"https:\/\/ouvrir-son-coeur.fr\/index.php\/2020\/12\/31\/se-souvenir-de-qui-nous-sommes\/"},"wordCount":698,"publisher":{"@id":"https:\/\/ouvrir-son-coeur.fr\/#organization"},"image":{"@id":"https:\/\/ouvrir-son-coeur.fr\/index.php\/2020\/12\/31\/se-souvenir-de-qui-nous-sommes\/#primaryimage"},"thumbnailUrl":"https:\/\/ouvrir-son-coeur.fr\/wp-content\/uploads\/2021\/01\/attend-1786090_1280.jpg","articleSection":["Evolution de conscience"],"inLanguage":"fr-FR"},{"@type":"WebPage","@id":"https:\/\/ouvrir-son-coeur.fr\/index.php\/2020\/12\/31\/se-souvenir-de-qui-nous-sommes\/","url":"https:\/\/ouvrir-son-coeur.fr\/index.php\/2020\/12\/31\/se-souvenir-de-qui-nous-sommes\/","name":"Se souvenir de qui nous sommes - Delphine ORIEUX","isPartOf":{"@id":"https:\/\/ouvrir-son-coeur.fr\/#website"},"primaryImageOfPage":{"@id":"https:\/\/ouvrir-son-coeur.fr\/index.php\/2020\/12\/31\/se-souvenir-de-qui-nous-sommes\/#primaryimage"},"image":{"@id":"https:\/\/ouvrir-son-coeur.fr\/index.php\/2020\/12\/31\/se-souvenir-de-qui-nous-sommes\/#primaryimage"},"thumbnailUrl":"https:\/\/ouvrir-son-coeur.fr\/wp-content\/uploads\/2021\/01\/attend-1786090_1280.jpg","datePublished":"2020-12-31T09:50:34+00:00","dateModified":"2021-01-08T22:50:56+00:00","breadcrumb":{"@id":"https:\/\/ouvrir-son-coeur.fr\/index.php\/2020\/12\/31\/se-souvenir-de-qui-nous-sommes\/#breadcrumb"},"inLanguage":"fr-FR","potentialAction":[{"@type":"ReadAction","target":["https:\/\/ouvrir-son-coeur.fr\/index.php\/2020\/12\/31\/se-souvenir-de-qui-nous-sommes\/"]}]},{"@type":"ImageObject","inLanguage":"fr-FR","@id":"https:\/\/ouvrir-son-coeur.fr\/index.php\/2020\/12\/31\/se-souvenir-de-qui-nous-sommes\/#primaryimage","url":"https:\/\/ouvrir-son-coeur.fr\/wp-content\/uploads\/2021\/01\/attend-1786090_1280.jpg","contentUrl":"https:\/\/ouvrir-son-coeur.fr\/wp-content\/uploads\/2021\/01\/attend-1786090_1280.jpg","width":1280,"height":989},{"@type":"BreadcrumbList","@id":"https:\/\/ouvrir-son-coeur.fr\/index.php\/2020\/12\/31\/se-souvenir-de-qui-nous-sommes\/#breadcrumb","itemListElement":[{"@type":"ListItem","position":1,"name":"Accueil","item":"https:\/\/ouvrir-son-coeur.fr\/"},{"@type":"ListItem","position":2,"name":"Se souvenir de qui nous sommes"}]},{"@type":"WebSite","@id":"https:\/\/ouvrir-son-coeur.fr\/#website","url":"https:\/\/ouvrir-son-coeur.fr\/","name":"Delphine ORIEUX","description":"Ouvrir son coeur pour un retour \u00e0 soi","publisher":{"@id":"https:\/\/ouvrir-son-coeur.fr\/#organization"},"potentialAction":[{"@type":"SearchAction","target":{"@type":"EntryPoint","urlTemplate":"https:\/\/ouvrir-son-coeur.fr\/?s={search_term_string}"},"query-input":{"@type":"PropertyValueSpecification","valueRequired":true,"valueName":"search_term_string"}}],"inLanguage":"fr-FR"},{"@type":"Organization","@id":"https:\/\/ouvrir-son-coeur.fr\/#organization","name":"Delphine ORIEUX","url":"https:\/\/ouvrir-son-coeur.fr\/","logo":{"@type":"ImageObject","inLanguage":"fr-FR","@id":"https:\/\/ouvrir-son-coeur.fr\/#\/schema\/logo\/image\/","url":"https:\/\/ouvrir-son-coeur.fr\/wp-content\/uploads\/2019\/10\/cropped-71673114_2509801119097527_6138808206555611136_o-15.jpg","contentUrl":"https:\/\/ouvrir-son-coeur.fr\/wp-content\/uploads\/2019\/10\/cropped-71673114_2509801119097527_6138808206555611136_o-15.jpg","width":546,"height":505,"caption":"Delphine ORIEUX"},"image":{"@id":"https:\/\/ouvrir-son-coeur.fr\/#\/schema\/logo\/image\/"}},{"@type":"Person","@id":"https:\/\/ouvrir-son-coeur.fr\/#\/schema\/person\/79755406436a7adaddb901ee35a4d28c","name":"Delphine","image":{"@type":"ImageObject","inLanguage":"fr-FR","@id":"https:\/\/secure.gravatar.com\/avatar\/4feb5ead4d5221e0fd82faeb7afb26cb5db06cdb420750aab1923c6a5e1ac1ac?s=96&d=mm&r=g","url":"https:\/\/secure.gravatar.com\/avatar\/4feb5ead4d5221e0fd82faeb7afb26cb5db06cdb420750aab1923c6a5e1ac1ac?s=96&d=mm&r=g","contentUrl":"https:\/\/secure.gravatar.com\/avatar\/4feb5ead4d5221e0fd82faeb7afb26cb5db06cdb420750aab1923c6a5e1ac1ac?s=96&d=mm&r=g","caption":"Delphine"},"url":"https:\/\/ouvrir-son-coeur.fr\/index.php\/author\/admin2719\/"}]}},"_links":{"self":[{"href":"https:\/\/ouvrir-son-coeur.fr\/index.php\/wp-json\/wp\/v2\/posts\/1361","targetHints":{"allow":["GET"]}}],"collection":[{"href":"https:\/\/ouvrir-son-coeur.fr\/index.php\/wp-json\/wp\/v2\/posts"}],"about":[{"href":"https:\/\/ouvrir-son-coeur.fr\/index.php\/wp-json\/wp\/v2\/types\/post"}],"author":[{"embeddable":true,"href":"https:\/\/ouvrir-son-coeur.fr\/index.php\/wp-json\/wp\/v2\/users\/1"}],"replies":[{"embeddable":true,"href":"https:\/\/ouvrir-son-coeur.fr\/index.php\/wp-json\/wp\/v2\/comments?post=1361"}],"version-history":[{"count":3,"href":"https:\/\/ouvrir-son-coeur.fr\/index.php\/wp-json\/wp\/v2\/posts\/1361\/revisions"}],"predecessor-version":[{"id":1376,"href":"https:\/\/ouvrir-son-coeur.fr\/index.php\/wp-json\/wp\/v2\/posts\/1361\/revisions\/1376"}],"wp:featuredmedia":[{"embeddable":true,"href":"https:\/\/ouvrir-son-coeur.fr\/index.php\/wp-json\/wp\/v2\/media\/1375"}],"wp:attachment":[{"href":"https:\/\/ouvrir-son-coeur.fr\/index.php\/wp-json\/wp\/v2\/media?parent=1361"}],"wp:term":[{"taxonomy":"category","embeddable":true,"href":"https:\/\/ouvrir-son-coeur.fr\/index.php\/wp-json\/wp\/v2\/categories?post=1361"},{"taxonomy":"post_tag","embeddable":true,"href":"https:\/\/ouvrir-son-coeur.fr\/index.php\/wp-json\/wp\/v2\/tags?post=1361"}],"curies":[{"name":"wp","href":"https:\/\/api.w.org\/{rel}","templated":true}]}}