{"id":1255,"date":"2020-10-01T23:14:13","date_gmt":"2020-10-01T21:14:13","guid":{"rendered":"https:\/\/ouvrir-son-coeur.fr\/?p=1255"},"modified":"2020-10-03T23:36:17","modified_gmt":"2020-10-03T21:36:17","slug":"les-declencheurs-demotions","status":"publish","type":"post","link":"https:\/\/ouvrir-son-coeur.fr\/index.php\/2020\/10\/01\/les-declencheurs-demotions\/","title":{"rendered":"Les d\u00e9clencheurs d&rsquo;\u00e9motions"},"content":{"rendered":"\n<p><\/p>\n\n\n\n<div class=\"wp-block-image\"><figure class=\"aligncenter size-large\"><img loading=\"lazy\" decoding=\"async\" width=\"1024\" height=\"731\" src=\"https:\/\/ouvrir-son-coeur.fr\/wp-content\/uploads\/2020\/10\/swan-4013225_1280-1024x731.jpg\" alt=\"\" class=\"wp-image-1260\" srcset=\"https:\/\/ouvrir-son-coeur.fr\/wp-content\/uploads\/2020\/10\/swan-4013225_1280-1024x731.jpg 1024w, https:\/\/ouvrir-son-coeur.fr\/wp-content\/uploads\/2020\/10\/swan-4013225_1280-300x214.jpg 300w, https:\/\/ouvrir-son-coeur.fr\/wp-content\/uploads\/2020\/10\/swan-4013225_1280-768x548.jpg 768w, https:\/\/ouvrir-son-coeur.fr\/wp-content\/uploads\/2020\/10\/swan-4013225_1280-1200x857.jpg 1200w, https:\/\/ouvrir-son-coeur.fr\/wp-content\/uploads\/2020\/10\/swan-4013225_1280.jpg 1280w\" sizes=\"auto, (max-width: 1024px) 100vw, 1024px\" \/><\/figure><\/div>\n\n\n<p style=\"text-align: justify;\">A chaque instant de notre vie, nous vivons une situation, et nous sommes en interrelation avec d&rsquo;autres \u00eatres, et\/ou un lieu, et\/ou des objets, et\/ou un \u00e9tat \u00e9motionnel qui provient d&rsquo;ailleurs (du collectif ou d&rsquo;un ou plusieurs \u00eatres), dans un espace-temps, et ce m\u00eame quand nous ne faisons rien et que nous avons les yeux ferm\u00e9s.<\/p>\n<p style=\"text-align: justify;\">Chaque moment v\u00e9cu est un \u00e9change d&rsquo;informations avec ce qui nous entoure.<\/p>\n<p style=\"text-align: justify;\">Tout \u00e9l\u00e9ment, toute information est un potentiel d\u00e9clencheur d&rsquo;\u00e9motions en nous (agr\u00e9ables ou d\u00e9sagr\u00e9ables), selon nos filtres, nos perceptions, nos croyances et selon la mani\u00e8re dont nous nous positionnons par rapport \u00e0 chaque information.<\/p>\n<p style=\"text-align: justify;\">Si une information, visuelle, auditive, tactile, olfactive, gustative ou intuitive, d\u00e9clenche une \u00e9motion en nous, c&rsquo;est que notre banque de donn\u00e9es, via nos perceptions, n&rsquo;est pas vierge, par rapport \u00e0 l&rsquo;information re\u00e7ue, ou que nous vibrons en r\u00e9sonance avec ces informations, de par nos perceptions.<\/p>\n<p style=\"text-align: justify;\">Dans notre corps, nous pouvons avoir des sensations agr\u00e9ables, qui d\u00e9clenchent de la joie, du plaisir, de l&rsquo;euphorie, de la s\u00e9r\u00e9nit\u00e9, de la paix, (etc.), nous pouvons \u00e9galement avoir des sensations d\u00e9sagr\u00e9ables qui d\u00e9clenchent de la peur, de la col\u00e8re, de la ranc\u0153ur, de la tristesse, de la jalousie, (etc.).<\/p>\n<p style=\"text-align: justify;\">Ces sensations peuvent \u00eatre li\u00e9es \u00e0 des m\u00e9moires de traumatismes, de peurs, de blessures, \u00e0 des croyances qui engendrent des peurs, inconscientes ou conscientes, que nous avons v\u00e9cues dans cette vie, dans d&rsquo;autres vies, ou qui sont transg\u00e9n\u00e9rationnelles, c&rsquo;est \u00e0 dire pr\u00e9sentes dans la m\u00e9moire cellulaire car transmises par notre lign\u00e9e familiale, ou non v\u00e9cues mais prises pour vrai par l&rsquo;inconscient (les croyances).<\/p>\n<p style=\"text-align: justify;\">Il peut \u00e9galement arriver que nous ne soyons pas assez ancr\u00e9s, c&rsquo;est \u00e0 dire que nous ne vivons pas pleinement l&rsquo;instant pr\u00e9sent dans notre corps, car nous pouvons \u00eatre dans nos pens\u00e9es, dans nos \u00e9motions, dans des projections dans le pass\u00e9 ou l&rsquo;avenir, dans des peurs, ce qui nous fait fuir en partie notre corps, ce qui induit que nos vibrations se mettent davantage en r\u00e9sonance avec les vibrations des \u00e9l\u00e9ments alentours (\u00eatres, lieu, objets, situations, inconscient collectif).<\/p>\n<p style=\"text-align: justify;\">Ceci est physique, puisque nous sommes un paquet d&rsquo;ondes en vibration permanente. A chaque rencontre avec d&rsquo;autres ondes, il se cr\u00e9e des perturbations d&rsquo;ondes: soit nous rayonnons des ondes \u00e0 une fr\u00e9quence suffisamment \u00e9lev\u00e9e, auquel cas, toute onde rencontr\u00e9e de plus basse fr\u00e9quence est absorb\u00e9e et \u00e9lev\u00e9e; soit nous \u00e9mettons des ondes trop basses, auquel cas, au contact d&rsquo;ondes basses, nous rentrons en r\u00e9sonance et nous vibrons sur la m\u00eame longueur d&rsquo;ondes; nous pouvons \u00e9galement rencontrer des ondes plus \u00e9lev\u00e9es que celles que nous \u00e9mettons et ces ondes absorbent nos vibrations de basse fr\u00e9quence et \u00e9l\u00e8vent ainsi notre taux vibratoire, ce qui provoque une sensation d&rsquo;aller mieux.<\/p>\n<p style=\"text-align: justify;\">C&rsquo;est pourquoi il est important d&rsquo;\u00eatre bien pr\u00e9sent \u00e0 Soi, dans son corps, c&rsquo;est \u00e0 dire de laisser circuler librement le flux d&rsquo;\u00e9nergie de notre \u00eatre, dans la d\u00e9tente, la confiance, la foi et la s\u00e9r\u00e9nit\u00e9, pour que cette \u00c9nergie d&rsquo;Amour puisse maintenir tout notre corps, dans son int\u00e9gralit\u00e9, dans un taux vibratoire \u00e9lev\u00e9.<\/p>\n<p style=\"text-align: justify;\">Si nous \u00e9mettons des r\u00e9sistances, en ayant peur, en \u00e9tant vuln\u00e9rable aux basses vibrations, en \u00e9tant dans le contr\u00f4le mental, nous bloquons l&rsquo;\u00e9nergie et naturellement les vibrations diminuent et le circuit \u00e9nerg\u00e9tique est ralenti, ce qui entra\u00eene des d\u00e9gradations (\u00e9motionnelles, physiques, mentales), par manque d&rsquo;\u00e9nergie (comme si nous faisions tourner une voiture, sans avoir remis de l&rsquo;essence, de l&rsquo;huile dans le moteur, les freins, les engrenages du moteur, du liquide de refroidissement, etc., cela finit par endommager la voiture.).<\/p>\n<p style=\"text-align: justify;\">Si cela arrive, il suffit de s&rsquo;en rendre compte, pour se d\u00e9tendre, l\u00e2cher-prise mentalement, porter son attention sur quelque chose qui nous procure de la joie, et laisser \u00e0 nouveau circuler l&rsquo;\u00e9nergie librement, pour que le circuit se remette en route et se r\u00e9pare de lui-m\u00eame.<\/p>\n<p style=\"text-align: justify;\">Si un d\u00e9clencheur d&rsquo;\u00e9motions, r\u00e9veille en nous, de vieux traumatismes, m\u00e9moires ou croyances, cela est un cadeau, contrairement \u00e0 ce que pense notre \u00e9go victime qui pourrait r\u00e9torquer \u00ab\u00a0pourquoi cela n&rsquo;arrive qu&rsquo;\u00e0 moi!\u00a0\u00bb ou \u00ab\u00a0c&rsquo;est de la malchance!\u00a0\u00bb (etc.). Parce que si cela arrive, c&rsquo;est que nous vibrons cette fr\u00e9quence qui attire par r\u00e9sonance les situations de m\u00eame fr\u00e9quence, avec les \u00e9l\u00e9ments ext\u00e9rieurs (\u00eatres, objets, lieux, groupes) qui vibrent sur la m\u00eame fr\u00e9quence, ce qui cr\u00e9e des situations collectives.<\/p>\n<p style=\"text-align: justify;\">Par exemple, si une personne se plaint de rencontrer syst\u00e9matiquement le m\u00eame genre de personnes, toxiques et nuisibles pour elle, cela signifie que, o\u00f9 qu&rsquo;elle soit dans le monde, cette personne vibrant cette fr\u00e9quence, attirerait des personnes toxiques et nuisibles, des personnes diff\u00e9rentes selon le lieu, mais vibrant la m\u00eame fr\u00e9quence.<\/p>\n<p style=\"text-align: justify;\">Car tout est vibration et r\u00e9pond aux lois de l&rsquo;univers.<\/p>\n<p style=\"text-align: justify;\">Tout, potentiellement tout ce que nous vivons dans notre vie est un d\u00e9clencheur d&rsquo;\u00e9motions. La raison est que nous avons dans notre banque de donn\u00e9es, de nombreuses m\u00e9moires\/traumatismes\/croyances \u00e0 lib\u00e9rer, pour que le flux d&rsquo;\u00e9nergie originel que nous sommes puisse s&rsquo;\u00e9couler librement dans notre corps, sans aucun(e) entrave\/filtre\/voile\/frein.<\/p>\n<p style=\"text-align: justify;\">C&rsquo;est par notre lib\u00e9ration individuelle totale de toutes les entraves que l&rsquo;humanit\u00e9 se lib\u00e8rera, ainsi que la plan\u00e8te Terre, qui nous soutient de par son \u00e9nergie et ses ressources.<\/p>\n<p style=\"text-align: justify;\">Si un d\u00e9clencheur d&rsquo;\u00e9motions met en conscience, la pr\u00e9sence de traumatismes\/m\u00e9moires\/croyances, via une \u00e9motion que nous ressentons, c&rsquo;est que nous sommes pr\u00eats \u00e0 les lib\u00e9rer de notre corps, de notre vie et ce d\u00e9finitivement. C&rsquo;est une opportunit\u00e9 que notre corps \u00e9motionnel met en \u00e9vidence, pour que nous transformions cette \u00e9nergie bloqu\u00e9e, pour la laisser circuler, pour d\u00e9cristalliser ces n\u0153uds.<\/p>\n<p style=\"text-align: justify;\">Ce n\u0153ud pour \u00eatre d\u00e9fait, a besoin d&rsquo;un gros d\u00e9bit d&rsquo;\u00e9nergie, de notre \u00e9nergie originelle, l&rsquo;Amour \u00e0 l&rsquo;\u00e9tat pur, l&rsquo;Amour Inconditionnel, la vibration de reconnaissance de tout ce qui est comme \u00e9tant exp\u00e9rience visant \u00e0 conna\u00eetre et ressentir le sentiment de paix, de joie, de pl\u00e9nitude, d&rsquo;\u00eatre \u00e0 sa place.<\/p>\n<p style=\"text-align: justify;\">Comment reconna\u00eetre que toute exp\u00e9rience de l&rsquo;amour, passe par son contraire?! Simplement, en le vivant, car la perception du chaud n&rsquo;est pas reconnue par notre corps, dans la mati\u00e8re, si nous n&rsquo;avons pas connu le froid, et c&rsquo;est apr\u00e8s avoir connu les 2 polarit\u00e9s que nous trouvons le juste milieu, l&rsquo;\u00e9quilibre de toute chose dans notre vie.<\/p>\n<p style=\"text-align: justify;\">Nous savons ce que nous voulons, lorsque nous avons v\u00e9cu ou connu par procuration ce que nous ne voulons pas, nous d\u00e9couvrons notre point z\u00e9ro, notre \u00e9tat neutre.<\/p>\n<p style=\"text-align: justify;\">L&rsquo;humanit\u00e9 est en train de vivre, depuis un long moment, ce qu&rsquo;elle ne veut pas, pour que ceux qui ne l&rsquo;ont pas encore exp\u00e9riment\u00e9, puissent ressentir et vivre la polarit\u00e9 \u00e0 son extr\u00eame, afin de revenir ensuite \u00e0 leur \u00e9quilibre et \u00e0 leur volont\u00e9 de se recentrer et de se retrouver, vibrant \u00e0 leur vibration originelle.<\/p>\n<p style=\"text-align: justify;\">Lorsque un certain nombre d&rsquo;\u00eatres auront v\u00e9cu et exp\u00e9riment\u00e9 leurs polarit\u00e9s au maximum de leur capacit\u00e9, ils l\u00e2cheront prise, ils cesseront toute lutte avec eux-m\u00eames, ils mettront un genou \u00e0 terre, ils souhaiteront la paix et l&rsquo;amour pour eux-m\u00eames et c&rsquo;est en faisant c\u00e9dant les barrages mental, physique et \u00e9motionnel, au sein m\u00eame de leur c\u0153ur, qu&rsquo;ils d\u00e9couvriront ce qu&rsquo;ils sont et ce qu&rsquo;est la v\u00e9ritable nature de l&rsquo;amour inconditionnel, de l&rsquo;amour vibration.<\/p>\n<p style=\"text-align: justify;\">Cela arrive et continuera d&rsquo;arriver, car chacun \u00e9volue \u00e0 son rythme, en fonction du degr\u00e9 de r\u00e9sistance et de n\u0153uds \u00e0 d\u00e9bloquer. C&rsquo;est \u00e0 partir d&rsquo;un certain seuil de personnes \u00e9veill\u00e9es \u00e0 ce qu&rsquo;elles sont, que l&rsquo;humanit\u00e9 percevra le magnifique pouvoir de l&rsquo;amour vibration et de la pens\u00e9e \u00e9mise en accord avec cette \u00e9nergie.<\/p>\n<p style=\"text-align: justify;\">L&rsquo;amour vibration, l&rsquo;amour de tout ce qui est, est notre flux originel, notre sang c\u00e9leste, qui nous nourrit et qui nous donne vie. Ce flux rayonn\u00e9 \u00e0 plus grande \u00e9chelle sera per\u00e7u comme des miracles, pour ceux qui ne se sont pas \u00e9veill\u00e9s \u00e0 eux-m\u00eames, et seront v\u00e9cus quotidiennement par ceux qui se sont reconnus.<\/p>\n<p style=\"text-align: justify;\">B\u00e9nissons nos d\u00e9clencheurs d&rsquo;\u00e9motions, qui sont des successions de moments de vie cr\u00e9\u00e9s par nous-m\u00eame, dans le but de nous lib\u00e9rer et de nous retrouver pleinement!<\/p>\n\n\n<p><\/p>\n","protected":false},"excerpt":{"rendered":"<p>A chaque instant de notre vie, nous vivons une situation, et nous sommes en interrelation avec d&rsquo;autres \u00eatres, et\/ou un lieu, et\/ou des objets, et\/ou un \u00e9tat \u00e9motionnel qui provient d&rsquo;ailleurs (du collectif ou d&rsquo;un ou plusieurs \u00eatres), dans un espace-temps, et ce m\u00eame quand nous ne faisons rien et que nous avons les yeux &hellip; <\/p>\n<p class=\"link-more\"><a href=\"https:\/\/ouvrir-son-coeur.fr\/index.php\/2020\/10\/01\/les-declencheurs-demotions\/\" class=\"more-link\">Continue reading<span class=\"screen-reader-text\"> \u00ab\u00a0Les d\u00e9clencheurs d&rsquo;\u00e9motions\u00a0\u00bb<\/span><\/a><\/p>\n","protected":false},"author":1,"featured_media":1260,"comment_status":"closed","ping_status":"closed","sticky":false,"template":"","format":"standard","meta":{"footnotes":""},"categories":[7,5],"tags":[],"class_list":["post-1255","post","type-post","status-publish","format-standard","has-post-thumbnail","hentry","category-developpement-personnel","category-evolution-de-conscience"],"yoast_head":"<!-- This site is optimized with the Yoast SEO plugin v27.2 - https:\/\/yoast.com\/product\/yoast-seo-wordpress\/ -->\n<title>Les d\u00e9clencheurs d&#039;\u00e9motions - Delphine ORIEUX<\/title>\n<meta name=\"robots\" content=\"index, follow, max-snippet:-1, max-image-preview:large, max-video-preview:-1\" \/>\n<link rel=\"canonical\" href=\"https:\/\/ouvrir-son-coeur.fr\/index.php\/2020\/10\/01\/les-declencheurs-demotions\/\" \/>\n<meta property=\"og:locale\" content=\"fr_FR\" \/>\n<meta property=\"og:type\" content=\"article\" \/>\n<meta property=\"og:title\" content=\"Les d\u00e9clencheurs d&#039;\u00e9motions - Delphine ORIEUX\" \/>\n<meta property=\"og:description\" content=\"A chaque instant de notre vie, nous vivons une situation, et nous sommes en interrelation avec d&rsquo;autres \u00eatres, et\/ou un lieu, et\/ou des objets, et\/ou un \u00e9tat \u00e9motionnel qui provient d&rsquo;ailleurs (du collectif ou d&rsquo;un ou plusieurs \u00eatres), dans un espace-temps, et ce m\u00eame quand nous ne faisons rien et que nous avons les yeux &hellip; Continue reading &quot;Les d\u00e9clencheurs d&rsquo;\u00e9motions&quot;\" \/>\n<meta property=\"og:url\" content=\"https:\/\/ouvrir-son-coeur.fr\/index.php\/2020\/10\/01\/les-declencheurs-demotions\/\" \/>\n<meta property=\"og:site_name\" content=\"Delphine ORIEUX\" \/>\n<meta property=\"article:published_time\" content=\"2020-10-01T21:14:13+00:00\" \/>\n<meta property=\"article:modified_time\" content=\"2020-10-03T21:36:17+00:00\" \/>\n<meta property=\"og:image\" content=\"https:\/\/ouvrir-son-coeur.fr\/wp-content\/uploads\/2020\/10\/swan-4013225_1280-1024x731.jpg\" \/>\n<meta name=\"author\" content=\"Delphine\" \/>\n<meta name=\"twitter:card\" content=\"summary_large_image\" \/>\n<meta name=\"twitter:label1\" content=\"\u00c9crit par\" \/>\n\t<meta name=\"twitter:data1\" content=\"Delphine\" \/>\n\t<meta name=\"twitter:label2\" content=\"Dur\u00e9e de lecture estim\u00e9e\" \/>\n\t<meta name=\"twitter:data2\" content=\"7 minutes\" \/>\n<script type=\"application\/ld+json\" class=\"yoast-schema-graph\">{\"@context\":\"https:\/\/schema.org\",\"@graph\":[{\"@type\":\"Article\",\"@id\":\"https:\/\/ouvrir-son-coeur.fr\/index.php\/2020\/10\/01\/les-declencheurs-demotions\/#article\",\"isPartOf\":{\"@id\":\"https:\/\/ouvrir-son-coeur.fr\/index.php\/2020\/10\/01\/les-declencheurs-demotions\/\"},\"author\":{\"name\":\"Delphine\",\"@id\":\"https:\/\/ouvrir-son-coeur.fr\/#\/schema\/person\/79755406436a7adaddb901ee35a4d28c\"},\"headline\":\"Les d\u00e9clencheurs d&rsquo;\u00e9motions\",\"datePublished\":\"2020-10-01T21:14:13+00:00\",\"dateModified\":\"2020-10-03T21:36:17+00:00\",\"mainEntityOfPage\":{\"@id\":\"https:\/\/ouvrir-son-coeur.fr\/index.php\/2020\/10\/01\/les-declencheurs-demotions\/\"},\"wordCount\":1445,\"publisher\":{\"@id\":\"https:\/\/ouvrir-son-coeur.fr\/#organization\"},\"image\":{\"@id\":\"https:\/\/ouvrir-son-coeur.fr\/index.php\/2020\/10\/01\/les-declencheurs-demotions\/#primaryimage\"},\"thumbnailUrl\":\"https:\/\/ouvrir-son-coeur.fr\/wp-content\/uploads\/2020\/10\/swan-4013225_1280.jpg\",\"articleSection\":[\"D\u00e9veloppement personnel\",\"Evolution de conscience\"],\"inLanguage\":\"fr-FR\"},{\"@type\":\"WebPage\",\"@id\":\"https:\/\/ouvrir-son-coeur.fr\/index.php\/2020\/10\/01\/les-declencheurs-demotions\/\",\"url\":\"https:\/\/ouvrir-son-coeur.fr\/index.php\/2020\/10\/01\/les-declencheurs-demotions\/\",\"name\":\"Les d\u00e9clencheurs d'\u00e9motions - Delphine ORIEUX\",\"isPartOf\":{\"@id\":\"https:\/\/ouvrir-son-coeur.fr\/#website\"},\"primaryImageOfPage\":{\"@id\":\"https:\/\/ouvrir-son-coeur.fr\/index.php\/2020\/10\/01\/les-declencheurs-demotions\/#primaryimage\"},\"image\":{\"@id\":\"https:\/\/ouvrir-son-coeur.fr\/index.php\/2020\/10\/01\/les-declencheurs-demotions\/#primaryimage\"},\"thumbnailUrl\":\"https:\/\/ouvrir-son-coeur.fr\/wp-content\/uploads\/2020\/10\/swan-4013225_1280.jpg\",\"datePublished\":\"2020-10-01T21:14:13+00:00\",\"dateModified\":\"2020-10-03T21:36:17+00:00\",\"breadcrumb\":{\"@id\":\"https:\/\/ouvrir-son-coeur.fr\/index.php\/2020\/10\/01\/les-declencheurs-demotions\/#breadcrumb\"},\"inLanguage\":\"fr-FR\",\"potentialAction\":[{\"@type\":\"ReadAction\",\"target\":[\"https:\/\/ouvrir-son-coeur.fr\/index.php\/2020\/10\/01\/les-declencheurs-demotions\/\"]}]},{\"@type\":\"ImageObject\",\"inLanguage\":\"fr-FR\",\"@id\":\"https:\/\/ouvrir-son-coeur.fr\/index.php\/2020\/10\/01\/les-declencheurs-demotions\/#primaryimage\",\"url\":\"https:\/\/ouvrir-son-coeur.fr\/wp-content\/uploads\/2020\/10\/swan-4013225_1280.jpg\",\"contentUrl\":\"https:\/\/ouvrir-son-coeur.fr\/wp-content\/uploads\/2020\/10\/swan-4013225_1280.jpg\",\"width\":1280,\"height\":914},{\"@type\":\"BreadcrumbList\",\"@id\":\"https:\/\/ouvrir-son-coeur.fr\/index.php\/2020\/10\/01\/les-declencheurs-demotions\/#breadcrumb\",\"itemListElement\":[{\"@type\":\"ListItem\",\"position\":1,\"name\":\"Accueil\",\"item\":\"https:\/\/ouvrir-son-coeur.fr\/\"},{\"@type\":\"ListItem\",\"position\":2,\"name\":\"Les d\u00e9clencheurs d&rsquo;\u00e9motions\"}]},{\"@type\":\"WebSite\",\"@id\":\"https:\/\/ouvrir-son-coeur.fr\/#website\",\"url\":\"https:\/\/ouvrir-son-coeur.fr\/\",\"name\":\"Delphine ORIEUX\",\"description\":\"Ouvrir son coeur pour un retour \u00e0 soi\",\"publisher\":{\"@id\":\"https:\/\/ouvrir-son-coeur.fr\/#organization\"},\"potentialAction\":[{\"@type\":\"SearchAction\",\"target\":{\"@type\":\"EntryPoint\",\"urlTemplate\":\"https:\/\/ouvrir-son-coeur.fr\/?s={search_term_string}\"},\"query-input\":{\"@type\":\"PropertyValueSpecification\",\"valueRequired\":true,\"valueName\":\"search_term_string\"}}],\"inLanguage\":\"fr-FR\"},{\"@type\":\"Organization\",\"@id\":\"https:\/\/ouvrir-son-coeur.fr\/#organization\",\"name\":\"Delphine ORIEUX\",\"url\":\"https:\/\/ouvrir-son-coeur.fr\/\",\"logo\":{\"@type\":\"ImageObject\",\"inLanguage\":\"fr-FR\",\"@id\":\"https:\/\/ouvrir-son-coeur.fr\/#\/schema\/logo\/image\/\",\"url\":\"https:\/\/ouvrir-son-coeur.fr\/wp-content\/uploads\/2019\/10\/cropped-71673114_2509801119097527_6138808206555611136_o-15.jpg\",\"contentUrl\":\"https:\/\/ouvrir-son-coeur.fr\/wp-content\/uploads\/2019\/10\/cropped-71673114_2509801119097527_6138808206555611136_o-15.jpg\",\"width\":546,\"height\":505,\"caption\":\"Delphine ORIEUX\"},\"image\":{\"@id\":\"https:\/\/ouvrir-son-coeur.fr\/#\/schema\/logo\/image\/\"}},{\"@type\":\"Person\",\"@id\":\"https:\/\/ouvrir-son-coeur.fr\/#\/schema\/person\/79755406436a7adaddb901ee35a4d28c\",\"name\":\"Delphine\",\"image\":{\"@type\":\"ImageObject\",\"inLanguage\":\"fr-FR\",\"@id\":\"https:\/\/secure.gravatar.com\/avatar\/4feb5ead4d5221e0fd82faeb7afb26cb5db06cdb420750aab1923c6a5e1ac1ac?s=96&d=mm&r=g\",\"url\":\"https:\/\/secure.gravatar.com\/avatar\/4feb5ead4d5221e0fd82faeb7afb26cb5db06cdb420750aab1923c6a5e1ac1ac?s=96&d=mm&r=g\",\"contentUrl\":\"https:\/\/secure.gravatar.com\/avatar\/4feb5ead4d5221e0fd82faeb7afb26cb5db06cdb420750aab1923c6a5e1ac1ac?s=96&d=mm&r=g\",\"caption\":\"Delphine\"},\"url\":\"https:\/\/ouvrir-son-coeur.fr\/index.php\/author\/admin2719\/\"}]}<\/script>\n<!-- \/ Yoast SEO plugin. -->","yoast_head_json":{"title":"Les d\u00e9clencheurs d'\u00e9motions - Delphine ORIEUX","robots":{"index":"index","follow":"follow","max-snippet":"max-snippet:-1","max-image-preview":"max-image-preview:large","max-video-preview":"max-video-preview:-1"},"canonical":"https:\/\/ouvrir-son-coeur.fr\/index.php\/2020\/10\/01\/les-declencheurs-demotions\/","og_locale":"fr_FR","og_type":"article","og_title":"Les d\u00e9clencheurs d'\u00e9motions - Delphine ORIEUX","og_description":"A chaque instant de notre vie, nous vivons une situation, et nous sommes en interrelation avec d&rsquo;autres \u00eatres, et\/ou un lieu, et\/ou des objets, et\/ou un \u00e9tat \u00e9motionnel qui provient d&rsquo;ailleurs (du collectif ou d&rsquo;un ou plusieurs \u00eatres), dans un espace-temps, et ce m\u00eame quand nous ne faisons rien et que nous avons les yeux &hellip; Continue reading \"Les d\u00e9clencheurs d&rsquo;\u00e9motions\"","og_url":"https:\/\/ouvrir-son-coeur.fr\/index.php\/2020\/10\/01\/les-declencheurs-demotions\/","og_site_name":"Delphine ORIEUX","article_published_time":"2020-10-01T21:14:13+00:00","article_modified_time":"2020-10-03T21:36:17+00:00","og_image":[{"url":"https:\/\/ouvrir-son-coeur.fr\/wp-content\/uploads\/2020\/10\/swan-4013225_1280-1024x731.jpg","type":"","width":"","height":""}],"author":"Delphine","twitter_card":"summary_large_image","twitter_misc":{"\u00c9crit par":"Delphine","Dur\u00e9e de lecture estim\u00e9e":"7 minutes"},"schema":{"@context":"https:\/\/schema.org","@graph":[{"@type":"Article","@id":"https:\/\/ouvrir-son-coeur.fr\/index.php\/2020\/10\/01\/les-declencheurs-demotions\/#article","isPartOf":{"@id":"https:\/\/ouvrir-son-coeur.fr\/index.php\/2020\/10\/01\/les-declencheurs-demotions\/"},"author":{"name":"Delphine","@id":"https:\/\/ouvrir-son-coeur.fr\/#\/schema\/person\/79755406436a7adaddb901ee35a4d28c"},"headline":"Les d\u00e9clencheurs d&rsquo;\u00e9motions","datePublished":"2020-10-01T21:14:13+00:00","dateModified":"2020-10-03T21:36:17+00:00","mainEntityOfPage":{"@id":"https:\/\/ouvrir-son-coeur.fr\/index.php\/2020\/10\/01\/les-declencheurs-demotions\/"},"wordCount":1445,"publisher":{"@id":"https:\/\/ouvrir-son-coeur.fr\/#organization"},"image":{"@id":"https:\/\/ouvrir-son-coeur.fr\/index.php\/2020\/10\/01\/les-declencheurs-demotions\/#primaryimage"},"thumbnailUrl":"https:\/\/ouvrir-son-coeur.fr\/wp-content\/uploads\/2020\/10\/swan-4013225_1280.jpg","articleSection":["D\u00e9veloppement personnel","Evolution de conscience"],"inLanguage":"fr-FR"},{"@type":"WebPage","@id":"https:\/\/ouvrir-son-coeur.fr\/index.php\/2020\/10\/01\/les-declencheurs-demotions\/","url":"https:\/\/ouvrir-son-coeur.fr\/index.php\/2020\/10\/01\/les-declencheurs-demotions\/","name":"Les d\u00e9clencheurs d'\u00e9motions - Delphine ORIEUX","isPartOf":{"@id":"https:\/\/ouvrir-son-coeur.fr\/#website"},"primaryImageOfPage":{"@id":"https:\/\/ouvrir-son-coeur.fr\/index.php\/2020\/10\/01\/les-declencheurs-demotions\/#primaryimage"},"image":{"@id":"https:\/\/ouvrir-son-coeur.fr\/index.php\/2020\/10\/01\/les-declencheurs-demotions\/#primaryimage"},"thumbnailUrl":"https:\/\/ouvrir-son-coeur.fr\/wp-content\/uploads\/2020\/10\/swan-4013225_1280.jpg","datePublished":"2020-10-01T21:14:13+00:00","dateModified":"2020-10-03T21:36:17+00:00","breadcrumb":{"@id":"https:\/\/ouvrir-son-coeur.fr\/index.php\/2020\/10\/01\/les-declencheurs-demotions\/#breadcrumb"},"inLanguage":"fr-FR","potentialAction":[{"@type":"ReadAction","target":["https:\/\/ouvrir-son-coeur.fr\/index.php\/2020\/10\/01\/les-declencheurs-demotions\/"]}]},{"@type":"ImageObject","inLanguage":"fr-FR","@id":"https:\/\/ouvrir-son-coeur.fr\/index.php\/2020\/10\/01\/les-declencheurs-demotions\/#primaryimage","url":"https:\/\/ouvrir-son-coeur.fr\/wp-content\/uploads\/2020\/10\/swan-4013225_1280.jpg","contentUrl":"https:\/\/ouvrir-son-coeur.fr\/wp-content\/uploads\/2020\/10\/swan-4013225_1280.jpg","width":1280,"height":914},{"@type":"BreadcrumbList","@id":"https:\/\/ouvrir-son-coeur.fr\/index.php\/2020\/10\/01\/les-declencheurs-demotions\/#breadcrumb","itemListElement":[{"@type":"ListItem","position":1,"name":"Accueil","item":"https:\/\/ouvrir-son-coeur.fr\/"},{"@type":"ListItem","position":2,"name":"Les d\u00e9clencheurs d&rsquo;\u00e9motions"}]},{"@type":"WebSite","@id":"https:\/\/ouvrir-son-coeur.fr\/#website","url":"https:\/\/ouvrir-son-coeur.fr\/","name":"Delphine ORIEUX","description":"Ouvrir son coeur pour un retour \u00e0 soi","publisher":{"@id":"https:\/\/ouvrir-son-coeur.fr\/#organization"},"potentialAction":[{"@type":"SearchAction","target":{"@type":"EntryPoint","urlTemplate":"https:\/\/ouvrir-son-coeur.fr\/?s={search_term_string}"},"query-input":{"@type":"PropertyValueSpecification","valueRequired":true,"valueName":"search_term_string"}}],"inLanguage":"fr-FR"},{"@type":"Organization","@id":"https:\/\/ouvrir-son-coeur.fr\/#organization","name":"Delphine ORIEUX","url":"https:\/\/ouvrir-son-coeur.fr\/","logo":{"@type":"ImageObject","inLanguage":"fr-FR","@id":"https:\/\/ouvrir-son-coeur.fr\/#\/schema\/logo\/image\/","url":"https:\/\/ouvrir-son-coeur.fr\/wp-content\/uploads\/2019\/10\/cropped-71673114_2509801119097527_6138808206555611136_o-15.jpg","contentUrl":"https:\/\/ouvrir-son-coeur.fr\/wp-content\/uploads\/2019\/10\/cropped-71673114_2509801119097527_6138808206555611136_o-15.jpg","width":546,"height":505,"caption":"Delphine ORIEUX"},"image":{"@id":"https:\/\/ouvrir-son-coeur.fr\/#\/schema\/logo\/image\/"}},{"@type":"Person","@id":"https:\/\/ouvrir-son-coeur.fr\/#\/schema\/person\/79755406436a7adaddb901ee35a4d28c","name":"Delphine","image":{"@type":"ImageObject","inLanguage":"fr-FR","@id":"https:\/\/secure.gravatar.com\/avatar\/4feb5ead4d5221e0fd82faeb7afb26cb5db06cdb420750aab1923c6a5e1ac1ac?s=96&d=mm&r=g","url":"https:\/\/secure.gravatar.com\/avatar\/4feb5ead4d5221e0fd82faeb7afb26cb5db06cdb420750aab1923c6a5e1ac1ac?s=96&d=mm&r=g","contentUrl":"https:\/\/secure.gravatar.com\/avatar\/4feb5ead4d5221e0fd82faeb7afb26cb5db06cdb420750aab1923c6a5e1ac1ac?s=96&d=mm&r=g","caption":"Delphine"},"url":"https:\/\/ouvrir-son-coeur.fr\/index.php\/author\/admin2719\/"}]}},"_links":{"self":[{"href":"https:\/\/ouvrir-son-coeur.fr\/index.php\/wp-json\/wp\/v2\/posts\/1255","targetHints":{"allow":["GET"]}}],"collection":[{"href":"https:\/\/ouvrir-son-coeur.fr\/index.php\/wp-json\/wp\/v2\/posts"}],"about":[{"href":"https:\/\/ouvrir-son-coeur.fr\/index.php\/wp-json\/wp\/v2\/types\/post"}],"author":[{"embeddable":true,"href":"https:\/\/ouvrir-son-coeur.fr\/index.php\/wp-json\/wp\/v2\/users\/1"}],"replies":[{"embeddable":true,"href":"https:\/\/ouvrir-son-coeur.fr\/index.php\/wp-json\/wp\/v2\/comments?post=1255"}],"version-history":[{"count":7,"href":"https:\/\/ouvrir-son-coeur.fr\/index.php\/wp-json\/wp\/v2\/posts\/1255\/revisions"}],"predecessor-version":[{"id":1272,"href":"https:\/\/ouvrir-son-coeur.fr\/index.php\/wp-json\/wp\/v2\/posts\/1255\/revisions\/1272"}],"wp:featuredmedia":[{"embeddable":true,"href":"https:\/\/ouvrir-son-coeur.fr\/index.php\/wp-json\/wp\/v2\/media\/1260"}],"wp:attachment":[{"href":"https:\/\/ouvrir-son-coeur.fr\/index.php\/wp-json\/wp\/v2\/media?parent=1255"}],"wp:term":[{"taxonomy":"category","embeddable":true,"href":"https:\/\/ouvrir-son-coeur.fr\/index.php\/wp-json\/wp\/v2\/categories?post=1255"},{"taxonomy":"post_tag","embeddable":true,"href":"https:\/\/ouvrir-son-coeur.fr\/index.php\/wp-json\/wp\/v2\/tags?post=1255"}],"curies":[{"name":"wp","href":"https:\/\/api.w.org\/{rel}","templated":true}]}}