{"id":1167,"date":"2020-08-02T19:57:50","date_gmt":"2020-08-02T17:57:50","guid":{"rendered":"https:\/\/ouvrir-son-coeur.fr\/?p=1167"},"modified":"2020-12-31T09:27:36","modified_gmt":"2020-12-31T08:27:36","slug":"se-proteger-de-quoi-et-comment","status":"publish","type":"post","link":"https:\/\/ouvrir-son-coeur.fr\/index.php\/2020\/08\/02\/se-proteger-de-quoi-et-comment\/","title":{"rendered":"Se prot\u00e9ger de quoi et comment"},"content":{"rendered":"\n<figure class=\"wp-block-image size-large\"><img loading=\"lazy\" decoding=\"async\" width=\"1024\" height=\"627\" src=\"https:\/\/ouvrir-son-coeur.fr\/wp-content\/uploads\/2020\/08\/hands-1926414_1280-1024x627.jpg\" alt=\"\" class=\"wp-image-1174\" srcset=\"https:\/\/ouvrir-son-coeur.fr\/wp-content\/uploads\/2020\/08\/hands-1926414_1280-1024x627.jpg 1024w, https:\/\/ouvrir-son-coeur.fr\/wp-content\/uploads\/2020\/08\/hands-1926414_1280-300x184.jpg 300w, https:\/\/ouvrir-son-coeur.fr\/wp-content\/uploads\/2020\/08\/hands-1926414_1280-768x470.jpg 768w, https:\/\/ouvrir-son-coeur.fr\/wp-content\/uploads\/2020\/08\/hands-1926414_1280-1200x735.jpg 1200w, https:\/\/ouvrir-son-coeur.fr\/wp-content\/uploads\/2020\/08\/hands-1926414_1280.jpg 1280w\" sizes=\"auto, (max-width: 1024px) 100vw, 1024px\" \/><\/figure>\n\n\n<p style=\"text-align: justify;\">Sur le moment nous vibrons un \u00e9tat d&rsquo;\u00eatre et tout ce qui nous arrive est ce que nous attirons, de par notre vibration, par r\u00e9sonance.<\/p>\n<p style=\"text-align: justify;\">D&rsquo;o\u00f9 l&rsquo;importance d&rsquo;\u00eatre bien align\u00e9, avec sa lumi\u00e8re int\u00e9rieure, pour conna\u00eetre \u00e0 chaque instant, les \u00e9motions ou pens\u00e9es pr\u00e9dominantes qui influencent notre \u00e9tat d&rsquo;\u00eatre et donc notre vibration.<\/p>\n<p style=\"text-align: justify;\">Ressentir le besoin de se prot\u00e9ger signifie que nous vibrons l&rsquo;\u00e9tat d&rsquo;\u00eatre \u00ab\u00a0se sentir en danger et avoir peur de quelque chose\u00a0\u00bb. Donc nous attirons, par r\u00e9sonance, des situations qui nous font nous sentir en danger et qui nous maintiennent dans la peur de ce quelque chose.<\/p>\n<p style=\"text-align: justify;\">Cela peut s&rsquo;exprimer, par des informations que nous lisons ou entendons, par l&rsquo;interm\u00e9diaire de m\u00e9dias, de personnes ou autres, mais aussi par le fait d&rsquo;\u00eatre entour\u00e9 de gens qui ont peur \u00e9galement ou qui nous renvoient \u00e0 notre peur, ou par des sensations ou des croyances que nous sommes en danger par rapport \u00e0 ce quelque chose.<\/p>\n<p style=\"text-align: justify;\">Le corps est crisp\u00e9 et une sensation de mal-\u00eatre et d&rsquo;inconfort se fait sentir, nous respirons mal et nous provoquons cet \u00e9tat physique et \u00e9motionnel, par un ralentissement de notre vibration, qui finalement correspond \u00e0 une mauvaise alimentation en \u00e9nergie de nos corps, ce qui renforce encore plus la peur et l&rsquo;amplifie.<\/p>\n<p style=\"text-align: justify;\">Pour fuir la peur, pour chercher du r\u00e9confort et de la s\u00e9curit\u00e9, nous cherchons \u00e0 l&rsquo;ext\u00e9rieur de nous-m\u00eame, quelque chose qui nous rassure et qui att\u00e9nue cet \u00e9tat de stress important. Nous allons chercher des croyances, des objets, des pri\u00e8res, des pens\u00e9es pour quelqu&rsquo;un de cher, nous pouvons \u00e9galement chercher un coupable pour d\u00e9tourner l&rsquo;attention et s&rsquo;enlever toute responsabilit\u00e9. Nous allons chercher cela, dans\u00a0 l&rsquo;inconscient collectif, dans l&rsquo;entourage, dans les m\u00e9dias, dans la soci\u00e9t\u00e9, chez quelqu&rsquo;un qui nous para\u00eet \u00eatre un exemple, dans son enfance avec des souvenirs&#8230; partout sauf dans notre \u00eatre int\u00e9rieur.<\/p>\n<p style=\"text-align: justify;\">Pourtant, cet \u00e9tat d&rsquo;\u00eatre de se sentir en danger, attaqu\u00e9, d&rsquo;\u00eatre vuln\u00e9rable, d&rsquo;avoir peur, c&rsquo;est nous qui l&rsquo;avons vibr\u00e9 et qui par cons\u00e9quent avons abaiss\u00e9 nos vibrations.<\/p>\n<p style=\"text-align: justify;\">Pourquoi mettre la faute sur quelque chose ou quelqu&rsquo;un d&rsquo;autre alors que c&rsquo;est nous qui avons cr\u00e9\u00e9 ce sentiment de peur en nous?<\/p>\n<p style=\"text-align: justify;\">Pourquoi se prot\u00e9ger plut\u00f4t que de se lib\u00e9rer de la peur?<\/p>\n<p style=\"text-align: justify;\">C&rsquo;est encore la dualit\u00e9, qui nous fait penser que cela est n\u00e9cessaire et qui nous fait regarder l&rsquo;ext\u00e9rieur plut\u00f4t que l&rsquo;int\u00e9rieur: Le mal\/ le bien, \u00eatre en danger\/se prot\u00e9ger, peur\/amour, etc.<\/p>\n<p style=\"text-align: justify;\">L&rsquo;\u00e9quilibre int\u00e9rieur est la clef! Se souvenir que nous cr\u00e9ons notre r\u00e9alit\u00e9 et que nous sommes ma\u00eetre de notre vie, nous avons la puissance, l&rsquo;int\u00e9grit\u00e9, le choix, pour tout ce qui nous arrive, \u00e0 chaque instant, dans notre vie.<\/p>\n<p style=\"text-align: justify;\">S&rsquo;\u00e9quilibrer, c&rsquo;est trouver la force d&rsquo;agir, la volont\u00e9, reconna\u00eetre notre \u00eatre int\u00e9rieur libre et le laisser nous guider par l&rsquo;amour et la bienveillance que nous sommes par nature.<\/p>\n<p style=\"text-align: justify;\">Si la peur se montre dans notre vie, regardons l\u00e0, accueillons-l\u00e0 en nous, laissons-la nous traverser en confiance car rien ne peut nous arriver, si ce n&rsquo;est retrouver notre libert\u00e9 d&rsquo;\u00eatre.<\/p>\n<p style=\"text-align: justify;\">La peur est l&rsquo;indicateur d&rsquo;un traumatisme, d&rsquo;une blessure, d&rsquo;autres vies, d&rsquo;autres temps, ou d&rsquo;enfance, c&rsquo;est une partie de nous qui manque d&rsquo;amour, une partie non-\u00e9clair\u00e9e \u00e0 l&rsquo;int\u00e9rieur de nous, qui ne demande qu&rsquo;\u00e0 \u00eatre prise en consid\u00e9ration et \u00e0 \u00eatre aim\u00e9e pour ce qu&rsquo;elle est.<\/p>\n<p style=\"text-align: justify;\">Parfois, il est n\u00e9cessaire d&rsquo;aller chercher les v\u00e9ritables causes de nos peurs, \u00e0 l&rsquo;int\u00e9rieur de nous, en s&rsquo;\u00e9coutant. Parfois il suffit simplement de les laisser nous traverser, en l\u00e2chant prise, en relaxant son corps, en se pla\u00e7ant comme un observateur qui regarde la peur et qui lui donne toute son attention et son amour pour la r\u00e9conforter.<\/p>\n<p style=\"text-align: justify;\">Nous ne pouvons pas savoir avant d&rsquo;avoir rencontr\u00e9 la peur et de l&rsquo;avoir regard\u00e9 en face, quelles en sont les v\u00e9ritables causes, cela \u00e9tant propre \u00e0 chacun.<\/p>\n<p style=\"text-align: justify;\">Les causes sont multiples, vari\u00e9es et uniques pour chacun d&rsquo;entre nous, m\u00eame si des peurs et des croyances communes sont inh\u00e9rentes \u00e0 l&rsquo;humanit\u00e9 actuelle et \u00e0 l&rsquo;inconscient collectif.<\/p>\n<p style=\"text-align: justify;\">Chercher avec son mental est inutile car les r\u00e9ponses de l&rsquo;\u00e9go seront des banalit\u00e9s ou des g\u00e9n\u00e9ralit\u00e9s, qui ne nous lib\u00e8reront pas. S&rsquo;abandonner \u00e0 Soi, s&rsquo;\u00e9couter int\u00e9rieurement avec son c\u0153ur, dans le silence, derri\u00e8re toute pens\u00e9e, est la voie qui nous m\u00e8nera aux causes et \u00e0 la lib\u00e9ration de toute peur.<\/p>\n<p style=\"text-align: justify;\">Le tout premier r\u00e9flexe \u00e0 avoir pour sortir de l&rsquo;\u00e9tat d&rsquo;\u00eatre de peur est d&rsquo;\u00e9lever ses vibrations, en vibrant un \u00e9tat d&rsquo;\u00eatre de joie, de paix, de d\u00e9tente, d&rsquo;harmonie.<\/p>\n<p style=\"text-align: justify;\">Lorsque l&rsquo;on emprunte le chemin spirituel, la pri\u00e8re sinc\u00e8re, dans un \u00e9tat de gratitude, ou la m\u00e9ditation, aident \u00e0 se reconnecter \u00e0 Soi et \u00e0 \u00e9lever ses vibrations.<\/p>\n<p style=\"text-align: justify;\">Lorsque l&rsquo;on emprunte le chemin de la nature, aller se promener en mer, en montagne, o\u00f9 que ce soit en nature, aide \u00e0 se purifier en \u00e9levant les vibrations.<\/p>\n<p style=\"text-align: justify;\">Lorsque l&rsquo;on emprunte le chemin de la cr\u00e9ativit\u00e9, se connecter \u00e0 sa joie int\u00e9rieure, \u00e0 sa capacit\u00e9 de cr\u00e9ation, et cr\u00e9er, \u00e9l\u00e8ve ses vibrations.<\/p>\n<p style=\"text-align: justify;\">Lorsque l&rsquo;on emprunte\u00a0 le chemin de l&rsquo;enfant int\u00e9rieur, s&rsquo;amuser, rire, jouer, danser, chanter, communiquer avec l\u00e9g\u00e8ret\u00e9, permet de se reconnecter \u00e0 la partie de nous-m\u00eame la plus \u00e9lev\u00e9e.<\/p>\n<p style=\"text-align: justify;\">Quel que soit le chemin choisi ou emprunt\u00e9, sur l&rsquo;instant, la paix et la s\u00e9r\u00e9nit\u00e9 se trouvent \u00e0 l&rsquo;int\u00e9rieur de soi et non \u00e0 l&rsquo;ext\u00e9rieur.<\/p>\n<p style=\"text-align: justify;\">Allons \u00e0 la rencontre de nos \u00e9motions, pour se lib\u00e9rer de toutes limites et freins et retrouver notre \u00e9tat de bien-\u00eatre originel.<\/p>\n<p style=\"text-align: justify;\">Choisissons et portons attention sur des centres d&rsquo;attention, des activit\u00e9s, des conversations qui nous mettent en joie et qui nous \u00e9l\u00e8vent! Regardons le beau, m\u00eame dans ce qui peut para\u00eetre d\u00e9sagr\u00e9able!<\/p>\n<p style=\"text-align: justify;\">Ressentons de la joie et de la gratitude pour chaque chose, chaque \u00e9v\u00e8nement, chaque \u00eatre, qui, quelles que soient leurs natures, formes, buts ou origines, sont des \u00e9l\u00e9ments faisant partie de notre unit\u00e9, de notre monde, aidant \u00e0 faire comprendre ce qu&rsquo;est la v\u00e9ritable nature de l&rsquo;humanit\u00e9, l&rsquo;amour et la joie!<\/p>\n<p style=\"text-align: justify;\">Si nous ne voyons pas le beau dans le moche, nous nourrissons le moche pour lui donner encore plus d&rsquo;ampleur et amplifions davantage la peur inh\u00e9rente au moche.<\/p>\n<p style=\"text-align: justify;\">Le moche n&rsquo;est qu&rsquo;une partie qui manque d&rsquo;amour et qui n\u00e9cessite toute notre attention et notre amour, pour l&rsquo;aider \u00e0 se lib\u00e9rer, \u00e0 gu\u00e9rir et \u00e0 se transformer en beau.<\/p>\n<p style=\"text-align: justify;\">D\u00e9veloppons notre compassion pour le moche et soutenons-le, non en vibrant sa peur et le traumatisme qu&rsquo;il d\u00e9gage, mais en l&rsquo;entourant de notre amour, par nos vibrations, par notre sourire, par notre calme, par notre confiance en la vie et dans le d\u00e9roulement des choses, par notre bienveillance, par le fait de se sentir uni \u00e0 lui et de contribuer au bien de tous en voyant tous comme un et Soi comme tous.<\/p>\n<p style=\"text-align: justify;\">Se prot\u00e9ger, c&rsquo;est ne pas se reconna\u00eetre uni avec Soi, uni avec le monde. Se prot\u00e9ger c&rsquo;est opter pour la s\u00e9paration et l&rsquo;isolement, c&rsquo;est se couper de l&rsquo;amour, de notre nourriture \u00e9nerg\u00e9tique qui permet la vie et la joie!<\/p>\n<p style=\"text-align: justify;\">Se sentir: aim\u00e9 par Soi, align\u00e9 avec Soi, bien ancr\u00e9 et bien vivant dans ce monde, vivant de par nos \u00e9motions, dans le flux de la vie \u00e0 chaque instant, en s&rsquo;\u00e9coutant int\u00e9rieurement et en suivant ses intuitions; c&rsquo;est \u00eatre en paix, juste et \u00e0 sa place, dans sa vie, uni au monde, \u00e0 chaque instant!<\/p>\n<p style=\"text-align: justify;\">Dans cet \u00e9tat d&rsquo;\u00eatre, nous attirons toutes les situations qui nous mettent en s\u00e9curit\u00e9, dans l&rsquo;abondance, la joie et la paix, o\u00f9 que nous soyons, quelles que soient les situations, puisque nous nous laissons guider, \u00e0 chaque instant pour \u00eatre \u00e0 l&rsquo;endroit juste, au moment juste, avec les personnes justes pour nous, ici et maintenant.<\/p>","protected":false},"excerpt":{"rendered":"<p>Sur le moment nous vibrons un \u00e9tat d&rsquo;\u00eatre et tout ce qui nous arrive est ce que nous attirons, de par notre vibration, par r\u00e9sonance. D&rsquo;o\u00f9 l&rsquo;importance d&rsquo;\u00eatre bien align\u00e9, avec sa lumi\u00e8re int\u00e9rieure, pour conna\u00eetre \u00e0 chaque instant, les \u00e9motions ou pens\u00e9es pr\u00e9dominantes qui influencent notre \u00e9tat d&rsquo;\u00eatre et donc notre vibration. Ressentir le &hellip; <\/p>\n<p class=\"link-more\"><a href=\"https:\/\/ouvrir-son-coeur.fr\/index.php\/2020\/08\/02\/se-proteger-de-quoi-et-comment\/\" class=\"more-link\">Continue reading<span class=\"screen-reader-text\"> \u00ab\u00a0Se prot\u00e9ger de quoi et comment\u00a0\u00bb<\/span><\/a><\/p>\n","protected":false},"author":1,"featured_media":1174,"comment_status":"closed","ping_status":"closed","sticky":false,"template":"","format":"standard","meta":{"footnotes":""},"categories":[7,5],"tags":[],"class_list":["post-1167","post","type-post","status-publish","format-standard","has-post-thumbnail","hentry","category-developpement-personnel","category-evolution-de-conscience"],"yoast_head":"<!-- This site is optimized with the Yoast SEO plugin v27.2 - https:\/\/yoast.com\/product\/yoast-seo-wordpress\/ -->\n<title>Se prot\u00e9ger de quoi et comment - Delphine ORIEUX<\/title>\n<meta name=\"robots\" content=\"index, follow, max-snippet:-1, max-image-preview:large, max-video-preview:-1\" \/>\n<link rel=\"canonical\" href=\"https:\/\/ouvrir-son-coeur.fr\/index.php\/2020\/08\/02\/se-proteger-de-quoi-et-comment\/\" \/>\n<meta property=\"og:locale\" content=\"fr_FR\" \/>\n<meta property=\"og:type\" content=\"article\" \/>\n<meta property=\"og:title\" content=\"Se prot\u00e9ger de quoi et comment - Delphine ORIEUX\" \/>\n<meta property=\"og:description\" content=\"Sur le moment nous vibrons un \u00e9tat d&rsquo;\u00eatre et tout ce qui nous arrive est ce que nous attirons, de par notre vibration, par r\u00e9sonance. D&rsquo;o\u00f9 l&rsquo;importance d&rsquo;\u00eatre bien align\u00e9, avec sa lumi\u00e8re int\u00e9rieure, pour conna\u00eetre \u00e0 chaque instant, les \u00e9motions ou pens\u00e9es pr\u00e9dominantes qui influencent notre \u00e9tat d&rsquo;\u00eatre et donc notre vibration. Ressentir le &hellip; Continue reading &quot;Se prot\u00e9ger de quoi et comment&quot;\" \/>\n<meta property=\"og:url\" content=\"https:\/\/ouvrir-son-coeur.fr\/index.php\/2020\/08\/02\/se-proteger-de-quoi-et-comment\/\" \/>\n<meta property=\"og:site_name\" content=\"Delphine ORIEUX\" \/>\n<meta property=\"article:published_time\" content=\"2020-08-02T17:57:50+00:00\" \/>\n<meta property=\"article:modified_time\" content=\"2020-12-31T08:27:36+00:00\" \/>\n<meta property=\"og:image\" content=\"https:\/\/ouvrir-son-coeur.fr\/wp-content\/uploads\/2020\/08\/hands-1926414_1280-1024x627.jpg\" \/>\n<meta name=\"author\" content=\"Delphine\" \/>\n<meta name=\"twitter:card\" content=\"summary_large_image\" \/>\n<meta name=\"twitter:label1\" content=\"\u00c9crit par\" \/>\n\t<meta name=\"twitter:data1\" content=\"Delphine\" \/>\n\t<meta name=\"twitter:label2\" content=\"Dur\u00e9e de lecture estim\u00e9e\" \/>\n\t<meta name=\"twitter:data2\" content=\"7 minutes\" \/>\n<script type=\"application\/ld+json\" class=\"yoast-schema-graph\">{\"@context\":\"https:\/\/schema.org\",\"@graph\":[{\"@type\":\"Article\",\"@id\":\"https:\/\/ouvrir-son-coeur.fr\/index.php\/2020\/08\/02\/se-proteger-de-quoi-et-comment\/#article\",\"isPartOf\":{\"@id\":\"https:\/\/ouvrir-son-coeur.fr\/index.php\/2020\/08\/02\/se-proteger-de-quoi-et-comment\/\"},\"author\":{\"name\":\"Delphine\",\"@id\":\"https:\/\/ouvrir-son-coeur.fr\/#\/schema\/person\/79755406436a7adaddb901ee35a4d28c\"},\"headline\":\"Se prot\u00e9ger de quoi et comment\",\"datePublished\":\"2020-08-02T17:57:50+00:00\",\"dateModified\":\"2020-12-31T08:27:36+00:00\",\"mainEntityOfPage\":{\"@id\":\"https:\/\/ouvrir-son-coeur.fr\/index.php\/2020\/08\/02\/se-proteger-de-quoi-et-comment\/\"},\"wordCount\":1354,\"publisher\":{\"@id\":\"https:\/\/ouvrir-son-coeur.fr\/#organization\"},\"image\":{\"@id\":\"https:\/\/ouvrir-son-coeur.fr\/index.php\/2020\/08\/02\/se-proteger-de-quoi-et-comment\/#primaryimage\"},\"thumbnailUrl\":\"https:\/\/ouvrir-son-coeur.fr\/wp-content\/uploads\/2020\/08\/hands-1926414_1280.jpg\",\"articleSection\":[\"D\u00e9veloppement personnel\",\"Evolution de conscience\"],\"inLanguage\":\"fr-FR\"},{\"@type\":\"WebPage\",\"@id\":\"https:\/\/ouvrir-son-coeur.fr\/index.php\/2020\/08\/02\/se-proteger-de-quoi-et-comment\/\",\"url\":\"https:\/\/ouvrir-son-coeur.fr\/index.php\/2020\/08\/02\/se-proteger-de-quoi-et-comment\/\",\"name\":\"Se prot\u00e9ger de quoi et comment - Delphine ORIEUX\",\"isPartOf\":{\"@id\":\"https:\/\/ouvrir-son-coeur.fr\/#website\"},\"primaryImageOfPage\":{\"@id\":\"https:\/\/ouvrir-son-coeur.fr\/index.php\/2020\/08\/02\/se-proteger-de-quoi-et-comment\/#primaryimage\"},\"image\":{\"@id\":\"https:\/\/ouvrir-son-coeur.fr\/index.php\/2020\/08\/02\/se-proteger-de-quoi-et-comment\/#primaryimage\"},\"thumbnailUrl\":\"https:\/\/ouvrir-son-coeur.fr\/wp-content\/uploads\/2020\/08\/hands-1926414_1280.jpg\",\"datePublished\":\"2020-08-02T17:57:50+00:00\",\"dateModified\":\"2020-12-31T08:27:36+00:00\",\"breadcrumb\":{\"@id\":\"https:\/\/ouvrir-son-coeur.fr\/index.php\/2020\/08\/02\/se-proteger-de-quoi-et-comment\/#breadcrumb\"},\"inLanguage\":\"fr-FR\",\"potentialAction\":[{\"@type\":\"ReadAction\",\"target\":[\"https:\/\/ouvrir-son-coeur.fr\/index.php\/2020\/08\/02\/se-proteger-de-quoi-et-comment\/\"]}]},{\"@type\":\"ImageObject\",\"inLanguage\":\"fr-FR\",\"@id\":\"https:\/\/ouvrir-son-coeur.fr\/index.php\/2020\/08\/02\/se-proteger-de-quoi-et-comment\/#primaryimage\",\"url\":\"https:\/\/ouvrir-son-coeur.fr\/wp-content\/uploads\/2020\/08\/hands-1926414_1280.jpg\",\"contentUrl\":\"https:\/\/ouvrir-son-coeur.fr\/wp-content\/uploads\/2020\/08\/hands-1926414_1280.jpg\",\"width\":1280,\"height\":784},{\"@type\":\"BreadcrumbList\",\"@id\":\"https:\/\/ouvrir-son-coeur.fr\/index.php\/2020\/08\/02\/se-proteger-de-quoi-et-comment\/#breadcrumb\",\"itemListElement\":[{\"@type\":\"ListItem\",\"position\":1,\"name\":\"Accueil\",\"item\":\"https:\/\/ouvrir-son-coeur.fr\/\"},{\"@type\":\"ListItem\",\"position\":2,\"name\":\"Se prot\u00e9ger de quoi et comment\"}]},{\"@type\":\"WebSite\",\"@id\":\"https:\/\/ouvrir-son-coeur.fr\/#website\",\"url\":\"https:\/\/ouvrir-son-coeur.fr\/\",\"name\":\"Delphine ORIEUX\",\"description\":\"Ouvrir son coeur pour un retour \u00e0 soi\",\"publisher\":{\"@id\":\"https:\/\/ouvrir-son-coeur.fr\/#organization\"},\"potentialAction\":[{\"@type\":\"SearchAction\",\"target\":{\"@type\":\"EntryPoint\",\"urlTemplate\":\"https:\/\/ouvrir-son-coeur.fr\/?s={search_term_string}\"},\"query-input\":{\"@type\":\"PropertyValueSpecification\",\"valueRequired\":true,\"valueName\":\"search_term_string\"}}],\"inLanguage\":\"fr-FR\"},{\"@type\":\"Organization\",\"@id\":\"https:\/\/ouvrir-son-coeur.fr\/#organization\",\"name\":\"Delphine ORIEUX\",\"url\":\"https:\/\/ouvrir-son-coeur.fr\/\",\"logo\":{\"@type\":\"ImageObject\",\"inLanguage\":\"fr-FR\",\"@id\":\"https:\/\/ouvrir-son-coeur.fr\/#\/schema\/logo\/image\/\",\"url\":\"https:\/\/ouvrir-son-coeur.fr\/wp-content\/uploads\/2019\/10\/cropped-71673114_2509801119097527_6138808206555611136_o-15.jpg\",\"contentUrl\":\"https:\/\/ouvrir-son-coeur.fr\/wp-content\/uploads\/2019\/10\/cropped-71673114_2509801119097527_6138808206555611136_o-15.jpg\",\"width\":546,\"height\":505,\"caption\":\"Delphine ORIEUX\"},\"image\":{\"@id\":\"https:\/\/ouvrir-son-coeur.fr\/#\/schema\/logo\/image\/\"}},{\"@type\":\"Person\",\"@id\":\"https:\/\/ouvrir-son-coeur.fr\/#\/schema\/person\/79755406436a7adaddb901ee35a4d28c\",\"name\":\"Delphine\",\"image\":{\"@type\":\"ImageObject\",\"inLanguage\":\"fr-FR\",\"@id\":\"https:\/\/secure.gravatar.com\/avatar\/4feb5ead4d5221e0fd82faeb7afb26cb5db06cdb420750aab1923c6a5e1ac1ac?s=96&d=mm&r=g\",\"url\":\"https:\/\/secure.gravatar.com\/avatar\/4feb5ead4d5221e0fd82faeb7afb26cb5db06cdb420750aab1923c6a5e1ac1ac?s=96&d=mm&r=g\",\"contentUrl\":\"https:\/\/secure.gravatar.com\/avatar\/4feb5ead4d5221e0fd82faeb7afb26cb5db06cdb420750aab1923c6a5e1ac1ac?s=96&d=mm&r=g\",\"caption\":\"Delphine\"},\"url\":\"https:\/\/ouvrir-son-coeur.fr\/index.php\/author\/admin2719\/\"}]}<\/script>\n<!-- \/ Yoast SEO plugin. -->","yoast_head_json":{"title":"Se prot\u00e9ger de quoi et comment - Delphine ORIEUX","robots":{"index":"index","follow":"follow","max-snippet":"max-snippet:-1","max-image-preview":"max-image-preview:large","max-video-preview":"max-video-preview:-1"},"canonical":"https:\/\/ouvrir-son-coeur.fr\/index.php\/2020\/08\/02\/se-proteger-de-quoi-et-comment\/","og_locale":"fr_FR","og_type":"article","og_title":"Se prot\u00e9ger de quoi et comment - Delphine ORIEUX","og_description":"Sur le moment nous vibrons un \u00e9tat d&rsquo;\u00eatre et tout ce qui nous arrive est ce que nous attirons, de par notre vibration, par r\u00e9sonance. D&rsquo;o\u00f9 l&rsquo;importance d&rsquo;\u00eatre bien align\u00e9, avec sa lumi\u00e8re int\u00e9rieure, pour conna\u00eetre \u00e0 chaque instant, les \u00e9motions ou pens\u00e9es pr\u00e9dominantes qui influencent notre \u00e9tat d&rsquo;\u00eatre et donc notre vibration. Ressentir le &hellip; Continue reading \"Se prot\u00e9ger de quoi et comment\"","og_url":"https:\/\/ouvrir-son-coeur.fr\/index.php\/2020\/08\/02\/se-proteger-de-quoi-et-comment\/","og_site_name":"Delphine ORIEUX","article_published_time":"2020-08-02T17:57:50+00:00","article_modified_time":"2020-12-31T08:27:36+00:00","og_image":[{"url":"https:\/\/ouvrir-son-coeur.fr\/wp-content\/uploads\/2020\/08\/hands-1926414_1280-1024x627.jpg","type":"","width":"","height":""}],"author":"Delphine","twitter_card":"summary_large_image","twitter_misc":{"\u00c9crit par":"Delphine","Dur\u00e9e de lecture estim\u00e9e":"7 minutes"},"schema":{"@context":"https:\/\/schema.org","@graph":[{"@type":"Article","@id":"https:\/\/ouvrir-son-coeur.fr\/index.php\/2020\/08\/02\/se-proteger-de-quoi-et-comment\/#article","isPartOf":{"@id":"https:\/\/ouvrir-son-coeur.fr\/index.php\/2020\/08\/02\/se-proteger-de-quoi-et-comment\/"},"author":{"name":"Delphine","@id":"https:\/\/ouvrir-son-coeur.fr\/#\/schema\/person\/79755406436a7adaddb901ee35a4d28c"},"headline":"Se prot\u00e9ger de quoi et comment","datePublished":"2020-08-02T17:57:50+00:00","dateModified":"2020-12-31T08:27:36+00:00","mainEntityOfPage":{"@id":"https:\/\/ouvrir-son-coeur.fr\/index.php\/2020\/08\/02\/se-proteger-de-quoi-et-comment\/"},"wordCount":1354,"publisher":{"@id":"https:\/\/ouvrir-son-coeur.fr\/#organization"},"image":{"@id":"https:\/\/ouvrir-son-coeur.fr\/index.php\/2020\/08\/02\/se-proteger-de-quoi-et-comment\/#primaryimage"},"thumbnailUrl":"https:\/\/ouvrir-son-coeur.fr\/wp-content\/uploads\/2020\/08\/hands-1926414_1280.jpg","articleSection":["D\u00e9veloppement personnel","Evolution de conscience"],"inLanguage":"fr-FR"},{"@type":"WebPage","@id":"https:\/\/ouvrir-son-coeur.fr\/index.php\/2020\/08\/02\/se-proteger-de-quoi-et-comment\/","url":"https:\/\/ouvrir-son-coeur.fr\/index.php\/2020\/08\/02\/se-proteger-de-quoi-et-comment\/","name":"Se prot\u00e9ger de quoi et comment - Delphine ORIEUX","isPartOf":{"@id":"https:\/\/ouvrir-son-coeur.fr\/#website"},"primaryImageOfPage":{"@id":"https:\/\/ouvrir-son-coeur.fr\/index.php\/2020\/08\/02\/se-proteger-de-quoi-et-comment\/#primaryimage"},"image":{"@id":"https:\/\/ouvrir-son-coeur.fr\/index.php\/2020\/08\/02\/se-proteger-de-quoi-et-comment\/#primaryimage"},"thumbnailUrl":"https:\/\/ouvrir-son-coeur.fr\/wp-content\/uploads\/2020\/08\/hands-1926414_1280.jpg","datePublished":"2020-08-02T17:57:50+00:00","dateModified":"2020-12-31T08:27:36+00:00","breadcrumb":{"@id":"https:\/\/ouvrir-son-coeur.fr\/index.php\/2020\/08\/02\/se-proteger-de-quoi-et-comment\/#breadcrumb"},"inLanguage":"fr-FR","potentialAction":[{"@type":"ReadAction","target":["https:\/\/ouvrir-son-coeur.fr\/index.php\/2020\/08\/02\/se-proteger-de-quoi-et-comment\/"]}]},{"@type":"ImageObject","inLanguage":"fr-FR","@id":"https:\/\/ouvrir-son-coeur.fr\/index.php\/2020\/08\/02\/se-proteger-de-quoi-et-comment\/#primaryimage","url":"https:\/\/ouvrir-son-coeur.fr\/wp-content\/uploads\/2020\/08\/hands-1926414_1280.jpg","contentUrl":"https:\/\/ouvrir-son-coeur.fr\/wp-content\/uploads\/2020\/08\/hands-1926414_1280.jpg","width":1280,"height":784},{"@type":"BreadcrumbList","@id":"https:\/\/ouvrir-son-coeur.fr\/index.php\/2020\/08\/02\/se-proteger-de-quoi-et-comment\/#breadcrumb","itemListElement":[{"@type":"ListItem","position":1,"name":"Accueil","item":"https:\/\/ouvrir-son-coeur.fr\/"},{"@type":"ListItem","position":2,"name":"Se prot\u00e9ger de quoi et comment"}]},{"@type":"WebSite","@id":"https:\/\/ouvrir-son-coeur.fr\/#website","url":"https:\/\/ouvrir-son-coeur.fr\/","name":"Delphine ORIEUX","description":"Ouvrir son coeur pour un retour \u00e0 soi","publisher":{"@id":"https:\/\/ouvrir-son-coeur.fr\/#organization"},"potentialAction":[{"@type":"SearchAction","target":{"@type":"EntryPoint","urlTemplate":"https:\/\/ouvrir-son-coeur.fr\/?s={search_term_string}"},"query-input":{"@type":"PropertyValueSpecification","valueRequired":true,"valueName":"search_term_string"}}],"inLanguage":"fr-FR"},{"@type":"Organization","@id":"https:\/\/ouvrir-son-coeur.fr\/#organization","name":"Delphine ORIEUX","url":"https:\/\/ouvrir-son-coeur.fr\/","logo":{"@type":"ImageObject","inLanguage":"fr-FR","@id":"https:\/\/ouvrir-son-coeur.fr\/#\/schema\/logo\/image\/","url":"https:\/\/ouvrir-son-coeur.fr\/wp-content\/uploads\/2019\/10\/cropped-71673114_2509801119097527_6138808206555611136_o-15.jpg","contentUrl":"https:\/\/ouvrir-son-coeur.fr\/wp-content\/uploads\/2019\/10\/cropped-71673114_2509801119097527_6138808206555611136_o-15.jpg","width":546,"height":505,"caption":"Delphine ORIEUX"},"image":{"@id":"https:\/\/ouvrir-son-coeur.fr\/#\/schema\/logo\/image\/"}},{"@type":"Person","@id":"https:\/\/ouvrir-son-coeur.fr\/#\/schema\/person\/79755406436a7adaddb901ee35a4d28c","name":"Delphine","image":{"@type":"ImageObject","inLanguage":"fr-FR","@id":"https:\/\/secure.gravatar.com\/avatar\/4feb5ead4d5221e0fd82faeb7afb26cb5db06cdb420750aab1923c6a5e1ac1ac?s=96&d=mm&r=g","url":"https:\/\/secure.gravatar.com\/avatar\/4feb5ead4d5221e0fd82faeb7afb26cb5db06cdb420750aab1923c6a5e1ac1ac?s=96&d=mm&r=g","contentUrl":"https:\/\/secure.gravatar.com\/avatar\/4feb5ead4d5221e0fd82faeb7afb26cb5db06cdb420750aab1923c6a5e1ac1ac?s=96&d=mm&r=g","caption":"Delphine"},"url":"https:\/\/ouvrir-son-coeur.fr\/index.php\/author\/admin2719\/"}]}},"_links":{"self":[{"href":"https:\/\/ouvrir-son-coeur.fr\/index.php\/wp-json\/wp\/v2\/posts\/1167","targetHints":{"allow":["GET"]}}],"collection":[{"href":"https:\/\/ouvrir-son-coeur.fr\/index.php\/wp-json\/wp\/v2\/posts"}],"about":[{"href":"https:\/\/ouvrir-son-coeur.fr\/index.php\/wp-json\/wp\/v2\/types\/post"}],"author":[{"embeddable":true,"href":"https:\/\/ouvrir-son-coeur.fr\/index.php\/wp-json\/wp\/v2\/users\/1"}],"replies":[{"embeddable":true,"href":"https:\/\/ouvrir-son-coeur.fr\/index.php\/wp-json\/wp\/v2\/comments?post=1167"}],"version-history":[{"count":9,"href":"https:\/\/ouvrir-son-coeur.fr\/index.php\/wp-json\/wp\/v2\/posts\/1167\/revisions"}],"predecessor-version":[{"id":1360,"href":"https:\/\/ouvrir-son-coeur.fr\/index.php\/wp-json\/wp\/v2\/posts\/1167\/revisions\/1360"}],"wp:featuredmedia":[{"embeddable":true,"href":"https:\/\/ouvrir-son-coeur.fr\/index.php\/wp-json\/wp\/v2\/media\/1174"}],"wp:attachment":[{"href":"https:\/\/ouvrir-son-coeur.fr\/index.php\/wp-json\/wp\/v2\/media?parent=1167"}],"wp:term":[{"taxonomy":"category","embeddable":true,"href":"https:\/\/ouvrir-son-coeur.fr\/index.php\/wp-json\/wp\/v2\/categories?post=1167"},{"taxonomy":"post_tag","embeddable":true,"href":"https:\/\/ouvrir-son-coeur.fr\/index.php\/wp-json\/wp\/v2\/tags?post=1167"}],"curies":[{"name":"wp","href":"https:\/\/api.w.org\/{rel}","templated":true}]}}